{"id":152004,"date":"2019-03-22T16:01:07","date_gmt":"2019-03-22T15:01:07","guid":{"rendered":"http:\/\/www.leccecronaca.it\/?p=152004"},"modified":"2019-03-22T16:03:51","modified_gmt":"2019-03-22T15:03:51","slug":"il-lecce-il-prepartita-7","status":"publish","type":"post","link":"https:\/\/www.leccecronaca.it\/index.php\/2019\/03\/22\/il-lecce-il-prepartita-7\/","title":{"rendered":"IL LECCE \/ IL PREPARTITA"},"content":{"rendered":"<p><img decoding=\"async\" loading=\"lazy\" class=\"alignnone wp-image-152005 size-full\" src=\"https:\/\/www.leccecronaca.it\/wordpress\/wp-content\/uploads\/2019\/03\/download-3.jpg\" alt=\"\" width=\"654\" height=\"368\" srcset=\"https:\/\/www.leccecronaca.it\/wordpress\/wp-content\/uploads\/2019\/03\/download-3.jpg 654w, https:\/\/www.leccecronaca.it\/wordpress\/wp-content\/uploads\/2019\/03\/download-3-300x169.jpg 300w\" sizes=\"(max-width: 654px) 100vw, 654px\" \/>(Rdl)______Anche il campionato di serie B si ferma nel fine settimana, per gli impgni della Nazionale, ma non per il Lecce e per l&#8217; Ascoli, chiamati a recuperare l&#8217;incontro sospeso dopo pochi secondi il 1\u00b0 febbraio per l&#8217;infortunio occorso a Scavone.<\/p>\n<p>Si gioca al Via del Mare sabato 23 marzo alle 18.00.<\/p>\n<p>Al termine dell&#8217;allenamento odierno, mister <strong>Fabio Liverani<\/strong> ha incontrato i giornalisti, ecco una sintesi delle sue dichiarazioni.<\/p>\n<p><em>&#8220;Come a Crotone, anche domani mancheranno Bovo, Fiamozzi, Palombi e Scavone. <\/em><\/p>\n<p><em>Affronteremo una squadra che ha mantenuto una sua identit\u00e0, rispetto alla gara del 1\u00b0 febbraio, ha una sua certezza di come giocare a calcio. Dispongono di calciatori esperti, scaltri e con qualit\u00e0 tecniche e per questo ci aspetter\u00e0 una gara tosta, ma noi abbiamo i giocatori per dare seguito a quello che vogliamo. \u00a0<\/em><\/p>\n<p><em>Noi e loro, in questo momento, abbiamo degli obiettivi differenti, ma questo poi sul campo non vorr\u00e0 dire nulla. <\/em><\/p>\n<p><em>Nel match di domani la spunter\u00e0 che avr\u00e0 la meglio sulle giocate singole, nei duelli individuali. Se manteniamo la stessa umilt\u00e0, voglia e determinazione delle ultime uscite, credo che la squadra possa arrivare ad un risultato importante. <\/em><\/p>\n<p><em>Quello di domani \u00e8 un risultato fondamentale, vitale, in quanto giocheremo solo noi, \u00e8 una opportunit\u00e0 molto ghiotta\u201d.<\/em><\/p>\n<p>&nbsp;<\/p>\n<p>Ed ecco la risposta a distanza del collega<strong> Vincenzo Vivarini <\/strong>(nella foto): <em>&#8220;Anche\u00a0per noi, \u00e8 un&#8217;opportunit\u00e0 molto importante, questa gara va giocata con la massima motivazione, con grande voglia di ottenere il risultato contro una squadra che ha dimostrato d&#8217;essere finora una delle migliori del campionato. Per noi la partita \u00e8 importante perch\u00e9 in questo momento dobbiamo guardare molto alla salvezza, sarebbero punti vitali.<\/em><\/p>\n<p><em>Arriviamo a questa gara con dei problemi, speravamo di arrivarci meglio perch\u00e9 abbiamo alcune defezioni,\u00a0Ardemagni\u00a0\u00e8 rientrato ma chiaramente non \u00e8 al top della condizione.\u00a0\u00a0<\/em><\/p>\n<p><em>Il Lecce \u00e8 squadra ben delineata, con giocatori di un livello molto alto&#8230; Firmare per il pari? Mai,\u00a0non firmo mai prima per un pareggio, bisogna giocarsi la partita, con coraggio, aggressivit\u00e0, con le idee chiare sul da farsi, mi interessa fare una prestazione molto importante&#8221;.\u00a0<\/em><\/p>\n<p>&nbsp;<\/p>\n<fb:like href='https:\/\/www.leccecronaca.it\/index.php\/2019\/03\/22\/il-lecce-il-prepartita-7\/' send='true' layout='button_count' show_faces='true' width='450' height='65' action='recommend' colorscheme='light' font='lucida grande'><\/fb:like><span class=\"fb_share\"><fb:like href=\"https:\/\/www.leccecronaca.it\/index.php\/2019\/03\/22\/il-lecce-il-prepartita-7\/\" layout=\"button_count\"><\/fb:like><\/span>","protected":false},"excerpt":{"rendered":"<p>(Rdl)______Anche il campionato di serie B si ferma nel fine settimana, per gli impgni della Nazionale, ma non per il Lecce e per l&#8217; Ascoli, chiamati a recuperare l&#8217;incontro sospeso dopo pochi secondi il 1\u00b0 febbraio per l&#8217;infortunio occorso a Scavone. Si gioca al Via del Mare sabato 23 marzo alle 18.00. Al termine dell&#8217;allenamento [&hellip;]<\/p>\n","protected":false},"author":4,"featured_media":152005,"comment_status":"open","ping_status":"closed","sticky":false,"template":"","format":"standard","meta":[],"categories":[28],"tags":[],"_links":{"self":[{"href":"https:\/\/www.leccecronaca.it\/index.php\/wp-json\/wp\/v2\/posts\/152004"}],"collection":[{"href":"https:\/\/www.leccecronaca.it\/index.php\/wp-json\/wp\/v2\/posts"}],"about":[{"href":"https:\/\/www.leccecronaca.it\/index.php\/wp-json\/wp\/v2\/types\/post"}],"author":[{"embeddable":true,"href":"https:\/\/www.leccecronaca.it\/index.php\/wp-json\/wp\/v2\/users\/4"}],"replies":[{"embeddable":true,"href":"https:\/\/www.leccecronaca.it\/index.php\/wp-json\/wp\/v2\/comments?post=152004"}],"version-history":[{"count":1,"href":"https:\/\/www.leccecronaca.it\/index.php\/wp-json\/wp\/v2\/posts\/152004\/revisions"}],"predecessor-version":[{"id":152006,"href":"https:\/\/www.leccecronaca.it\/index.php\/wp-json\/wp\/v2\/posts\/152004\/revisions\/152006"}],"wp:featuredmedia":[{"embeddable":true,"href":"https:\/\/www.leccecronaca.it\/index.php\/wp-json\/wp\/v2\/media\/152005"}],"wp:attachment":[{"href":"https:\/\/www.leccecronaca.it\/index.php\/wp-json\/wp\/v2\/media?parent=152004"}],"wp:term":[{"taxonomy":"category","embeddable":true,"href":"https:\/\/www.leccecronaca.it\/index.php\/wp-json\/wp\/v2\/categories?post=152004"},{"taxonomy":"post_tag","embeddable":true,"href":"https:\/\/www.leccecronaca.it\/index.php\/wp-json\/wp\/v2\/tags?post=152004"}],"curies":[{"name":"wp","href":"https:\/\/api.w.org\/{rel}","templated":true}]}}