{"id":153011,"date":"2019-04-18T14:41:06","date_gmt":"2019-04-18T12:41:06","guid":{"rendered":"http:\/\/www.leccecronaca.it\/?p=153011"},"modified":"2019-04-18T14:41:06","modified_gmt":"2019-04-18T12:41:06","slug":"la-fissa-di-moussa","status":"publish","type":"post","link":"https:\/\/www.leccecronaca.it\/index.php\/2019\/04\/18\/la-fissa-di-moussa\/","title":{"rendered":"LA &#8216;FISSA&#8217; DI MOUSSA"},"content":{"rendered":"<p><img decoding=\"async\" loading=\"lazy\" class=\"alignnone size-medium wp-image-153012\" src=\"https:\/\/www.leccecronaca.it\/wordpress\/wp-content\/uploads\/2019\/04\/sprar-300x225-1-300x225.jpg\" alt=\"\" width=\"300\" height=\"225\" \/>(e.l.)______<\/p>\n<p>E niente, deve essere pi\u00f9 forte di lui. La fissa, di Moussa Traore. Arrestato e posto ai domiciliari, dopo un giorno \u00e8 evaso, e, ieri sera, \u00e8 andato di nuovo a molestare\u00a0 la sua vittima sul posto di lavoro a Surbo.\u00a0 E&#8217; stato per\u00f2 notato e segnalato ai Carabinieri, che lo hanno fermato nonostante avesse tentato di fuggire. Questa volta \u00e8 stato portato nel carcere di Borgo San Nicola.______<\/p>\n<p>LA RICERCA nel nostro articolo di ieri<\/p>\n<blockquote class=\"wp-embedded-content\" data-secret=\"NCWBzgZ0rH\"><p><a href=\"https:\/\/www.leccecronaca.it\/index.php\/2019\/04\/17\/la-difficile-integrazione-di-un-giovane-della-guinea\/\">LA DIFFICILE INTEGRAZIONE DI UN GIOVANE DELLA GUINEA<\/a><\/p><\/blockquote>\n<p><iframe class=\"wp-embedded-content\" sandbox=\"allow-scripts\" security=\"restricted\" style=\"position: absolute; clip: rect(1px, 1px, 1px, 1px);\" src=\"https:\/\/www.leccecronaca.it\/index.php\/2019\/04\/17\/la-difficile-integrazione-di-un-giovane-della-guinea\/embed\/#?secret=NCWBzgZ0rH\" data-secret=\"NCWBzgZ0rH\" width=\"500\" height=\"282\" title=\"&#8220;LA DIFFICILE INTEGRAZIONE DI UN GIOVANE DELLA GUINEA&#8221; &#8212; LecceCronaca.it\" frameborder=\"0\" marginwidth=\"0\" marginheight=\"0\" scrolling=\"no\"><\/iframe><\/p>\n<p>&nbsp;<\/p>\n<fb:like href='https:\/\/www.leccecronaca.it\/index.php\/2019\/04\/18\/la-fissa-di-moussa\/' send='true' layout='button_count' show_faces='true' width='450' height='65' action='recommend' colorscheme='light' font='lucida grande'><\/fb:like><span class=\"fb_share\"><fb:like href=\"https:\/\/www.leccecronaca.it\/index.php\/2019\/04\/18\/la-fissa-di-moussa\/\" layout=\"button_count\"><\/fb:like><\/span>","protected":false},"excerpt":{"rendered":"<p>(e.l.)______ E niente, deve essere pi\u00f9 forte di lui. La fissa, di Moussa Traore. Arrestato e posto ai domiciliari, dopo un giorno \u00e8 evaso, e, ieri sera, \u00e8 andato di nuovo a molestare\u00a0 la sua vittima sul posto di lavoro a Surbo.\u00a0 E&#8217; stato per\u00f2 notato e segnalato ai Carabinieri, che lo hanno fermato nonostante [&hellip;]<\/p>\n","protected":false},"author":4,"featured_media":153012,"comment_status":"open","ping_status":"closed","sticky":false,"template":"","format":"standard","meta":[],"categories":[69],"tags":[],"_links":{"self":[{"href":"https:\/\/www.leccecronaca.it\/index.php\/wp-json\/wp\/v2\/posts\/153011"}],"collection":[{"href":"https:\/\/www.leccecronaca.it\/index.php\/wp-json\/wp\/v2\/posts"}],"about":[{"href":"https:\/\/www.leccecronaca.it\/index.php\/wp-json\/wp\/v2\/types\/post"}],"author":[{"embeddable":true,"href":"https:\/\/www.leccecronaca.it\/index.php\/wp-json\/wp\/v2\/users\/4"}],"replies":[{"embeddable":true,"href":"https:\/\/www.leccecronaca.it\/index.php\/wp-json\/wp\/v2\/comments?post=153011"}],"version-history":[{"count":1,"href":"https:\/\/www.leccecronaca.it\/index.php\/wp-json\/wp\/v2\/posts\/153011\/revisions"}],"predecessor-version":[{"id":153013,"href":"https:\/\/www.leccecronaca.it\/index.php\/wp-json\/wp\/v2\/posts\/153011\/revisions\/153013"}],"wp:featuredmedia":[{"embeddable":true,"href":"https:\/\/www.leccecronaca.it\/index.php\/wp-json\/wp\/v2\/media\/153012"}],"wp:attachment":[{"href":"https:\/\/www.leccecronaca.it\/index.php\/wp-json\/wp\/v2\/media?parent=153011"}],"wp:term":[{"taxonomy":"category","embeddable":true,"href":"https:\/\/www.leccecronaca.it\/index.php\/wp-json\/wp\/v2\/categories?post=153011"},{"taxonomy":"post_tag","embeddable":true,"href":"https:\/\/www.leccecronaca.it\/index.php\/wp-json\/wp\/v2\/tags?post=153011"}],"curies":[{"name":"wp","href":"https:\/\/api.w.org\/{rel}","templated":true}]}}