{"id":153078,"date":"2019-04-21T09:43:47","date_gmt":"2019-04-21T07:43:47","guid":{"rendered":"http:\/\/www.leccecronaca.it\/?p=153078"},"modified":"2019-04-21T09:49:11","modified_gmt":"2019-04-21T07:49:11","slug":"la-follia-linutilita-i-danni-e-le-beffe-degli-abbattimenti-dei-nostri-fratelli-ulivi-spiegate-con-un-esempio-pratico-dietro-gli-enormi-interessi-degli-speculatori-della-frode-xylella","status":"publish","type":"post","link":"https:\/\/www.leccecronaca.it\/index.php\/2019\/04\/21\/la-follia-linutilita-i-danni-e-le-beffe-degli-abbattimenti-dei-nostri-fratelli-ulivi-spiegate-con-un-esempio-pratico-dietro-gli-enormi-interessi-degli-speculatori-della-frode-xylella\/","title":{"rendered":"LA FOLLIA, L&#8217;INUTILITA&#8217;, I DANNI E LE BEFFE DEGLI ABBATTIMENTI DEI NOSTRI FRATELLI ULIVI SPIEGATI CON UN ESEMPIO PRATICO. DIETRO, GLI ENORMI INTERESSI DEGLI SPECULATORI DELLA FRODE XYLELLA"},"content":{"rendered":"<p><img decoding=\"async\" loading=\"lazy\" class=\"alignnone wp-image-153079 size-full\" src=\"https:\/\/www.leccecronaca.it\/wordpress\/wp-content\/uploads\/2019\/04\/br-1.jpg\" alt=\"\" width=\"960\" height=\"720\" srcset=\"https:\/\/www.leccecronaca.it\/wordpress\/wp-content\/uploads\/2019\/04\/br-1.jpg 960w, https:\/\/www.leccecronaca.it\/wordpress\/wp-content\/uploads\/2019\/04\/br-1-300x225.jpg 300w, https:\/\/www.leccecronaca.it\/wordpress\/wp-content\/uploads\/2019\/04\/br-1-768x576.jpg 768w, https:\/\/www.leccecronaca.it\/wordpress\/wp-content\/uploads\/2019\/04\/br-1-400x300.jpg 400w\" sizes=\"(max-width: 960px) 100vw, 960px\" \/>(Rdl)______Il Movimento No Tap della Provincia di Brindisi ha pubblicato oggi sulla sua pagina Facebook, in cui sta monitorando costantemente gli scempi ambientali della costruzione del gasdotto, una storia di ordinaria burocrazia e di ordinaria follia, a proposito della cos\u00ec detta &#8216;emergenza&#8217; Xylella.<\/p>\n<p>La pubblichiamo qui di seguito integralmente, perch\u00e9 permette di farsi un&#8217;idea precisa, e nei fatti, in pratica, della situazione.<\/p>\n<p>Nei link sottostanti, poi, ulteriore documentazione, con i nostri due articoli di venerd\u00ec e di gioved\u00ec scorsi, in cui l&#8217;intera questione viene affrontata in maniera diversa, ma ugualmente preziosa per capire che cosa stia avvenendo______<\/p>\n<p>Xylella: 160 ulivi da sradicare in Contrada Mascava in agro di Brindisi, illegittimo.<\/p>\n<p>La determina regionale 37 del 18 marzo 2019 prescrive l\u2019estirpazione di 160 piante di ulivo infette per il contenimento della diffusione della Xylella Fastidiosa in agro di Brindisi. Secondo il Movimento No TAP di Brindisi tale determina \u00e8 irregolare e l\u2019estirpazione sta avvenendo oltre i termini prescrittivi: perci\u00f2 per l\u2019ARIF, cio\u00e8 l\u2019Agenzia Regionale per le Attivit\u00e0 Irrigue e Forestali della Puglia, ente competente per gli sradicamenti, non eradicazioni (si sradica un albero, si eradica un batterio) , viene stabilito dalla determina \u201cche chiunque non adempie alle disposizioni impartite ovvero provoca ritardi nella loro applicazioni \u00e8 perseguibile ai sensi degli artt. 500 e 650 c.p.\u201d.<\/p>\n<p>Spieghiamo i dettagli: le 160 piante infette, individuate nel monitoraggio luglio 2017-aprile 2018, localizzate nelle aree di cui alla DDS 109 del 19 aprile 2018&#8243;, e quindi ricadenti nella ex zona contenimento, ma oggi superata dalla Decisione (UE) 2018\/927\/UE del 27\/06\/2018 che ha aggiornato le aree delimitate alla Xylella fastidiosa sottospecie Pauca ST53, estendendo la zona infetta a tutta la Provincia di Brindisi, non hanno pi\u00f9 alcuna motivazione per essere estirpate, dato che anche la norma regionale DGR 1890 di ottobre 2018, citata nella determina, colloca l\u2019obbligo di estirpazione a 20 km dalla zona di contenimento: in effetti non ha pi\u00f9 senso eliminare alberi della zona infetta distanti dalla zona di possibile diffusione a nord del batterio.<\/p>\n<p>Invece si procede per \u201cdare continuit\u00e0 amministrativa, nonostante la sopravvenuta Decisione UE 2018\/927\u201d,<strong> senza senso.\u00a0<\/strong><\/p>\n<p>Gli alberi in determina si trovano quasi tutti concentrati ai due lati della SS 16 Brindisi \u2013 San Vito dei Normanni, passato il cavalcavia per la stazione di San Vito nelle Contrade Mascava, Grottamiranda fino a Serranova.<\/p>\n<p>La determina di sradicamento viene pubblicata sull\u2019albo pretorio del Comune con foglio, particella e nome del proprietario, che ha dieci giorni per provvedere lui all\u2019estirpazione, altrimenti, \u201callo scadere del suddetto periodo di 10 giorni &#8230;. l&#8217;ARIF dovr\u00e0 provvedere nei successivi 10 giorni consecutivi a <strong>effettuare il trattamento fitosanitario preventivamente all&#8217;estirpazione&#8230;. utilizzando prodotti a base di acetamiprid o deltametrina<\/strong> autorizzati su olivo contro il Philaenus spumarius <strong>(sostanze vietate in molti paesi dell\u2019Unione Europea)<\/strong> ed estirpare le piante infette secondo le procedure Rep n. 021203 del 23\/10\/2018.<\/p>\n<p>Riepilogando: la determina \u00e8 del 18 marzo, pi\u00f9 3 giorni di pubblicazione pi\u00f9 10 giorni di affissione all\u2019albo pretorio, l\u2019ARIF avrebbe gi\u00e0 dovuto estirpare gli ulivi, vista l\u2019emergenza e \u201ca pena per non adempiere alle disposizioni impartite ovvero provocare ritardi nella loro applicazioni \u00e8 perseguibile ai sensi degli artt. 500 e 650 c.p.\u201d: l\u2019estirpazione sarebbe dovuta avvenire nel periodo compreso tra l\u2019uno e il 10 aprile, invece i 13 alberi del foglio17 particella 875 di propriet\u00e0 di Tedesco Cosimo sono stati estirpati il 19 aprile e non ci risultano ad oggi altre estirpazioni dei 160 alberi in determina&#8230; A Pasqua andremo a fare un giro se estirpano&#8230;<\/p>\n<p>Ricordiamo che i proprietari hanno diritto a un piccolo contributo, al netto delle spese di estirpazioni riconosciute ad ARIF, e \u201cche <strong>il proprietario \/conduttore<\/strong> delle piante di ulivo, ricadenti in area vincolata paesaggisticamente, in adempimento alle prescrizioni della Sopraintendenza, <strong>dovr\u00e0 procedere al reimpianto con le variet\u00e0 di olivo di cui alla DDS n. 274 del 04\/05\/2018 e n. 280 del 17\/05\/2018<\/strong>, &#8230; , ad integrazione di quanto espiantato \u201d. Oltre al danno anche la beffa.<\/p>\n<p>I proprietari di ulivi dovrebbero tutti i giorni collegarsi al sito dell\u2019ARIF o all\u2019albo pretorio del proprio Comune per sapere se avranno ancora i loro ulivi, non possono fare controanalisi anche se i loro alberi sono verdi e produttivi, non possono fare ricorsi in autotutela, subiscono il danno e si ritrovano il legno infetto dei fusti sul terreno e devono persino reimpiantare leccino (portainnesto) o Favolosa (una piantina adatta a colture superintensive, non singole) perch\u00e9 tutti i 160 ulivi da estirpare ricadono in zona di vincolo paesaggistico nazionale\u2026<\/p>\n<p>Chiediamo alla Regione di annullare tale determina perch\u00e9 superata dalla Decisione (UE) 2018\/927\/UE del 27\/06\/2018 e perch\u00e9 le estirpazioni stanno avvenendo ben oltre i 20 giorni prescritti in emergenza contro la diffusione del batterio e l\u2019ARIF, secondo la determina, \u00e8 perseguibile ai sensi degli artt. 500 e 650 c.p. per il ritardo nell\u2019adempiere alle disposizioni impartite, perci\u00f2 intimiamo all\u2019ARIF di non proseguire con ulteriori estirpazioni della suddetta determina n. 37 in agro di Brindisi, perch\u00e9 fuori tempo prescrittivo.______<\/p>\n<p>L&#8217; APPROFONDIMENTO nei nostri articoli del 19 e del 18 aprile scorsi<\/p>\n<blockquote class=\"wp-embedded-content\" data-secret=\"zAKwrMVsDa\"><p><a href=\"https:\/\/www.leccecronaca.it\/index.php\/2019\/04\/19\/dodici-fratelli-ulivi-monumentali-abbattuti-a-ostuni-con-il-pretesto-della-cosi-detta-emergenza-comincia-a-concretizzarsi-il-progetto-del-potere-mafioso-della-frode-xylella\/\">DODICI NOSTRI FRATELLI ULIVI MONUMENTALI ABBATTUTI A OSTUNI. CON IL PRETESTO DELLA COSI&#8217; DETTA &#8216;EMERGENZA&#8217; COMINCIA A CONCRETIZZARSI IL PROGETTO DEL POTERE MAFIOSO RIUNITOSI SULLA FRODE XYLELLA<\/a><\/p><\/blockquote>\n<p><iframe class=\"wp-embedded-content\" sandbox=\"allow-scripts\" security=\"restricted\" style=\"position: absolute; clip: rect(1px, 1px, 1px, 1px);\" src=\"https:\/\/www.leccecronaca.it\/index.php\/2019\/04\/19\/dodici-fratelli-ulivi-monumentali-abbattuti-a-ostuni-con-il-pretesto-della-cosi-detta-emergenza-comincia-a-concretizzarsi-il-progetto-del-potere-mafioso-della-frode-xylella\/embed\/#?secret=zAKwrMVsDa\" data-secret=\"zAKwrMVsDa\" width=\"500\" height=\"282\" title=\"&#8220;DODICI NOSTRI FRATELLI ULIVI MONUMENTALI ABBATTUTI A OSTUNI. CON IL PRETESTO DELLA COSI&#8217; DETTA &#8216;EMERGENZA&#8217; COMINCIA A CONCRETIZZARSI IL PROGETTO DEL POTERE MAFIOSO RIUNITOSI SULLA FRODE XYLELLA&#8221; &#8212; LecceCronaca.it\" frameborder=\"0\" marginwidth=\"0\" marginheight=\"0\" scrolling=\"no\"><\/iframe><\/p>\n<blockquote class=\"wp-embedded-content\" data-secret=\"ffUedHp3wX\"><p><a href=\"https:\/\/www.leccecronaca.it\/index.php\/2019\/04\/18\/solidarieta-all-on-sara-cunial-attacco-frontale-al-m5s-taditori-ma-ce-ne-pure-e-in-abbondanza-per-stefano-minerva-bugiardo-e-ignorante-la-dirompente-assemblea-del-popolo-degli-ul\/\">SOLIDARIETA&#8217; ALL&#8217; ON. SARA CUNIAL. ATTACCO FRONTALE AL M5S, &#8216;TRADITORI&#8217;. MA CE N&#8217;E&#8217; PURE E IN ABBONDANZA PER STEFANO MINERVA DEL PD, &#8216;BUGIARDO E IGNORANTE&#8217;. LA DIROMPENTE ASSEMBLEA DEL POPOLO DEGLI ULIVI DI QUESTA SERA A LECCE, DIVENTATA &#8220;la rivendicazione del diritto dei Salentini al loro territorio&#8221;<\/a><\/p><\/blockquote>\n<p><iframe class=\"wp-embedded-content\" sandbox=\"allow-scripts\" security=\"restricted\" style=\"position: absolute; clip: rect(1px, 1px, 1px, 1px);\" src=\"https:\/\/www.leccecronaca.it\/index.php\/2019\/04\/18\/solidarieta-all-on-sara-cunial-attacco-frontale-al-m5s-taditori-ma-ce-ne-pure-e-in-abbondanza-per-stefano-minerva-bugiardo-e-ignorante-la-dirompente-assemblea-del-popolo-degli-ul\/embed\/#?secret=ffUedHp3wX\" data-secret=\"ffUedHp3wX\" width=\"500\" height=\"282\" title=\"&#8220;SOLIDARIETA&#8217; ALL&#8217; ON. SARA CUNIAL. ATTACCO FRONTALE AL M5S, &#8216;TRADITORI&#8217;. MA CE N&#8217;E&#8217; PURE E IN ABBONDANZA PER STEFANO MINERVA DEL PD, &#8216;BUGIARDO E IGNORANTE&#8217;. LA DIROMPENTE ASSEMBLEA DEL POPOLO DEGLI ULIVI DI QUESTA SERA A LECCE, DIVENTATA &#8220;la rivendicazione del diritto dei Salentini al loro territorio&#8221;&#8221; &#8212; LecceCronaca.it\" frameborder=\"0\" marginwidth=\"0\" marginheight=\"0\" scrolling=\"no\"><\/iframe><\/p>\n<fb:like href='https:\/\/www.leccecronaca.it\/index.php\/2019\/04\/21\/la-follia-linutilita-i-danni-e-le-beffe-degli-abbattimenti-dei-nostri-fratelli-ulivi-spiegate-con-un-esempio-pratico-dietro-gli-enormi-interessi-degli-speculatori-della-frode-xylella\/' send='true' layout='button_count' show_faces='true' width='450' height='65' action='recommend' colorscheme='light' font='lucida grande'><\/fb:like><span class=\"fb_share\"><fb:like href=\"https:\/\/www.leccecronaca.it\/index.php\/2019\/04\/21\/la-follia-linutilita-i-danni-e-le-beffe-degli-abbattimenti-dei-nostri-fratelli-ulivi-spiegate-con-un-esempio-pratico-dietro-gli-enormi-interessi-degli-speculatori-della-frode-xylella\/\" layout=\"button_count\"><\/fb:like><\/span>","protected":false},"excerpt":{"rendered":"<p>(Rdl)______Il Movimento No Tap della Provincia di Brindisi ha pubblicato oggi sulla sua pagina Facebook, in cui sta monitorando costantemente gli scempi ambientali della costruzione del gasdotto, una storia di ordinaria burocrazia e di ordinaria follia, a proposito della cos\u00ec detta &#8216;emergenza&#8217; Xylella. La pubblichiamo qui di seguito integralmente, perch\u00e9 permette di farsi un&#8217;idea precisa, [&hellip;]<\/p>\n","protected":false},"author":4,"featured_media":153079,"comment_status":"open","ping_status":"closed","sticky":false,"template":"","format":"standard","meta":[],"categories":[69,76],"tags":[],"_links":{"self":[{"href":"https:\/\/www.leccecronaca.it\/index.php\/wp-json\/wp\/v2\/posts\/153078"}],"collection":[{"href":"https:\/\/www.leccecronaca.it\/index.php\/wp-json\/wp\/v2\/posts"}],"about":[{"href":"https:\/\/www.leccecronaca.it\/index.php\/wp-json\/wp\/v2\/types\/post"}],"author":[{"embeddable":true,"href":"https:\/\/www.leccecronaca.it\/index.php\/wp-json\/wp\/v2\/users\/4"}],"replies":[{"embeddable":true,"href":"https:\/\/www.leccecronaca.it\/index.php\/wp-json\/wp\/v2\/comments?post=153078"}],"version-history":[{"count":4,"href":"https:\/\/www.leccecronaca.it\/index.php\/wp-json\/wp\/v2\/posts\/153078\/revisions"}],"predecessor-version":[{"id":153083,"href":"https:\/\/www.leccecronaca.it\/index.php\/wp-json\/wp\/v2\/posts\/153078\/revisions\/153083"}],"wp:featuredmedia":[{"embeddable":true,"href":"https:\/\/www.leccecronaca.it\/index.php\/wp-json\/wp\/v2\/media\/153079"}],"wp:attachment":[{"href":"https:\/\/www.leccecronaca.it\/index.php\/wp-json\/wp\/v2\/media?parent=153078"}],"wp:term":[{"taxonomy":"category","embeddable":true,"href":"https:\/\/www.leccecronaca.it\/index.php\/wp-json\/wp\/v2\/categories?post=153078"},{"taxonomy":"post_tag","embeddable":true,"href":"https:\/\/www.leccecronaca.it\/index.php\/wp-json\/wp\/v2\/tags?post=153078"}],"curies":[{"name":"wp","href":"https:\/\/api.w.org\/{rel}","templated":true}]}}