{"id":153438,"date":"2019-04-28T18:03:28","date_gmt":"2019-04-28T16:03:28","guid":{"rendered":"http:\/\/www.leccecronaca.it\/?p=153438"},"modified":"2019-04-28T18:04:05","modified_gmt":"2019-04-28T16:04:05","slug":"un-cuore-amico-sempre-piu-grande","status":"publish","type":"post","link":"https:\/\/www.leccecronaca.it\/index.php\/2019\/04\/28\/un-cuore-amico-sempre-piu-grande\/","title":{"rendered":"UN &#8216;CUORE AMICO&#8217; SEMPRE PIU&#8217; GRANDE"},"content":{"rendered":"<p><img decoding=\"async\" loading=\"lazy\" class=\"alignleft wp-image-153439 size-full\" src=\"https:\/\/www.leccecronaca.it\/wordpress\/wp-content\/uploads\/2019\/04\/cuoreamico-foto-di-gruppo.jpg\" alt=\"\" width=\"1600\" height=\"765\" srcset=\"https:\/\/www.leccecronaca.it\/wordpress\/wp-content\/uploads\/2019\/04\/cuoreamico-foto-di-gruppo.jpg 1600w, https:\/\/www.leccecronaca.it\/wordpress\/wp-content\/uploads\/2019\/04\/cuoreamico-foto-di-gruppo-300x143.jpg 300w, https:\/\/www.leccecronaca.it\/wordpress\/wp-content\/uploads\/2019\/04\/cuoreamico-foto-di-gruppo-1024x490.jpg 1024w, https:\/\/www.leccecronaca.it\/wordpress\/wp-content\/uploads\/2019\/04\/cuoreamico-foto-di-gruppo-768x367.jpg 768w, https:\/\/www.leccecronaca.it\/wordpress\/wp-content\/uploads\/2019\/04\/cuoreamico-foto-di-gruppo-1536x734.jpg 1536w\" sizes=\"(max-width: 1600px) 100vw, 1600px\" \/>Riceviamo e volentieri pubblichiamo. L&#8217; Onlus Cuore Amico ci manda il seguente comunicato______<\/p>\n<p>Domenica di festa per il Salento in Piazza Duomo a Lecce; l\u2019associazione Onlus CuoreAmico ha consegnato, dopo la benedizione dell&#8217;arcivescovo mons. Michele Seccia, i frutti della raccolta fondi dell&#8217;ultimo anno.<\/p>\n<p>La onlus sostiene i bambini salentini affetti da gravi patologie, d\u00e0 un supporto alle loro famiglie intervenendo dove il servizio sanitario nazionale non arriva. Ed \u00e8 cos\u00ec che, in 18 anni, ha cambiato il modo di approcciarsi alla disabilit\u00e0, \u00e8 intervenuta sul territorio fidandosi della gente. E la gente, ben presto, si \u00e8 fidata di CuoreAmico, della sua trasparenza e della sua concretezza. E queste vetture, che significano libert\u00e0 e comodit\u00e0 per i ragazzi in sedia a rotelle, sono diventate parte del Salento stesso.<\/p>\n<p>Fino a ora sono stati donati 4.479.980 euro e 17 centesimi, 156 auto attrezzate, per 589 bambini entrati nel cuore di tutti.<\/p>\n<p>Tutto \u00e8 stato reso pi\u00f9 allegro e colorato dall&#8217;associazione &#8220;Portatori sani di sorrisi&#8221; che ha fatto divertire grandi e bambini e poi c&#8217;erano gli amici di sempre che durante tutto l&#8217;anno sono attivamente impegnati per la onlus. Quest&#8217;anno sono state consegnate tre auto a Marco, Matteo e Gloria, e due contributi economici a Maila e Chiara.<\/p>\n<p>A tirare le somme della sua creatura, da bravo pap\u00e0, \u00e8 il fondatore e presidente Paolo Pagliaro, che non dimentica mai un pensiero per i bimbi di CuoreAmico che non ci sono pi\u00f9: <em>\u201cSiamo maggiorenni, possiamo dirlo, la nostra associazione \u00e8 nata nel 2001 e dal primo giorno ha iniziato questo cammino con un entusiasmo incredibile che non cesser\u00e0 mai, anzi cresce di giorno in giorno, di anno in anno. La nostra macchina organizzativa, formata da persone eccezionali, \u00e8 sempre in movimento. Abbiamo una squadra di persone pronte ad intercettare e raccogliere le richieste delle famiglie per sottoporle poi al comitato scientifico. Ringrazio tutti per l\u2019impegno ma il grazie pi\u00f9 grande lo rivolgo a tutti i salentini che ci danno una mano e al loro grande cuore che proprio in giorni come questo prende forma, diventa sostanza, grazie alla solidariet\u00e0, e ci regala grandi emozioni perch\u00e9 ammirare sempre la bellezza della forza che unisce il popolo salentino, di fronte al bisogno dell\u2019anello pi\u00f9 debole della nostra societ\u00e0, \u00e8 semplicemente strabiliante\u201d.<\/em><\/p>\n<p>In piazza anche un gruppo di turisti arrivati di New York. Erano in Valle d&#8217;Itria quando hanno espresso il desiderio di voler partecipare a un&#8217;iniziativa solidale proprio qui, nella terra che hanno scelto per la loro vacanza.<\/p>\n<p>E allora Marialba Pandolfini di Tourango, grande amica di CuoreAmico, ha segnalato al tour operator la onlus salentina. Ha spiegato cos&#8217;\u00e8 e cosa fa il Progetto Salento Solidariet\u00e0, e il gruppo americano non ha avuto dubbi: si \u00e8 fatto accompagnare in piazza Duomo per fare un versamento di cui, come \u00e8 nostra abitudine fare, vi diremo quanto prima l&#8217;importo.<\/p>\n<p>Le cose belle viaggiano lontano, CuoreAmico abbatte anche le barriere della distanza. E diventa pi\u00f9 forte che mai.<\/p>\n<p>&nbsp;<\/p>\n<fb:like href='https:\/\/www.leccecronaca.it\/index.php\/2019\/04\/28\/un-cuore-amico-sempre-piu-grande\/' send='true' layout='button_count' show_faces='true' width='450' height='65' action='recommend' colorscheme='light' font='lucida grande'><\/fb:like><span class=\"fb_share\"><fb:like href=\"https:\/\/www.leccecronaca.it\/index.php\/2019\/04\/28\/un-cuore-amico-sempre-piu-grande\/\" layout=\"button_count\"><\/fb:like><\/span>","protected":false},"excerpt":{"rendered":"<p>Riceviamo e volentieri pubblichiamo. L&#8217; Onlus Cuore Amico ci manda il seguente comunicato______ Domenica di festa per il Salento in Piazza Duomo a Lecce; l\u2019associazione Onlus CuoreAmico ha consegnato, dopo la benedizione dell&#8217;arcivescovo mons. Michele Seccia, i frutti della raccolta fondi dell&#8217;ultimo anno. La onlus sostiene i bambini salentini affetti da gravi patologie, d\u00e0 un [&hellip;]<\/p>\n","protected":false},"author":4,"featured_media":153439,"comment_status":"open","ping_status":"closed","sticky":false,"template":"","format":"standard","meta":[],"categories":[69,36],"tags":[],"_links":{"self":[{"href":"https:\/\/www.leccecronaca.it\/index.php\/wp-json\/wp\/v2\/posts\/153438"}],"collection":[{"href":"https:\/\/www.leccecronaca.it\/index.php\/wp-json\/wp\/v2\/posts"}],"about":[{"href":"https:\/\/www.leccecronaca.it\/index.php\/wp-json\/wp\/v2\/types\/post"}],"author":[{"embeddable":true,"href":"https:\/\/www.leccecronaca.it\/index.php\/wp-json\/wp\/v2\/users\/4"}],"replies":[{"embeddable":true,"href":"https:\/\/www.leccecronaca.it\/index.php\/wp-json\/wp\/v2\/comments?post=153438"}],"version-history":[{"count":1,"href":"https:\/\/www.leccecronaca.it\/index.php\/wp-json\/wp\/v2\/posts\/153438\/revisions"}],"predecessor-version":[{"id":153440,"href":"https:\/\/www.leccecronaca.it\/index.php\/wp-json\/wp\/v2\/posts\/153438\/revisions\/153440"}],"wp:featuredmedia":[{"embeddable":true,"href":"https:\/\/www.leccecronaca.it\/index.php\/wp-json\/wp\/v2\/media\/153439"}],"wp:attachment":[{"href":"https:\/\/www.leccecronaca.it\/index.php\/wp-json\/wp\/v2\/media?parent=153438"}],"wp:term":[{"taxonomy":"category","embeddable":true,"href":"https:\/\/www.leccecronaca.it\/index.php\/wp-json\/wp\/v2\/categories?post=153438"},{"taxonomy":"post_tag","embeddable":true,"href":"https:\/\/www.leccecronaca.it\/index.php\/wp-json\/wp\/v2\/tags?post=153438"}],"curies":[{"name":"wp","href":"https:\/\/api.w.org\/{rel}","templated":true}]}}