{"id":153498,"date":"2019-05-12T16:38:25","date_gmt":"2019-05-12T14:38:25","guid":{"rendered":"http:\/\/www.leccecronaca.it\/?p=153498"},"modified":"2019-09-25T12:59:57","modified_gmt":"2019-09-25T10:59:57","slug":"aspettando-nando-ivan-raganato","status":"publish","type":"post","link":"https:\/\/www.leccecronaca.it\/index.php\/2019\/05\/12\/aspettando-nando-ivan-raganato\/","title":{"rendered":"ASPETTANDO NANDO \/ IVAN RAGANATO PARLA DEL MUSICAL &#8220;Superstar&#8221;"},"content":{"rendered":"<p><img decoding=\"async\" loading=\"lazy\" class=\"alignleft size-full wp-image-153977\" src=\"https:\/\/www.leccecronaca.it\/wordpress\/wp-content\/uploads\/2019\/05\/ipeg.jpg\" alt=\"\" width=\"3508\" height=\"4961\" \/>di <strong>Emanuela Boccassini<\/strong>______<\/p>\n<p><strong><span style=\"color: #ff0000;\">Ivan Raganato<\/span><\/strong>\u00a0(nel disegno di <strong>Giuseppe Mauro<\/strong>, per i progetti di album a fumetti, e di fotoromanzo, collegati al musical) non \u00e8 solo un attore di altissimo livello, dal curriculum immenso&#8230; Basti pensare che si \u00e8 diplomato presso la Scuola Internazionale di Teatro a Roma; che ha studiato canto, ballo liscio unificato, ballo da sala, danze latino-americane, elementi di danza primitiva, ebraica e contemporanea, coreografia, espressione corporale, dizione; e che come attore e regista, ha portato in scena in tutta Italia autori quali Ionesco, Checov, Pirandello, Euripide; oltre ad aver lavorato anche nel cinema, con Comencini; nella fiction tv con Oldoini; nella lirica con la Ricciarelli.<\/p>\n<p>Ecco, ma \u00e8 anche e soprattutto un uomo dalla spiccata umanit\u00e0.<\/p>\n<p>\u00c8 integerrimo, leale, sincero, simpatico, e i suoi occhi azzurri trasmettono tutta la sua passione e la sua seriet\u00e0. Ama il suo &#8220;lavoro&#8221; e quando parla dell&#8217;attivit\u00e0 teatrale non la chiama &#8220;carriera&#8221;, ma vocazione, termine che &#8220;racconta&#8221; Ivan, come attore e come uomo.<\/p>\n<p>Una vocazione che scalpita in lui sin da bambino: a dieci anni sale sul palco le prime volte come cantante&#8230; Udite udite, canta pure!<\/p>\n<p>Durante il liceo andava dal maestro Salvatore Solida per degli esperimenti di tecnica teatrale. Crea e riempie il proprio bagaglio esperienziale, culturale e lavorativo in giro per l&#8217;Italia e poi ritorna nel suo paese natio, Copertino, dove, nel 1990 d\u00e0 vita alla sua nuova famiglia, Scena Muta, scuola e centro di formazione artistica \u2012 nella quale si svolgono varie attivit\u00e0, tra cui stage, audizioni, spettacoli, concerti, eventi, formazione e continuo aggiornamento\u2012 ma anche officina di idee e di pregevoli produzioni artistiche.<\/p>\n<p>La sua vocazione, lo scorso anno, porta Ivan a realizzare con Giuseppe Puppo, autore del testo, un successo teatrale incredibile,<em> La Dea Trans<\/em>. La regia e la sua interpretazione di Carlotta Paiano, famosa trans leccese scomparsa nel 2017, hanno palesato, ancora una volta, la straordinaria abilit\u00e0 e bravura di Raganato e la validit\u00e0 del teatro salentino.<\/p>\n<p>&nbsp;<\/p>\n<p>Hanno collaborato al trionfo dello spettacolo i bravissimi attori della compagnia teatrale Scena Muta, per un cammeo l\u2019editore Stefano Donno e la poetessa Chiara Evangelista, e la ballerina Alisia Mariano. Da non tralasciare i contributi artistici di Max Persano e Nandu Popu.<\/p>\n<p>Il muscista dei Sud Sound System incrocer\u00e0 ora nuovamente la strada artistica di Ivan Raganato nel nuovo lavoro dell&#8217;attore copertinese, <span style=\"color: #ff0000;\"><strong>Superstar<\/strong><\/span>.<\/p>\n<p>Ancora una volta \u00e8 il direttore di leccecronaca.it\u00a0 Puppo che propone a Raganato la regia e la recitazione di un personaggio particolare, particolarissimo, del suo testo: del resto, &#8220;squadra che vince non si cambia&#8221;.<\/p>\n<p>Nell&#8217;occasione, abbiamo incontrato Ivan Raganato, per fargli alcune domande.<\/p>\n<p>&nbsp;<\/p>\n<p>&#8211; Come mai, dopo aver vissuto fuori dai confini Pugliesi, \u00e8 ritornato nel Salento?<\/p>\n<p><em>&#8211; &#8220;Perch\u00e9 sono malato\u2026 di \u201csalentitudine\u201d\u2026Sono e resto uno zingaro, ma radici e cuore non si tradiscono mai!&#8221;<\/em><\/p>\n<p>&nbsp;<\/p>\n<p>&#8211; Come si \u00e8 avvicinato al Teatro?<\/p>\n<p><em>&#8211; &#8220;Mia madre studiava pedagogia, ma doveva preparare un esame di critica cinematografica. Per prepararsi invit\u00f2 a casa Giuseppe De Santis e da allora fui fulminato. Certo non mi sono dedicato al cinema, ma al teatro. In una Copertino povera di realt\u00e0 teatrali, durante il liceo scientifico, mi sono confrontato con la realt\u00e0 leccese, soprattutto con Salvatore Solida, ma subito dopo il diploma sono andato a Roma e ho tentato l\u2019esame di ammissione presso l\u2019Accademia internazionale di Teatro, e mi \u00e8 andata bene!&#8221;<\/em><\/p>\n<p>&nbsp;<\/p>\n<p>&#8211; E, in tempi pi\u00f9 recenti, come ha incontrato Giuseppe Puppo?<\/p>\n<p>&#8211;<em> &#8220;Il &#8216;responsabile&#8217; \u00e8 l&#8217;editore Stefano Donno, il quale mi chiese di registrare un video leggendo qualcosa su Pier Paolo Pasolini per conto di Giuseppe Puppo per leccecronaca.it <\/em><\/p>\n<p><em>Con il direttore del giornale on-line mi sono &#8220;beccato!&#8221; via mail, non eravamo d&#8217;accordo su alcuni punti&#8230;<\/em><\/p>\n<p><em>Poi ci siamo incontrati alla Fondazione Palmieri durante una mostra pittorica di Stefano e ci siamo resi conto che, pur non pensando nello stesso modo, tra di noi c&#8217;era empatia. <\/em><\/p>\n<p><em>Puppo mi propose, in quell&#8217;occasione, di realizzare un lavoro su Carmelo Bene. E mentre parlavamo di uno spettacolo gi\u00e0 pronto, me ne prospett\u00f2 un altro, ancora tutto da scrivere, La Dea Trans, che mi entusiasm\u00f2 molto di pi\u00f9. Senza nulla togliere a Carmelo Bene, naturalmente. E ci trovammo perfettamente d&#8217;accordo, nell&#8217;intuizione. A me\u00a0 intrigava creare un&#8217;opera teatrale in onore di Carlotta: un omaggio che la citt\u00e0 rivolgeva a un personaggio speciale e particolare. <\/em><\/p>\n<p><em>A tal proposito il 28 aprile scorso Scena Muta ha chiuso la stagione teatrale proprio con un&#8217;ennesima replica de La Dea Trans. <\/em><\/p>\n<p><em>Il mio sodalizio con Puppo \u00e8 stato interessante e proficuo, grazie soprattutto alla sua disponibilit\u00e0: mi ha lasciato la possibilit\u00e0, infatti, di modificare il testo di anteporre alcune parti, di cancellarne altre, soprattutto dopo aver parlato con il fratello di Carlotta&#8230;&#8221;<\/em><\/p>\n<p>&nbsp;<\/p>\n<p>&#8211; Come nasce Superstar?<\/p>\n<p>&#8211; <em>&#8220;Superstar nasce seguendo l&#8217;onda del successo de La Dea Trans. Io sto ancora leggendo, &#8220;a modo mio&#8221;, il testo che mi ha proposto Puppo, poi lo devo metabolizzare e fare mio. A settembre lavoreremo ininterrottamente fino alla realizzazione e messa in scena del musical&#8221;<\/em><\/p>\n<p>&nbsp;<\/p>\n<p>&#8211; Cosa le \u00e8 piaciuto del testo di Puppo, tanto da convincerLa anche questa volta?<\/p>\n<p>&#8211; <em>&#8220;Pu\u00f2 sembrare strano, ma in realt\u00e0, senza aver mai parlato o essermi confrontato con il direttore di leccecronaca.it, ho scritto anche io un musical per i fratelli Gargarelli. Insomma, ero gi\u00e0 dentro l&#8217;idea per conto mio. Nel suo testo, Puppo, con ironia e spessore culturale e con evidente desiderio di rimanere con le radici ben salde nel Salento, ha voluto parlare dei talent show, di quello che promettono e poi non mantengono, ma non \u00e8 il caso di anticipare n\u00e9 rivelare altro! <\/em><\/p>\n<p><em>Aggiungo solo che, rispetto a Carlotta, sono due lavori, due generi e due stili completamente diversi. E poi c&#8217;\u00e8 la parte musicale, questo \u00e8 un vero e proprio musical! Le musiche e le canzoni di Nandu Popu&#8230; Me ne ha gi\u00e0 inviata una, un capolavoro. Mi piace l\u2019energia e l\u2019entusiasmo di Nando, regala altrettanta forza e creativit\u00e0! Non perdetevi l\u2019anteprima nazionale al teatro Apollo il 7 dicembre 2019!!! A presto \u2026 E ora devo proprio scappare&#8230;Grazie&#8230;Ciao!&#8221;<\/em>______<\/p>\n<p>LA RICERCA nei nostri articoli del 10 e 12 aprile scorsi<\/p>\n<blockquote class=\"wp-embedded-content\" data-secret=\"Xk3094t8pj\"><p><a href=\"https:\/\/www.leccecronaca.it\/index.php\/2019\/04\/12\/aspettando-nando-giuseppe-puppo\/\">ASPETTANDO NANDO \/ GIUSEPPE PUPPO SPIEGA LA SUA GRANDE STIMA PER I SUD SOUND SYSTEM E RACCONTA COME HA SCRITTO IL TESTO TEATRALE DEL MUSICAL DI NANDU POPU: &#8220;Quattro settimane e mezzo di passione&#8221;<\/a><\/p><\/blockquote>\n<p><iframe class=\"wp-embedded-content\" sandbox=\"allow-scripts\" security=\"restricted\" style=\"position: absolute; clip: rect(1px, 1px, 1px, 1px);\" src=\"https:\/\/www.leccecronaca.it\/index.php\/2019\/04\/12\/aspettando-nando-giuseppe-puppo\/embed\/#?secret=Xk3094t8pj\" data-secret=\"Xk3094t8pj\" width=\"500\" height=\"282\" title=\"&#8220;ASPETTANDO NANDO \/ GIUSEPPE PUPPO SPIEGA LA SUA GRANDE STIMA PER I SUD SOUND SYSTEM E RACCONTA COME HA SCRITTO IL TESTO TEATRALE DEL MUSICAL DI NANDU POPU: &#8220;Quattro settimane e mezzo di passione&#8221;&#8221; &#8212; LecceCronaca.it\" frameborder=\"0\" marginwidth=\"0\" marginheight=\"0\" scrolling=\"no\"><\/iframe><\/p>\n<p>&nbsp;<\/p>\n<blockquote class=\"wp-embedded-content\" data-secret=\"ztiS7tMX9m\"><p><a href=\"https:\/\/www.leccecronaca.it\/index.php\/2019\/04\/10\/aspettando-nando-sud-sound-sistem\/\">ASPETTANDO NANDO \/ NANDU POPU STA SCRIVENDO PER LA PRIMA VOLTA UN INTERO MUSICAL<\/a><\/p><\/blockquote>\n<p><iframe class=\"wp-embedded-content\" sandbox=\"allow-scripts\" security=\"restricted\" style=\"position: absolute; clip: rect(1px, 1px, 1px, 1px);\" src=\"https:\/\/www.leccecronaca.it\/index.php\/2019\/04\/10\/aspettando-nando-sud-sound-sistem\/embed\/#?secret=ztiS7tMX9m\" data-secret=\"ztiS7tMX9m\" width=\"500\" height=\"282\" title=\"&#8220;ASPETTANDO NANDO \/ NANDU POPU STA SCRIVENDO PER LA PRIMA VOLTA UN INTERO MUSICAL&#8221; &#8212; LecceCronaca.it\" frameborder=\"0\" marginwidth=\"0\" marginheight=\"0\" scrolling=\"no\"><\/iframe><\/p>\n<fb:like href='https:\/\/www.leccecronaca.it\/index.php\/2019\/05\/12\/aspettando-nando-ivan-raganato\/' send='true' layout='button_count' show_faces='true' width='450' height='65' action='recommend' colorscheme='light' font='lucida grande'><\/fb:like><span class=\"fb_share\"><fb:like href=\"https:\/\/www.leccecronaca.it\/index.php\/2019\/05\/12\/aspettando-nando-ivan-raganato\/\" layout=\"button_count\"><\/fb:like><\/span>","protected":false},"excerpt":{"rendered":"<p>di Emanuela Boccassini______ Ivan Raganato\u00a0(nel disegno di Giuseppe Mauro, per i progetti di album a fumetti, e di fotoromanzo, collegati al musical) non \u00e8 solo un attore di altissimo livello, dal curriculum immenso&#8230; Basti pensare che si \u00e8 diplomato presso la Scuola Internazionale di Teatro a Roma; che ha studiato canto, ballo liscio unificato, ballo [&hellip;]<\/p>\n","protected":false},"author":4,"featured_media":153978,"comment_status":"open","ping_status":"closed","sticky":false,"template":"","format":"standard","meta":[],"categories":[31,75],"tags":[],"_links":{"self":[{"href":"https:\/\/www.leccecronaca.it\/index.php\/wp-json\/wp\/v2\/posts\/153498"}],"collection":[{"href":"https:\/\/www.leccecronaca.it\/index.php\/wp-json\/wp\/v2\/posts"}],"about":[{"href":"https:\/\/www.leccecronaca.it\/index.php\/wp-json\/wp\/v2\/types\/post"}],"author":[{"embeddable":true,"href":"https:\/\/www.leccecronaca.it\/index.php\/wp-json\/wp\/v2\/users\/4"}],"replies":[{"embeddable":true,"href":"https:\/\/www.leccecronaca.it\/index.php\/wp-json\/wp\/v2\/comments?post=153498"}],"version-history":[{"count":12,"href":"https:\/\/www.leccecronaca.it\/index.php\/wp-json\/wp\/v2\/posts\/153498\/revisions"}],"predecessor-version":[{"id":158764,"href":"https:\/\/www.leccecronaca.it\/index.php\/wp-json\/wp\/v2\/posts\/153498\/revisions\/158764"}],"wp:featuredmedia":[{"embeddable":true,"href":"https:\/\/www.leccecronaca.it\/index.php\/wp-json\/wp\/v2\/media\/153978"}],"wp:attachment":[{"href":"https:\/\/www.leccecronaca.it\/index.php\/wp-json\/wp\/v2\/media?parent=153498"}],"wp:term":[{"taxonomy":"category","embeddable":true,"href":"https:\/\/www.leccecronaca.it\/index.php\/wp-json\/wp\/v2\/categories?post=153498"},{"taxonomy":"post_tag","embeddable":true,"href":"https:\/\/www.leccecronaca.it\/index.php\/wp-json\/wp\/v2\/tags?post=153498"}],"curies":[{"name":"wp","href":"https:\/\/api.w.org\/{rel}","templated":true}]}}