{"id":153546,"date":"2019-05-01T00:02:02","date_gmt":"2019-04-30T22:02:02","guid":{"rendered":"http:\/\/www.leccecronaca.it\/?p=153546"},"modified":"2019-05-08T19:59:58","modified_gmt":"2019-05-08T17:59:58","slug":"la-rinascita-di-valeria-coi","status":"publish","type":"post","link":"https:\/\/www.leccecronaca.it\/index.php\/2019\/05\/01\/la-rinascita-di-valeria-coi\/","title":{"rendered":"LA RINASCITA DI VALERIA COI"},"content":{"rendered":"<p><img decoding=\"async\" loading=\"lazy\" class=\"alignleft size-full wp-image-153548\" src=\"https:\/\/www.leccecronaca.it\/wordpress\/wp-content\/uploads\/2019\/04\/Valeria-967x1024-1.jpg\" alt=\"\" width=\"967\" height=\"1024\" srcset=\"https:\/\/www.leccecronaca.it\/wordpress\/wp-content\/uploads\/2019\/04\/Valeria-967x1024-1.jpg 967w, https:\/\/www.leccecronaca.it\/wordpress\/wp-content\/uploads\/2019\/04\/Valeria-967x1024-1-283x300.jpg 283w, https:\/\/www.leccecronaca.it\/wordpress\/wp-content\/uploads\/2019\/04\/Valeria-967x1024-1-768x813.jpg 768w\" sizes=\"(max-width: 967px) 100vw, 967px\" \/>di <strong>Raffaele Polo<\/strong>______<\/p>\n<p>Partiamo proprio dalla copertina, avvalorando ci\u00f2 che affermano gli editori pi\u00f9 importanti: che, cio\u00e8, buona percentuale del successo di un libro \u00e8 dato proprio da una copertina azzeccata&#8230; E questa del romanzo di <strong>Valeria Coi<\/strong> (nella foto), <strong><em>\u201cLa seconda volta che sono nata\u201d<\/em><\/strong>, Edizioni Il Raggio Verde (euro 15,00) \u00e8 una splendida foto di Francesca Mele, ottima pittrice e ora ri-scoperta come sensibile e misurata fotografa&#8230;<\/p>\n<p>L&#8217;aver scelto proprio questa artista per la prima pagina del libro \u00e8 sintomatico e ci serve soprattutto ad avere un primo, informale approccio a questo romanzo che \u00e8 tutto basato sulle atmosfere esistenziali, squisitamente femminili, della protagonista che vive un&#8217; esistenza emblematica, da vera eroina del nostro tempo&#8230;<\/p>\n<p>Marta, infatti, \u00e8 una donna semplice, con un passato tormentato dal tentativo, sempre fallito, di piacere a sua madre a costo di non essere s\u00e9 stessa. Ha un matrimonio finito con un uomo violento dal quale ha un figlio. Comprendere cosa significhi vivere un amore autentico \u00e8 il sogno che accarezza timidamente; riesce a realizzare il suo desiderio e ha anche un altro figlio da un uomo che amava e da cui si credeva riamata&#8230;<\/p>\n<p>Questo meraviglioso dono, per\u00f2, rende l&#8217;esistenza di Marta difficile e assurda, convincendola di non aver diritto alla felicit\u00e0. La rinascita, per\u00f2, avviene nel solstizio d&#8217;estate, poco dopo i suoi quarant&#8217;anni, all&#8217;interno di un &#8216;pronto soccorso, in attesa del responso di una Tac cerebrale&#8230;.<\/p>\n<p>E, a proposito di immagini e fotografie, ricordiamo che la foto che raffigura l&#8217;autrice in copertina \u00e8 di Aldo Isocento ed \u00e8 particolarmente espressiva, facendoci subito immaginare una sorta di identificazione con la Marta del romanzo che, insomma, ci sarebbe piaciuto che fosse proprio cos\u00ec&#8230;<\/p>\n<p>Leggibile, scorrevole e scritto con molta cura, il testo \u00e8 intrigante e coinvolgente: conferma la buona predisposizione alla narrazione di Valeria Coi, figura molto ben conosciuta nel mondo del giornalismo salentino contemporaneo.<\/p>\n<p><img decoding=\"async\" loading=\"lazy\" class=\"alignleft size-full wp-image-153547\" src=\"https:\/\/www.leccecronaca.it\/wordpress\/wp-content\/uploads\/2019\/04\/coi-cop.jpeg\" alt=\"\" width=\"1796\" height=\"2550\" srcset=\"https:\/\/www.leccecronaca.it\/wordpress\/wp-content\/uploads\/2019\/04\/coi-cop.jpeg 1796w, https:\/\/www.leccecronaca.it\/wordpress\/wp-content\/uploads\/2019\/04\/coi-cop-211x300.jpeg 211w, https:\/\/www.leccecronaca.it\/wordpress\/wp-content\/uploads\/2019\/04\/coi-cop-721x1024.jpeg 721w, https:\/\/www.leccecronaca.it\/wordpress\/wp-content\/uploads\/2019\/04\/coi-cop-768x1090.jpeg 768w, https:\/\/www.leccecronaca.it\/wordpress\/wp-content\/uploads\/2019\/04\/coi-cop-1082x1536.jpeg 1082w, https:\/\/www.leccecronaca.it\/wordpress\/wp-content\/uploads\/2019\/04\/coi-cop-1442x2048.jpeg 1442w\" sizes=\"(max-width: 1796px) 100vw, 1796px\" \/><\/p>\n<fb:like href='https:\/\/www.leccecronaca.it\/index.php\/2019\/05\/01\/la-rinascita-di-valeria-coi\/' send='true' layout='button_count' show_faces='true' width='450' height='65' action='recommend' colorscheme='light' font='lucida grande'><\/fb:like><span class=\"fb_share\"><fb:like href=\"https:\/\/www.leccecronaca.it\/index.php\/2019\/05\/01\/la-rinascita-di-valeria-coi\/\" layout=\"button_count\"><\/fb:like><\/span>","protected":false},"excerpt":{"rendered":"<p>di Raffaele Polo______ Partiamo proprio dalla copertina, avvalorando ci\u00f2 che affermano gli editori pi\u00f9 importanti: che, cio\u00e8, buona percentuale del successo di un libro \u00e8 dato proprio da una copertina azzeccata&#8230; E questa del romanzo di Valeria Coi (nella foto), \u201cLa seconda volta che sono nata\u201d, Edizioni Il Raggio Verde (euro 15,00) \u00e8 una splendida [&hellip;]<\/p>\n","protected":false},"author":4,"featured_media":153548,"comment_status":"open","ping_status":"closed","sticky":false,"template":"","format":"standard","meta":[],"categories":[31,57],"tags":[],"_links":{"self":[{"href":"https:\/\/www.leccecronaca.it\/index.php\/wp-json\/wp\/v2\/posts\/153546"}],"collection":[{"href":"https:\/\/www.leccecronaca.it\/index.php\/wp-json\/wp\/v2\/posts"}],"about":[{"href":"https:\/\/www.leccecronaca.it\/index.php\/wp-json\/wp\/v2\/types\/post"}],"author":[{"embeddable":true,"href":"https:\/\/www.leccecronaca.it\/index.php\/wp-json\/wp\/v2\/users\/4"}],"replies":[{"embeddable":true,"href":"https:\/\/www.leccecronaca.it\/index.php\/wp-json\/wp\/v2\/comments?post=153546"}],"version-history":[{"count":1,"href":"https:\/\/www.leccecronaca.it\/index.php\/wp-json\/wp\/v2\/posts\/153546\/revisions"}],"predecessor-version":[{"id":153549,"href":"https:\/\/www.leccecronaca.it\/index.php\/wp-json\/wp\/v2\/posts\/153546\/revisions\/153549"}],"wp:featuredmedia":[{"embeddable":true,"href":"https:\/\/www.leccecronaca.it\/index.php\/wp-json\/wp\/v2\/media\/153548"}],"wp:attachment":[{"href":"https:\/\/www.leccecronaca.it\/index.php\/wp-json\/wp\/v2\/media?parent=153546"}],"wp:term":[{"taxonomy":"category","embeddable":true,"href":"https:\/\/www.leccecronaca.it\/index.php\/wp-json\/wp\/v2\/categories?post=153546"},{"taxonomy":"post_tag","embeddable":true,"href":"https:\/\/www.leccecronaca.it\/index.php\/wp-json\/wp\/v2\/tags?post=153546"}],"curies":[{"name":"wp","href":"https:\/\/api.w.org\/{rel}","templated":true}]}}