{"id":153644,"date":"2019-05-03T22:27:01","date_gmt":"2019-05-03T20:27:01","guid":{"rendered":"http:\/\/www.leccecronaca.it\/?p=153644"},"modified":"2019-05-03T22:32:25","modified_gmt":"2019-05-03T20:32:25","slug":"valentina-e-francesca-domani-sposi-e-stasera-il-quartiere-santa-rosa-di-lecce-ha-ritrovato-unora-damore","status":"publish","type":"post","link":"https:\/\/www.leccecronaca.it\/index.php\/2019\/05\/03\/valentina-e-francesca-domani-sposi-e-stasera-il-quartiere-santa-rosa-di-lecce-ha-ritrovato-unora-damore\/","title":{"rendered":"VALENTINA E FRANCESCO DOMANI SPOSI, E &#8216;STASERA IL QUARTIERE SANTA ROSA HA RITROVATO UN&#8217;ORA D&#8217;AMORE"},"content":{"rendered":"<p><img decoding=\"async\" loading=\"lazy\" class=\"alignleft size-full wp-image-153645\" src=\"https:\/\/www.leccecronaca.it\/wordpress\/wp-content\/uploads\/2019\/05\/vf2.jpg\" alt=\"\" width=\"1120\" height=\"2016\" srcset=\"https:\/\/www.leccecronaca.it\/wordpress\/wp-content\/uploads\/2019\/05\/vf2.jpg 1120w, https:\/\/www.leccecronaca.it\/wordpress\/wp-content\/uploads\/2019\/05\/vf2-167x300.jpg 167w, https:\/\/www.leccecronaca.it\/wordpress\/wp-content\/uploads\/2019\/05\/vf2-569x1024.jpg 569w, https:\/\/www.leccecronaca.it\/wordpress\/wp-content\/uploads\/2019\/05\/vf2-768x1382.jpg 768w, https:\/\/www.leccecronaca.it\/wordpress\/wp-content\/uploads\/2019\/05\/vf2-853x1536.jpg 853w\" sizes=\"(max-width: 1120px) 100vw, 1120px\" \/>(g.p.)______Valentina e Francesco domani si sposano. Lui questa sera le ha organizzato una multi &#8216;serenata&#8217; romantica, con tanto di dj, di cantante e di luci a faretto. Il tutto in strada, davanti la casa della sposa, in via Adda, a Lecce, a Santa Rosa.<\/p>\n<p>Una botta di vita, per questo quartiere, che sta morendo, anzi, \u00e8 gi\u00e0 morto, perch\u00e9 muore lentamente, chi si trascina nell&#8217;apatia, nell&#8217;indifferenza del tempo e degli uomini, e nel progressivo degrado, di cui tutti parlano spesso, ma per cui nessuno fa mai niente, nonostante le promesse elettorali.<\/p>\n<p>A questo giro, per le prossime amministrative, le solite promesse, di riqualificare le periferie, che saranno dimenticate anche questa volta, chiunque vinca, subito dopo il 26 maggio.<\/p>\n<p>Il &#8216;murales&#8217; di Carmelo Bene rester\u00e0 deturpato, la fontana, spenta, ricettacolo di sporcizia, le scritte sulle palazzine senza pi\u00f9 quel decoro, finanche quel pregio, che avevano quando furono costruite, gli arredi urbani deteriorati, il silenzio, l&#8217;abbandono che si respira appena scende il buio, quando sembra che ci sia il coprifuoco, d&#8217;estate come d&#8217;inverno, e sotto i portici di piazza Indipendenza scende il gelo, a tutti i mesi, con i giardinetti vuoti, senza pi\u00f9 bambini, com&#8217;era prima.<\/p>\n<p>Ma &#8216;stasera, almeno per un&#8217;ora, Santa Rosa, intorno a via Adda, \u00e8 ritornata a vivere.<\/p>\n<p>Erano in una ventina di amici, ma poi sono scesi dalle palazzine i vicini, hanno apprezzato, hanno partecipato, hanno fatto, sia pur per un&#8217;ora, come ai vecchi tempi, comunit\u00e0.<\/p>\n<p>Il concerto si \u00e8 aperto con due &#8216;lenti&#8217;, ballati dagli sposi (nella foto) nel circolo degli amici, e dei vicini nel frattempo aggregatisi.<\/p>\n<p>Il cantante \u00e8 andato gi\u00f9 deciso e particolarmente ispirato.<\/p>\n<p>Il primo, chiss\u00e0 perch\u00e9, della scelta, comunque significativo, \u00e8 stato &#8211; per la cronaca &#8211; <em>&#8220;Noi due del mondo e nell&#8217;anima&#8221;.<\/em><\/p>\n<p>Il secondo, <em>&#8220;Rose rosse per te&#8221;<\/em>, e vai,un ritorno a quegli anni Sessanta\/Settanta, quando in queste case, sul terrazzo di queste palazzine, i giovani di allora facevano le feste, le mitiche feste in casa.<\/p>\n<p>Poi, dj-set e tanta emozione.<\/p>\n<p>Auguri, Valentina e Francesco! E grazie, per aver riportato un po&#8217; di vita in questo quartiere, e un po&#8217; di speranza per il futuro.<\/p>\n<fb:like href='https:\/\/www.leccecronaca.it\/index.php\/2019\/05\/03\/valentina-e-francesca-domani-sposi-e-stasera-il-quartiere-santa-rosa-di-lecce-ha-ritrovato-unora-damore\/' send='true' layout='button_count' show_faces='true' width='450' height='65' action='recommend' colorscheme='light' font='lucida grande'><\/fb:like><span class=\"fb_share\"><fb:like href=\"https:\/\/www.leccecronaca.it\/index.php\/2019\/05\/03\/valentina-e-francesca-domani-sposi-e-stasera-il-quartiere-santa-rosa-di-lecce-ha-ritrovato-unora-damore\/\" layout=\"button_count\"><\/fb:like><\/span>","protected":false},"excerpt":{"rendered":"<p>(g.p.)______Valentina e Francesco domani si sposano. Lui questa sera le ha organizzato una multi &#8216;serenata&#8217; romantica, con tanto di dj, di cantante e di luci a faretto. Il tutto in strada, davanti la casa della sposa, in via Adda, a Lecce, a Santa Rosa. Una botta di vita, per questo quartiere, che sta morendo, anzi, [&hellip;]<\/p>\n","protected":false},"author":4,"featured_media":153645,"comment_status":"open","ping_status":"closed","sticky":false,"template":"","format":"standard","meta":[],"categories":[69],"tags":[],"_links":{"self":[{"href":"https:\/\/www.leccecronaca.it\/index.php\/wp-json\/wp\/v2\/posts\/153644"}],"collection":[{"href":"https:\/\/www.leccecronaca.it\/index.php\/wp-json\/wp\/v2\/posts"}],"about":[{"href":"https:\/\/www.leccecronaca.it\/index.php\/wp-json\/wp\/v2\/types\/post"}],"author":[{"embeddable":true,"href":"https:\/\/www.leccecronaca.it\/index.php\/wp-json\/wp\/v2\/users\/4"}],"replies":[{"embeddable":true,"href":"https:\/\/www.leccecronaca.it\/index.php\/wp-json\/wp\/v2\/comments?post=153644"}],"version-history":[{"count":6,"href":"https:\/\/www.leccecronaca.it\/index.php\/wp-json\/wp\/v2\/posts\/153644\/revisions"}],"predecessor-version":[{"id":153651,"href":"https:\/\/www.leccecronaca.it\/index.php\/wp-json\/wp\/v2\/posts\/153644\/revisions\/153651"}],"wp:featuredmedia":[{"embeddable":true,"href":"https:\/\/www.leccecronaca.it\/index.php\/wp-json\/wp\/v2\/media\/153645"}],"wp:attachment":[{"href":"https:\/\/www.leccecronaca.it\/index.php\/wp-json\/wp\/v2\/media?parent=153644"}],"wp:term":[{"taxonomy":"category","embeddable":true,"href":"https:\/\/www.leccecronaca.it\/index.php\/wp-json\/wp\/v2\/categories?post=153644"},{"taxonomy":"post_tag","embeddable":true,"href":"https:\/\/www.leccecronaca.it\/index.php\/wp-json\/wp\/v2\/tags?post=153644"}],"curies":[{"name":"wp","href":"https:\/\/api.w.org\/{rel}","templated":true}]}}