{"id":153681,"date":"2019-05-04T19:16:58","date_gmt":"2019-05-04T17:16:58","guid":{"rendered":"http:\/\/www.leccecronaca.it\/?p=153681"},"modified":"2019-05-04T19:21:15","modified_gmt":"2019-05-04T17:21:15","slug":"la-chiamerei-lupa-una-moneta-locale-per-i-leccesi-la-proposta-auritiana-di-veronica-merico","status":"publish","type":"post","link":"https:\/\/www.leccecronaca.it\/index.php\/2019\/05\/04\/la-chiamerei-lupa-una-moneta-locale-per-i-leccesi-la-proposta-auritiana-di-veronica-merico\/","title":{"rendered":"&#8220;La chiamerei Lupa&#8230;&#8221; \/ UNA MONETA LOCALE PER I LECCESI, LA PROPOSTA AURITIANA DI VERONICA MERICO"},"content":{"rendered":"<p><img decoding=\"async\" loading=\"lazy\" class=\"alignleft size-full wp-image-153682\" src=\"https:\/\/www.leccecronaca.it\/wordpress\/wp-content\/uploads\/2019\/05\/a-m.png\" alt=\"\" width=\"848\" height=\"960\" srcset=\"https:\/\/www.leccecronaca.it\/wordpress\/wp-content\/uploads\/2019\/05\/a-m.png 848w, https:\/\/www.leccecronaca.it\/wordpress\/wp-content\/uploads\/2019\/05\/a-m-265x300.png 265w, https:\/\/www.leccecronaca.it\/wordpress\/wp-content\/uploads\/2019\/05\/a-m-768x869.png 768w\" sizes=\"(max-width: 848px) 100vw, 848px\" \/>di <strong>Francesco Buja______<\/strong><\/p>\n<p>Dove \u00e8 finito il progetto di area metropolitana che aveva proposto due anni fa Delli Noci?<\/p>\n<p>In vista delle elezioni del 26 maggio se lo chiede <strong>Veronica Merico<\/strong> (nella foto), candidata al Consiglio comunale Lecce da indipendente nella lista di Fratelli d\u2019Italia.<\/p>\n<p><em>&#8220;Pongo questa domanda<\/em> \u2013 spiega l\u2019esponente del centrodestra \u2013 <em>perch\u00e9 siamo nella fase della politica in cui ogni candidato sindaco avanza delle proposte. Ma il problema sta nella capacit\u00e0 di attuare quel che si promette in campagna elettorale&#8221;<\/em>.<\/p>\n<p>Nel mirino anche il sindaco uscente: &#8220;<em>Salvemini sostiene di non essere mai stato nemico del commercio? Allora perch\u00e9 il mercato di Settelacquare versa nel degrado?&#8221;<\/em>.<\/p>\n<p>Veronica Merico \u00e8 un volto nuovo della campagna elettorale in corso per il rinnovo dell\u2019amministrazione di Palazzo Carafa.<\/p>\n<p>Segretaria regionale del Sindacato emigrati immigrati Ugl Puglia, ha condotto, fra l\u2019altro, la vertenza sui pannelli fotovoltaici che ha coinvolto un migliaio di lavoratori, fra cui non mancavano quelli ridotti in schiavit\u00f9.<\/p>\n<p>Gestisce il mercato delle arti e delle etnie sito in viale Aldo Moro ed \u00e8 coordinatrice del movimento Salento Libero Regione.<\/p>\n<p><em>&#8220;\u00c8 evidente che il mercato di Settelacquare debba essere sottoposto a un rinnovamento generale se davvero se ne vuol fare un polo commerciale: si organizzino l\u00ec dentro degustazioni degli alimenti in vendita<\/em> \u2013 propone l\u2019aspirante consigliera comunale \u2013 &#8220;<em>Immagino un mercato che sia un luogo d\u2019incontro, dove magari ci si incontra per un aperitivo impreziosito dai cibi in vendita l\u00ec, dove mentre si bada alla spesa si possa gustare una frittura di pesce, insomma dove si possa andare anche per la convivialit\u00e0 del posto. Si pensi alla degustazione di pasta, ai consigli su come preparare le pietanze. E perch\u00e9 non organizzare nel mercato dimostrazioni di come si preparano alcuni prodotti? Cos\u00ec<\/em> &#8211; conclude &#8211; <em>si proverebbe anche a contrastare il dominio dei supermercati&#8221;<\/em>.<\/p>\n<p>L\u2019occhio della sindacalista dell\u2019Ugl, sponsorizzata dallo storico esponente del Msi pugliese, Mario De Cristofaro (nella foto), si posa sulle questioni sociali: <em>&#8220;L\u2019edilizia popolare non deve essere concentrata nelle zone \u2018167\u2019, altrimenti si creano dei ghetti. E per rivitalizzare le periferie si devono creare in esse delle biblioteche comunali, che, oltre a fornire un apporto di carattere culturale al rione, diverranno un luogo d\u2019incontro. Immagino che la gestione di queste biblioteche venga affidata ad anziani, i quali sarebbero impegnati in un\u2019attivit\u00e0 e quindi non chiusi in casa. Gratuitamente, quindi al Comune questa manodopera non costerebbe<\/em>&#8220;.<\/p>\n<p>Non solo.<\/p>\n<p>La proposta che tradisce lo spirito auritiano della Merico \u00e8 quasi una eresia, ma altrove \u00e8 stata attuata: &#8220;Penso a una moneta complementare, una moneta garantita dal Comune, per risollevare l\u2019economia leccese. Un sostegno per le famiglie in difficolt\u00e0. La chiamerei \u201cLupa\u201d&#8230;<\/p>\n<p>Un\u2019idea, questa, che \u00e8 passata per Bayonne, citt\u00e0 francese, dove si usa l\u2019eusko, per l\u2019inglese Avon, dove si paga col Bristol Pound e per la Baviera, dove gira il Chiemgauer. A Cosenza circola il bruzio. La proposta ricalca l\u2019esperimento attuato nel 2000 dal giurista, economista e politico Giacinto Auriti di introdurre a Guardiagrele, in Abruzzo, il suo paese natio, il Simec<em>. &#8220;Un altro vantaggio della moneta locale<\/em> \u2013 spiega Veronica Merico \u2013 <em>\u00e8 l\u2019incoraggiamento a spendere soldi nei negozi di Lecce&#8221;.<\/em><\/p>\n<p>Il prossimo sindaco ci pensi.<\/p>\n<p><img decoding=\"async\" loading=\"lazy\" class=\"alignleft size-full wp-image-153684\" src=\"https:\/\/www.leccecronaca.it\/wordpress\/wp-content\/uploads\/2019\/05\/dcm.png\" alt=\"\" width=\"960\" height=\"717\" srcset=\"https:\/\/www.leccecronaca.it\/wordpress\/wp-content\/uploads\/2019\/05\/dcm.png 960w, https:\/\/www.leccecronaca.it\/wordpress\/wp-content\/uploads\/2019\/05\/dcm-300x224.png 300w, https:\/\/www.leccecronaca.it\/wordpress\/wp-content\/uploads\/2019\/05\/dcm-768x574.png 768w, https:\/\/www.leccecronaca.it\/wordpress\/wp-content\/uploads\/2019\/05\/dcm-400x300.png 400w\" sizes=\"(max-width: 960px) 100vw, 960px\" \/><\/p>\n<fb:like href='https:\/\/www.leccecronaca.it\/index.php\/2019\/05\/04\/la-chiamerei-lupa-una-moneta-locale-per-i-leccesi-la-proposta-auritiana-di-veronica-merico\/' send='true' layout='button_count' show_faces='true' width='450' height='65' action='recommend' colorscheme='light' font='lucida grande'><\/fb:like><span class=\"fb_share\"><fb:like href=\"https:\/\/www.leccecronaca.it\/index.php\/2019\/05\/04\/la-chiamerei-lupa-una-moneta-locale-per-i-leccesi-la-proposta-auritiana-di-veronica-merico\/\" layout=\"button_count\"><\/fb:like><\/span>","protected":false},"excerpt":{"rendered":"<p>di Francesco Buja______ Dove \u00e8 finito il progetto di area metropolitana che aveva proposto due anni fa Delli Noci? In vista delle elezioni del 26 maggio se lo chiede Veronica Merico (nella foto), candidata al Consiglio comunale Lecce da indipendente nella lista di Fratelli d\u2019Italia. &#8220;Pongo questa domanda \u2013 spiega l\u2019esponente del centrodestra \u2013 perch\u00e9 [&hellip;]<\/p>\n","protected":false},"author":4,"featured_media":153683,"comment_status":"open","ping_status":"closed","sticky":false,"template":"","format":"standard","meta":[],"categories":[76],"tags":[],"_links":{"self":[{"href":"https:\/\/www.leccecronaca.it\/index.php\/wp-json\/wp\/v2\/posts\/153681"}],"collection":[{"href":"https:\/\/www.leccecronaca.it\/index.php\/wp-json\/wp\/v2\/posts"}],"about":[{"href":"https:\/\/www.leccecronaca.it\/index.php\/wp-json\/wp\/v2\/types\/post"}],"author":[{"embeddable":true,"href":"https:\/\/www.leccecronaca.it\/index.php\/wp-json\/wp\/v2\/users\/4"}],"replies":[{"embeddable":true,"href":"https:\/\/www.leccecronaca.it\/index.php\/wp-json\/wp\/v2\/comments?post=153681"}],"version-history":[{"count":3,"href":"https:\/\/www.leccecronaca.it\/index.php\/wp-json\/wp\/v2\/posts\/153681\/revisions"}],"predecessor-version":[{"id":153687,"href":"https:\/\/www.leccecronaca.it\/index.php\/wp-json\/wp\/v2\/posts\/153681\/revisions\/153687"}],"wp:featuredmedia":[{"embeddable":true,"href":"https:\/\/www.leccecronaca.it\/index.php\/wp-json\/wp\/v2\/media\/153683"}],"wp:attachment":[{"href":"https:\/\/www.leccecronaca.it\/index.php\/wp-json\/wp\/v2\/media?parent=153681"}],"wp:term":[{"taxonomy":"category","embeddable":true,"href":"https:\/\/www.leccecronaca.it\/index.php\/wp-json\/wp\/v2\/categories?post=153681"},{"taxonomy":"post_tag","embeddable":true,"href":"https:\/\/www.leccecronaca.it\/index.php\/wp-json\/wp\/v2\/tags?post=153681"}],"curies":[{"name":"wp","href":"https:\/\/api.w.org\/{rel}","templated":true}]}}