{"id":153711,"date":"2019-05-06T14:16:19","date_gmt":"2019-05-06T12:16:19","guid":{"rendered":"http:\/\/www.leccecronaca.it\/?p=153711"},"modified":"2019-05-10T11:08:27","modified_gmt":"2019-05-10T09:08:27","slug":"i-cittadini-consumatori-si-organizzano-meglio","status":"publish","type":"post","link":"https:\/\/www.leccecronaca.it\/index.php\/2019\/05\/06\/i-cittadini-consumatori-si-organizzano-meglio\/","title":{"rendered":"I &#8216;CITTADINI CONSUMATORI&#8217; SI ORGANIZZANO MEGLIO"},"content":{"rendered":"<p><img decoding=\"async\" loading=\"lazy\" class=\"alignleft wp-image-153712\" src=\"https:\/\/www.leccecronaca.it\/wordpress\/wp-content\/uploads\/2019\/05\/max_2c4a32410a9c4db3b0ea1323b5afe410.jpg\" alt=\"\" width=\"800\" height=\"533\" srcset=\"https:\/\/www.leccecronaca.it\/wordpress\/wp-content\/uploads\/2019\/05\/max_2c4a32410a9c4db3b0ea1323b5afe410.jpg 620w, https:\/\/www.leccecronaca.it\/wordpress\/wp-content\/uploads\/2019\/05\/max_2c4a32410a9c4db3b0ea1323b5afe410-300x200.jpg 300w\" sizes=\"(max-width: 800px) 100vw, 800px\" \/>Riceviamo e volentieri pubblichiamo. Da Roma, l&#8217; associazione Codici ci manda i seguente comunicato______<\/p>\n<p>Aeci, Aiace, Codici e Konsumer lanciano\u00a0la Federazione Consumatori Italiana<\/p>\n<p>Importante novit\u00e0 nel mondo consumatori. Le associazioni\u00a0Aeci,\u00a0Aiace,\u00a0Codici\u00a0e\u00a0Konsumer\u00a0hanno firmato un protocollo per la costituzione della\u00a0Federazione Consumatori Italiana.<\/p>\n<p><em>\u201cI cambiamenti avvenuti a livello politico-istituzionale, economico e finanziario \u2013 spiega il\u00a0Presidente di Aeci Ivan Marinell<\/em>i\u00a0\u2013 <em>hanno reso il consumatore ancora pi\u00f9 debole. C&#8217;\u00e8 bisogno di rafforzare e ampliare i suoi diritti. Pensiamo solo ai servizi pubblici. I costi aumentano, le esigenze degli utenti cambiano ed \u00e8 sempre pi\u00f9 diffusa la percezione che non tutto funzioni in maniera corretta, anzi. Sono sempre di pi\u00f9 i disagi, i disservizi che deve affrontare il consumatore. Da qui nasce l&#8217;idea di creare un nuovo soggetto in grado di tutelare i cittadini con nuovi strumenti ed un grande lavoro di squadra\u201d.<\/em><\/p>\n<p>&nbsp;<\/p>\n<p>La\u00a0Federazione Consumatori Italiana\u00a0si inserisce in un contesto difficile.<\/p>\n<p>La societ\u00e0 sta subendo dei mutamenti accompagnati sempre pi\u00f9 spesso dal segno negativo. Una realt\u00e0 che cambia e che per questo ha bisogno di un approccio diverso per capire meglio ed assistere in maniera pi\u00f9 efficace i consumatori.<\/p>\n<p><em>\u201cIl cambiamento profondo negli stili e nelle condizioni di vita<\/em> \u2013 sottolinea il\u00a0Presidente di Aiace Giuseppe Spart\u00e0\u00a0\u2013 <em>ha portato ad una societ\u00e0 completamente diversa da quelle in cui i sistemi di welfare erano stati originariamente progettati. I costi aumentano, le esigenze cambiano, ma pi\u00f9 che di servizi, spesso ci ritroviamo a dover parlare di disservizi. Di fronte a tutto questo, la richiesta di rappresentare adeguatamente il cittadino e di dare risposte concrete ai suoi bisogni crescenti impone di dare vita ad una collaborazione finalizzata a promuovere modelli organizzativi nuovi, economicamente efficienti ed in grado di dare risposte efficaci<\/em>\u201d.<\/p>\n<p>&nbsp;<\/p>\n<p>Una collaborazione, quella tra\u00a0Aeci,\u00a0Aiace,\u00a0Codici\u00a0e\u00a0Konsumer, che con la\u00a0Federazione Consumatori Italiana\u00a0segna un altro passo avanti nel panorama delle associazioni dei consumatori.<\/p>\n<p><em>\u201cLa nascita della Fci<\/em> \u2013 dichiara il\u00a0Segretario Nazionale di Codici Ivano Giacomelli\u00a0\u2013 <em>rappresenta lo sviluppo del percorso intrapreso con la costituzione delle Reti Locali. \u00c8 un&#8217;ulteriore tappa di questa crescita. Attraverso la Federazione Consumatori Italiana saranno promosse azioni unitarie volte a tutelare i diritti e gli interessi di consumatori ed utenti, condividendo sportelli territoriali, progetti e programmi\u201d.<\/em><\/p>\n<p>Nuova, innovativa e libera. Sono alcune delle caratteristiche dellaFederazione Consumatori Italiana.<\/p>\n<p><em>\u201cRiteniamo necessario<\/em> \u2013 afferma il\u00a0Presidente di Konsumer Fabrizio Premuti\u00a0\u2013 <em>far riconoscere al movimento consumerista il ruolo di corpo intermedio che ha, in piena indipendenza da soggetti terzi. Va riconosciuto ai Cittadini Consumatori pieno ruolo nella partecipazione politica, economica e sociale del Paese. La nascita della Fci rappresenta un nuovo, importante strumento di tutela che supera gli egoismi di bandiera e che mutua forza ed esperienze\u201d.<\/em><\/p>\n<p>E-mail: ufficio_stampa@codici.org<br \/>\nWeb: www.codici.org<\/p>\n<p>&nbsp;<\/p>\n<fb:like href='https:\/\/www.leccecronaca.it\/index.php\/2019\/05\/06\/i-cittadini-consumatori-si-organizzano-meglio\/' send='true' layout='button_count' show_faces='true' width='450' height='65' action='recommend' colorscheme='light' font='lucida grande'><\/fb:like><span class=\"fb_share\"><fb:like href=\"https:\/\/www.leccecronaca.it\/index.php\/2019\/05\/06\/i-cittadini-consumatori-si-organizzano-meglio\/\" layout=\"button_count\"><\/fb:like><\/span>","protected":false},"excerpt":{"rendered":"<p>Riceviamo e volentieri pubblichiamo. Da Roma, l&#8217; associazione Codici ci manda i seguente comunicato______ Aeci, Aiace, Codici e Konsumer lanciano\u00a0la Federazione Consumatori Italiana Importante novit\u00e0 nel mondo consumatori. Le associazioni\u00a0Aeci,\u00a0Aiace,\u00a0Codici\u00a0e\u00a0Konsumer\u00a0hanno firmato un protocollo per la costituzione della\u00a0Federazione Consumatori Italiana. \u201cI cambiamenti avvenuti a livello politico-istituzionale, economico e finanziario \u2013 spiega il\u00a0Presidente di Aeci Ivan Marinelli\u00a0\u2013 [&hellip;]<\/p>\n","protected":false},"author":4,"featured_media":153712,"comment_status":"open","ping_status":"closed","sticky":false,"template":"","format":"standard","meta":[],"categories":[69,76,36],"tags":[],"_links":{"self":[{"href":"https:\/\/www.leccecronaca.it\/index.php\/wp-json\/wp\/v2\/posts\/153711"}],"collection":[{"href":"https:\/\/www.leccecronaca.it\/index.php\/wp-json\/wp\/v2\/posts"}],"about":[{"href":"https:\/\/www.leccecronaca.it\/index.php\/wp-json\/wp\/v2\/types\/post"}],"author":[{"embeddable":true,"href":"https:\/\/www.leccecronaca.it\/index.php\/wp-json\/wp\/v2\/users\/4"}],"replies":[{"embeddable":true,"href":"https:\/\/www.leccecronaca.it\/index.php\/wp-json\/wp\/v2\/comments?post=153711"}],"version-history":[{"count":1,"href":"https:\/\/www.leccecronaca.it\/index.php\/wp-json\/wp\/v2\/posts\/153711\/revisions"}],"predecessor-version":[{"id":153713,"href":"https:\/\/www.leccecronaca.it\/index.php\/wp-json\/wp\/v2\/posts\/153711\/revisions\/153713"}],"wp:featuredmedia":[{"embeddable":true,"href":"https:\/\/www.leccecronaca.it\/index.php\/wp-json\/wp\/v2\/media\/153712"}],"wp:attachment":[{"href":"https:\/\/www.leccecronaca.it\/index.php\/wp-json\/wp\/v2\/media?parent=153711"}],"wp:term":[{"taxonomy":"category","embeddable":true,"href":"https:\/\/www.leccecronaca.it\/index.php\/wp-json\/wp\/v2\/categories?post=153711"},{"taxonomy":"post_tag","embeddable":true,"href":"https:\/\/www.leccecronaca.it\/index.php\/wp-json\/wp\/v2\/tags?post=153711"}],"curies":[{"name":"wp","href":"https:\/\/api.w.org\/{rel}","templated":true}]}}