{"id":153954,"date":"2019-05-12T14:22:11","date_gmt":"2019-05-12T12:22:11","guid":{"rendered":"http:\/\/www.leccecronaca.it\/?p=153954"},"modified":"2019-05-12T14:23:17","modified_gmt":"2019-05-12T12:23:17","slug":"the-day-after-in-serie-a","status":"publish","type":"post","link":"https:\/\/www.leccecronaca.it\/index.php\/2019\/05\/12\/the-day-after-in-serie-a\/","title":{"rendered":"THE DAY AFTER (IN SERIE A)"},"content":{"rendered":"<p><img decoding=\"async\" loading=\"lazy\" class=\"alignleft size-full wp-image-153955\" src=\"https:\/\/www.leccecronaca.it\/wordpress\/wp-content\/uploads\/2019\/05\/usle.jpg\" alt=\"\" width=\"1024\" height=\"606\" srcset=\"https:\/\/www.leccecronaca.it\/wordpress\/wp-content\/uploads\/2019\/05\/usle.jpg 1024w, https:\/\/www.leccecronaca.it\/wordpress\/wp-content\/uploads\/2019\/05\/usle-300x178.jpg 300w, https:\/\/www.leccecronaca.it\/wordpress\/wp-content\/uploads\/2019\/05\/usle-768x455.jpg 768w\" sizes=\"(max-width: 1024px) 100vw, 1024px\" \/>(Rdl)______<\/p>\n<p>&#8211; &#8220;Allora, presidente, visto che per tutta la stagione la classifica non l&#8217;abbiamo guardata, continuiamo a non guardarla&#8230;&#8221;&#8230;<\/p>\n<p>-&#8220;<em>Oggi la guardiamo, oggi la guardiano&#8230;Se non ho sbagliato i calcoli, dovremo essere noi in serie A&#8221;<\/em>&#8230;<\/p>\n<p><strong>Saverio Sticchi Damiani<\/strong> \u00e8 il ritratto della felicit\u00e0, negli spogliatoi del post partita si concede volentieri a qualche siparietto. Ma, sempre col sorriso sulle labbra, trova pure l&#8217;opportunit\u00e0 di infilare qualche sacrosanta verit\u00e0: &#8220;<em>E&#8217; il successo di un progetto fatto s\u00ec di programmazione, di professionalit\u00e0, per\u00f2 \u00e8 un progetto che c&#8217;\u00e8 alla base il cuore&#8230;L&#8217;identit\u00e0, il\u00a0 territorio&#8230;&#8221;.<\/em><\/p>\n<p><strong>Fabio Liverani<\/strong> si prende, giustamente, senza false modestie, i suoi meriti, e si tiene i i complimenti che gli arrivano da tutte le parti:\u00a0<em>\u00a0&#8220;Mi fa molto piacere, me la godo e condivido tutto con il mio staff. Abbiamo vinto due campionati,\u00a0 mantenere la categoria credo sia la cosa pi\u00f9 difficile per me, la squadra e la societ\u00e0, ora tutto si resetta e vedremo quello che succeder\u00e0. Io sono un allenatore ambizioso, voglio crescere con grande umilt\u00e0 e determinazione, voglio crescere e fare sempre il massimo, senza limiti ho la fortuna di fare quello che sognavo da bambino. Lo faccio con grande passione\u201d.<\/em><\/p>\n<p>&nbsp;<\/p>\n<p>La societ\u00e0 ha realizzato un poster celebrativo, che abbiamo qui riprodotto, e ha messo i puntini sulle u: <em>&#8220;Con la vittoria per 2 a 1 contro lo Spezia il Lecce, \u00e8 promosso Serie A. A distanza di un anno il Lecce festeggia un\u2019ulteriore promozione. La seconda consecutiva. Doppio salto dalla C alla A&#8221;.<\/em><\/p>\n<p>Tutti hanno gioito, tutti hanno commentato. La festa di strada, di piazza, protrattasi fino a notte, \u00e8 stata solamente una parte, nemmeno la pi\u00f9 sostanziosa, della grande festa che \u00e8 andata avanti sui social, e continua ancora. Il Lecce \u00e8 di tutti. Anche dei tanti, tantissimi Salentini che vivono nel Nord Italia, e in Europa, che hanno partecipato con enfasi particolare.<\/p>\n<p>Pi\u00f9 volte, da pi\u00f9 parti, sottolineato il senso di appartenenza, l&#8217;orgoglio del legame col territorio; auspicato una &#8216;promozione&#8217; anche della Citt\u00e0, appresso alla squadra di calcio.<\/p>\n<p>Si pensa gi\u00e0 in tanto modi\u00a0 al futuro, anzi, il futuro \u00e8 gi\u00e0 cominciato.<\/p>\n<p>&nbsp;<\/p>\n<fb:like href='https:\/\/www.leccecronaca.it\/index.php\/2019\/05\/12\/the-day-after-in-serie-a\/' send='true' layout='button_count' show_faces='true' width='450' height='65' action='recommend' colorscheme='light' font='lucida grande'><\/fb:like><span class=\"fb_share\"><fb:like href=\"https:\/\/www.leccecronaca.it\/index.php\/2019\/05\/12\/the-day-after-in-serie-a\/\" layout=\"button_count\"><\/fb:like><\/span>","protected":false},"excerpt":{"rendered":"<p>(Rdl)______ &#8211; &#8220;Allora, presidente, visto che per tutta la stagione la classifica non l&#8217;abbiamo guardata, continuiamo a non guardarla&#8230;&#8221;&#8230; -&#8220;Oggi la guardiamo, oggi la guardiano&#8230;Se non ho sbagliato i calcoli, dovremo essere noi in serie A&#8221;&#8230; Saverio Sticchi Damiani \u00e8 il ritratto della felicit\u00e0, negli spogliatoi del post partita si concede volentieri a qualche siparietto. [&hellip;]<\/p>\n","protected":false},"author":4,"featured_media":153955,"comment_status":"open","ping_status":"closed","sticky":false,"template":"","format":"standard","meta":[],"categories":[69,28],"tags":[],"_links":{"self":[{"href":"https:\/\/www.leccecronaca.it\/index.php\/wp-json\/wp\/v2\/posts\/153954"}],"collection":[{"href":"https:\/\/www.leccecronaca.it\/index.php\/wp-json\/wp\/v2\/posts"}],"about":[{"href":"https:\/\/www.leccecronaca.it\/index.php\/wp-json\/wp\/v2\/types\/post"}],"author":[{"embeddable":true,"href":"https:\/\/www.leccecronaca.it\/index.php\/wp-json\/wp\/v2\/users\/4"}],"replies":[{"embeddable":true,"href":"https:\/\/www.leccecronaca.it\/index.php\/wp-json\/wp\/v2\/comments?post=153954"}],"version-history":[{"count":1,"href":"https:\/\/www.leccecronaca.it\/index.php\/wp-json\/wp\/v2\/posts\/153954\/revisions"}],"predecessor-version":[{"id":153956,"href":"https:\/\/www.leccecronaca.it\/index.php\/wp-json\/wp\/v2\/posts\/153954\/revisions\/153956"}],"wp:featuredmedia":[{"embeddable":true,"href":"https:\/\/www.leccecronaca.it\/index.php\/wp-json\/wp\/v2\/media\/153955"}],"wp:attachment":[{"href":"https:\/\/www.leccecronaca.it\/index.php\/wp-json\/wp\/v2\/media?parent=153954"}],"wp:term":[{"taxonomy":"category","embeddable":true,"href":"https:\/\/www.leccecronaca.it\/index.php\/wp-json\/wp\/v2\/categories?post=153954"},{"taxonomy":"post_tag","embeddable":true,"href":"https:\/\/www.leccecronaca.it\/index.php\/wp-json\/wp\/v2\/tags?post=153954"}],"curies":[{"name":"wp","href":"https:\/\/api.w.org\/{rel}","templated":true}]}}