{"id":154245,"date":"2019-05-21T00:06:46","date_gmt":"2019-05-20T22:06:46","guid":{"rendered":"http:\/\/www.leccecronaca.it\/?p=154245"},"modified":"2019-05-25T14:10:59","modified_gmt":"2019-05-25T12:10:59","slug":"leccecronache-caro-carofiglio","status":"publish","type":"post","link":"https:\/\/www.leccecronaca.it\/index.php\/2019\/05\/21\/leccecronache-caro-carofiglio\/","title":{"rendered":"LECCECRONACHE \/ CARO CAROFIGLIO&#8230;"},"content":{"rendered":"<p><img decoding=\"async\" loading=\"lazy\" class=\"alignleft size-full wp-image-154246\" src=\"https:\/\/www.leccecronaca.it\/wordpress\/wp-content\/uploads\/2019\/05\/Gianrico-Carofiglio.jpg\" alt=\"\" width=\"400\" height=\"388\" srcset=\"https:\/\/www.leccecronaca.it\/wordpress\/wp-content\/uploads\/2019\/05\/Gianrico-Carofiglio.jpg 400w, https:\/\/www.leccecronaca.it\/wordpress\/wp-content\/uploads\/2019\/05\/Gianrico-Carofiglio-300x291.jpg 300w\" sizes=\"(max-width: 400px) 100vw, 400px\" \/>di <strong>Raffaele Polo<\/strong>______Pur contrari ai &#8216;firmacopie&#8217;, ultimo ritrovato per abbinare fatuit\u00e0 a presenzialismo, vantandosi di avere l&#8217;autografo del personaggio del momento, ci ha fatto piacere partecipare all&#8217;incontro che, all&#8217;Hotel Risorgimento di Lecce, ha visto la partecipazione di Gianrico Carofiglio, presentato da Dario Stef\u00e0no.<\/p>\n<p>S\u00ec, lo so, siamo in periodo elettorale e ogni scusa \u00e8 buona per&#8230;Un momento, voglio subito precisare che Carofiglio non \u00e8 in lista e, anzi, ha dato le dimissioni dalla Magistratura e dalla politica. Anche se, a domanda precisa, ci ha tenuto a precisare, col suo tradizionale garbo, che la politica non l&#8217;ha mai abbandonata. <em>&#8216;E non \u00e8 forse quello che stiamo facendo stasera, ovvero parlare di Verit\u00e0, Potere, Giustizia? Questa, per me, \u00e8 la Politica&#8217;<\/em> ha detto lo scrittore, ricevendo unanimi consensi ed applausi.<\/p>\n<p>E ci \u00e8 venuto da considerare che sarebbe veramente interessante e gratificante questo modo di intendere la &#8216;politica&#8217;, in un discorrere pacato di idee, principi e valori che trascendano le piccinerie sovente becere e ignoranti che siamo costretti a mandar gi\u00f9 sempre pi\u00f9 spesso. Certo, Carofiglio \u00e8 Carofiglio: un ottimo scrittore, tra i pochi che, in questa particolare realt\u00e0 che coinvolge anche il campo editoriale, mantenga una seria e vigorosa capacit\u00e0 di narrare e sottoporre problematiche attuali quasi senza parere ma, invece, sforzandosi di comunicare quello che condividiamo sovente solo nel nostro &#8216;Io&#8217; pi\u00f9 profondo.<\/p>\n<p>E, da sottolineare, anche l&#8217;uditorio \u00e8 stato composto e attento, senza indulgere in interventi autoreferenziali o provenienti da quella &#8216;politica&#8217; attenta solo ai numeri della propaganda.<\/p>\n<p>Non una parola sulle elezioni, sugli schieramenti e sugli accordi politici. Piuttosto, un continuo approfondimento sugli aspetti etici di essere uomini e donne protagonisti (positivi) del nostro tempo.<\/p>\n<p>Poi, alla fine, com&#8217;\u00e8 naturale, c&#8217;\u00e8 stato il &#8216;firmacopie&#8217;. Ma, pi\u00f9 che altro, un piacevole scambio di sorrisi e strette di mano tra persone che la pensano allo stesso modo&#8230;<\/p>\n<p>Portiamo a casa l&#8217;ultimo libro di Carofiglio, La versione di Fenoglio e il suo suggerimento a leggere lo scritto di Lakoff, Non pensare all&#8217;elefante, come riprendersi il discorso politico.<\/p>\n<p>Ci pare, in tutta onest\u00e0, di non aver sprecato la serata.<\/p>\n<fb:like href='https:\/\/www.leccecronaca.it\/index.php\/2019\/05\/21\/leccecronache-caro-carofiglio\/' send='true' layout='button_count' show_faces='true' width='450' height='65' action='recommend' colorscheme='light' font='lucida grande'><\/fb:like><span class=\"fb_share\"><fb:like href=\"https:\/\/www.leccecronaca.it\/index.php\/2019\/05\/21\/leccecronache-caro-carofiglio\/\" layout=\"button_count\"><\/fb:like><\/span>","protected":false},"excerpt":{"rendered":"<p>di Raffaele Polo______Pur contrari ai &#8216;firmacopie&#8217;, ultimo ritrovato per abbinare fatuit\u00e0 a presenzialismo, vantandosi di avere l&#8217;autografo del personaggio del momento, ci ha fatto piacere partecipare all&#8217;incontro che, all&#8217;Hotel Risorgimento di Lecce, ha visto la partecipazione di Gianrico Carofiglio, presentato da Dario Stef\u00e0no. S\u00ec, lo so, siamo in periodo elettorale e ogni scusa \u00e8 buona [&hellip;]<\/p>\n","protected":false},"author":4,"featured_media":154246,"comment_status":"open","ping_status":"closed","sticky":false,"template":"","format":"standard","meta":[],"categories":[69,31],"tags":[],"_links":{"self":[{"href":"https:\/\/www.leccecronaca.it\/index.php\/wp-json\/wp\/v2\/posts\/154245"}],"collection":[{"href":"https:\/\/www.leccecronaca.it\/index.php\/wp-json\/wp\/v2\/posts"}],"about":[{"href":"https:\/\/www.leccecronaca.it\/index.php\/wp-json\/wp\/v2\/types\/post"}],"author":[{"embeddable":true,"href":"https:\/\/www.leccecronaca.it\/index.php\/wp-json\/wp\/v2\/users\/4"}],"replies":[{"embeddable":true,"href":"https:\/\/www.leccecronaca.it\/index.php\/wp-json\/wp\/v2\/comments?post=154245"}],"version-history":[{"count":1,"href":"https:\/\/www.leccecronaca.it\/index.php\/wp-json\/wp\/v2\/posts\/154245\/revisions"}],"predecessor-version":[{"id":154247,"href":"https:\/\/www.leccecronaca.it\/index.php\/wp-json\/wp\/v2\/posts\/154245\/revisions\/154247"}],"wp:featuredmedia":[{"embeddable":true,"href":"https:\/\/www.leccecronaca.it\/index.php\/wp-json\/wp\/v2\/media\/154246"}],"wp:attachment":[{"href":"https:\/\/www.leccecronaca.it\/index.php\/wp-json\/wp\/v2\/media?parent=154245"}],"wp:term":[{"taxonomy":"category","embeddable":true,"href":"https:\/\/www.leccecronaca.it\/index.php\/wp-json\/wp\/v2\/categories?post=154245"},{"taxonomy":"post_tag","embeddable":true,"href":"https:\/\/www.leccecronaca.it\/index.php\/wp-json\/wp\/v2\/tags?post=154245"}],"curies":[{"name":"wp","href":"https:\/\/api.w.org\/{rel}","templated":true}]}}