{"id":154275,"date":"2019-05-21T18:01:39","date_gmt":"2019-05-21T16:01:39","guid":{"rendered":"http:\/\/www.leccecronaca.it\/?p=154275"},"modified":"2019-05-21T18:01:39","modified_gmt":"2019-05-21T16:01:39","slug":"abbassare-le-tasse-chiudere-i-porti-europei-e-un-patto-per-la-sicurezza-queste-le-proposte-di-matteo-salvini-rilanciate-nella-sua-visita-a-lecce","status":"publish","type":"post","link":"https:\/\/www.leccecronaca.it\/index.php\/2019\/05\/21\/abbassare-le-tasse-chiudere-i-porti-europei-e-un-patto-per-la-sicurezza-queste-le-proposte-di-matteo-salvini-rilanciate-nella-sua-visita-a-lecce\/","title":{"rendered":"ABBASSARE LE TASSE, CHIUDERE I PORTI EUROPEI, E UN PATTO PER LA SICUREZZA. QUESTE LE PROPOSTE DI MATTEO SALVINI RILANCIATE NELLA SUA VISITA A LECCE"},"content":{"rendered":"<p><img decoding=\"async\" loading=\"lazy\" class=\"alignleft size-full wp-image-154276\" src=\"https:\/\/www.leccecronaca.it\/wordpress\/wp-content\/uploads\/2019\/05\/ms.png\" alt=\"\" width=\"784\" height=\"481\" srcset=\"https:\/\/www.leccecronaca.it\/wordpress\/wp-content\/uploads\/2019\/05\/ms.png 784w, https:\/\/www.leccecronaca.it\/wordpress\/wp-content\/uploads\/2019\/05\/ms-300x184.png 300w, https:\/\/www.leccecronaca.it\/wordpress\/wp-content\/uploads\/2019\/05\/ms-768x471.png 768w\" sizes=\"(max-width: 784px) 100vw, 784px\" \/>di <strong>Francesco Buja<\/strong>______<\/p>\n<p><em>&#8220;Io adoro chi non la pensa come me, ma alle idee si contrappongono idee, a un libro si contrappone un libro, a una canzone si contrappone una canzone: chi alle idee contrappone la violenza vuol dire che non ha idee in testa&#8221;<\/em>.<\/p>\n<p>Matteo Salvini esordisce cos\u00ec nel comizio svolto a Lecce questa mattina, stigmatizzando l\u2019aggressione ai militanti leghisti compiuta due giorni fa in piazza Sant\u2019Oronzo, nel capoluogo salentino, da <em>&#8220;qualcuno che si dice pacifista e poi mena le mani<\/em>&#8220;. E dunque osserva:<em> &#8220;Qua c\u2019\u00e8 qualche centro sociale da chiudere, a occhio e croce<\/em>&#8220;. Applausi.<\/p>\n<p>In Salento, il leader della Lega, per mietere consensi pro elezioni europee, oltre che per sostenere il candidato sindaco Saverio Congedo. <em>&#8220;L\u2019Europa \u00e8 fondamentale perch\u00e9 ci entra in casa<\/em> \u2013 attacca -, <em>l\u2019Europa ci entra in negozio e in frigorifero perch\u00e9 vorrebbe sostituire l\u2019olio tunisino all\u2019olio pugliese, che \u00e8 il migliore al mondo. E quindi \u00e8 nostro dovere difendere la nostra agricoltura. L\u2019Europa \u00e8 quella che complica la vita ai pescatori, l\u2019Europa \u00e8 quella che ha imposto la legge Fornero, che io con orgoglio sto smontando pezzo per pezzo&#8221;<\/em>.<\/p>\n<p>Salvini parla agli entusiasti fans dal palco situato davanti all\u2019Anfiteatro romano; qualche centinaio di metri pi\u00f9 in l\u00e0, in piazza Sant\u2019Oronzo, i contestatori sbraitano. E lui commenta:&#8221;<em>Mi piacciono quelli che contestano perch\u00e9 di solito hanno il portafoglio pieno e sono figli di pap\u00e0. E dicono: &#8216;Fate arrivare un sacco di immigrati, perch\u00e9 tanto noi problemi a casa non ne abbiamo. Noi problemi di lavoro non ne abbiamo, noi non stiamo nelle case popolari&#8217; &#8220;<\/em>. E tira in ballo la folle impresa dell\u2019africano che la scorsa notte, nel Modenese, ha incendiato una sede dei vigili urbani, causando due morti. Quindi ricorda il nigeriano che ha staccato a morsi il dito a un poliziotto per non farsi identificare.<\/p>\n<p>Ergo: occorre chiudere anche gli altri porti europei, non solo quelli italiani, &#8220;anche perch\u00e9 di delinquenti ne abbiamo gi\u00e0 abbastanza in Italia&#8221;.<\/p>\n<p>Certo, non tutti gli immigrati sono delinquenti, ma la tesi di non aggiungere mascalzoni a mascalzoni piace ai suoi elettori. Cos\u00ec come la difesa delle forze dell\u2019ordine. <em>&#8220;Nel decreto sicurezza, su cui ho lavorato sino a mezzanotte, ieri sera, in Consiglio dei ministri<\/em> \u2013 annuncia il ministro dell\u2019Interno \u2013 e<em> che conto di approvare\u00a0domani\u00a0in Consiglio dei ministri, aumentano le saznioni nei confronti di chi aggredisce un poliziotto, un carabiniere, un vigile del fuoco, un medico del \u2018118\u2019\u00bb. Temi tradizionalmente di destra. Ma Salvini propone un cambio di rotta anche riguardo al lavoro:\u00abL\u2019unica priorit\u00e0 per questo Paese \u00e8 abbassare le tasse alle imprese, alle famiglie\u00bb, perch\u00e9 \u00abaltrimenti non redistribuisci i redditi, se nessuno lavora&#8221;<\/em>.<\/p>\n<p>Un paio di passaggi sulla Puglia, dove <em>&#8220;c\u2019\u00e8 bisogno di ferrovie possibilmente non a binario unico&#8221;<\/em>. E ancora: <em>&#8220;Quanti ospedali sono stati chiusi in Puglia per risparmiare! Riapriamoli questi ospedali, perch\u00e9 sulla salute non si scherza&#8221;<\/em>. E riguardo alle elezioni amministrative del capoluogo salentino il leader della Lega ribadisce l\u2019idea che tanto fa incazzare la sinistra: <em>&#8220;Chi sceglie la Lega, a Lecce, domenica prossima, fa una scelta precisa: per le case popolari, per i contributi comunali prima vengono gli italiani, e poi viene il resto del mondo&#8221;.<\/em><\/p>\n<p>Applausi in via Alvino, davanti al palco, mentre in piazza si scalpita per scacciare il pericolo fascista, cos\u00ec reale che i contestatori urlano e fischiano a proprio piacimento&#8230;<\/p>\n<p>Sotto il sole abbagliante del capoluogo salentino Salvini ricorda la promessa mantenuta circa la legge sulla legittima difesa e annuncia che la\u00a0settimana prossima\u00a0il Senato approver\u00e0 il finanziamento &#8220;per accendere telecamere negli asili nido, nelle scuole materne, nelle case di riposo: per proteggere bimbi, anziani e disabili&#8221;. E ancora: per legge l\u2019educazione civica sar\u00e0 materia scolastica: <em>&#8220;E a qualcuno<\/em> &#8211; la stoccata del ministro &#8211; <em>serve, studiare l\u2019educazione civica: il rispetto del prossimo, il rispetto delle idee, il rispetto di chi non la pensa come te&#8221;<\/em>.<\/p>\n<p>Altro fendente. A chi lo ha criticato per aver scomodato il Cielo per proteggere la sua azione politica. <em>&#8220;Gente che tace<\/em> &#8211; ricorda Salvini &#8211; <em>quando tolgono i crocifissi dalle scuole, cancellano il Natale, il presepe, Ges\u00f9 bambino, e invece di essere orgogliosi della nostra Storia, della nostra cultura, della nostra identit\u00e0, no: se ne vergognano. Io non me ne vergogno, e cerco, umilmente, da peccatore, di testimoniare la mia fede col mio lavoro, con gli atti quotidiani che salvano vite. Perch\u00e9 l\u2019unico modo per salvare vite<\/em> &#8211; fa notare il responsabile del Viminale &#8211; <em>\u00e8 bloccare quei barconi e aiutare quei bambini a crescere bene nel loro Paese, senza venire a fare gli schiavi in Puglia, sfruttati magari da qualche furbo senza dignit\u00e0 e senza scrupoli. Ognuno deve avere il diritto di crescere al meglio nel suo Paese, lo diceva papa Benedetto e molto umilmente cerchiamo di trasformarlo in realt\u00e0&#8221;.<\/em><\/p>\n<p>Proposte. <em>&#8220;Non geniali ma giuste e normali<\/em>&#8221; &#8211; precisa Salvini. Il quale, prima del comizio ha firmato, in prefettura, il patto per la sicurezza urbana della citt\u00e0 di Lecce. Sottoscritto insieme al presidente della Regione Puglia, Michele Emiliano, al commissario straordinario del Comune di Lecce, Ennio Mario Sodano, e al prefetto Maria Teresa Cucinotta.<\/p>\n<p>Poco prima della firma il ministro ha ringraziato chi, senza badare ai colori politici, lavora per la sicurezza. Ha sottolineato che nel 2019 <em>&#8220;in provincia di Lecce, grazie al lavoro di inquirenti e forze dell\u2019ordine, i reati sono in calo dell\u2019undici per cento&#8221;<\/em> e che sono state emesse quattro interdittive antimafia, il che <em>&#8220;vuol dire che c\u2019\u00e8 attenzione&#8221;<\/em>. La Cgil, come abbiamo riferito a parte ieri sera, ha rifiutato di aderire al patto, ritenendolo intempestivo.<\/p>\n<p>&nbsp;<\/p>\n<p>&nbsp;<\/p>\n<p>Altri contestatori del leader leghista finora gli hanno contrapposto soprattutto accuse. Come dimostra lo slogan di Zingaretti:\u00abNoi creiamo lavoro, non odio\u00bb. Un\u2019accusa e una promessa. Poco credibile, la promessa, se giunge dal segretario di un partito responsabile della legge Fornero, della \u201cbuona scuola\u201d, del Jobs act, della dimenticanza verso i terremotati, delle misure salvabanche, della legge Madia. Evidentemente, oltre al favore all\u2019immigrazione incontrollata, all\u2019abbattimento dei monumenti del Ventennio, alle unioni civili e alla legalizzazione delle droghe cosiddette leggere, gli oppositori del leader leghista non sanno proporre granch\u00e9. Motivo per cui al governo adesso c\u2019\u00e8 Salvini.<\/p>\n<fb:like href='https:\/\/www.leccecronaca.it\/index.php\/2019\/05\/21\/abbassare-le-tasse-chiudere-i-porti-europei-e-un-patto-per-la-sicurezza-queste-le-proposte-di-matteo-salvini-rilanciate-nella-sua-visita-a-lecce\/' send='true' layout='button_count' show_faces='true' width='450' height='65' action='recommend' colorscheme='light' font='lucida grande'><\/fb:like><span class=\"fb_share\"><fb:like href=\"https:\/\/www.leccecronaca.it\/index.php\/2019\/05\/21\/abbassare-le-tasse-chiudere-i-porti-europei-e-un-patto-per-la-sicurezza-queste-le-proposte-di-matteo-salvini-rilanciate-nella-sua-visita-a-lecce\/\" layout=\"button_count\"><\/fb:like><\/span>","protected":false},"excerpt":{"rendered":"<p>di Francesco Buja______ &#8220;Io adoro chi non la pensa come me, ma alle idee si contrappongono idee, a un libro si contrappone un libro, a una canzone si contrappone una canzone: chi alle idee contrappone la violenza vuol dire che non ha idee in testa&#8221;. Matteo Salvini esordisce cos\u00ec nel comizio svolto a Lecce questa [&hellip;]<\/p>\n","protected":false},"author":4,"featured_media":154276,"comment_status":"open","ping_status":"closed","sticky":false,"template":"","format":"standard","meta":[],"categories":[69,76],"tags":[],"_links":{"self":[{"href":"https:\/\/www.leccecronaca.it\/index.php\/wp-json\/wp\/v2\/posts\/154275"}],"collection":[{"href":"https:\/\/www.leccecronaca.it\/index.php\/wp-json\/wp\/v2\/posts"}],"about":[{"href":"https:\/\/www.leccecronaca.it\/index.php\/wp-json\/wp\/v2\/types\/post"}],"author":[{"embeddable":true,"href":"https:\/\/www.leccecronaca.it\/index.php\/wp-json\/wp\/v2\/users\/4"}],"replies":[{"embeddable":true,"href":"https:\/\/www.leccecronaca.it\/index.php\/wp-json\/wp\/v2\/comments?post=154275"}],"version-history":[{"count":1,"href":"https:\/\/www.leccecronaca.it\/index.php\/wp-json\/wp\/v2\/posts\/154275\/revisions"}],"predecessor-version":[{"id":154277,"href":"https:\/\/www.leccecronaca.it\/index.php\/wp-json\/wp\/v2\/posts\/154275\/revisions\/154277"}],"wp:featuredmedia":[{"embeddable":true,"href":"https:\/\/www.leccecronaca.it\/index.php\/wp-json\/wp\/v2\/media\/154276"}],"wp:attachment":[{"href":"https:\/\/www.leccecronaca.it\/index.php\/wp-json\/wp\/v2\/media?parent=154275"}],"wp:term":[{"taxonomy":"category","embeddable":true,"href":"https:\/\/www.leccecronaca.it\/index.php\/wp-json\/wp\/v2\/categories?post=154275"},{"taxonomy":"post_tag","embeddable":true,"href":"https:\/\/www.leccecronaca.it\/index.php\/wp-json\/wp\/v2\/tags?post=154275"}],"curies":[{"name":"wp","href":"https:\/\/api.w.org\/{rel}","templated":true}]}}