{"id":154625,"date":"2019-05-29T19:39:51","date_gmt":"2019-05-29T17:39:51","guid":{"rendered":"http:\/\/www.leccecronaca.it\/?p=154625"},"modified":"2019-05-29T19:39:51","modified_gmt":"2019-05-29T17:39:51","slug":"incidente-stradale-una-vittima","status":"publish","type":"post","link":"https:\/\/www.leccecronaca.it\/index.php\/2019\/05\/29\/incidente-stradale-una-vittima\/","title":{"rendered":"INCIDENTE STRADALE, UNA VITTIMA"},"content":{"rendered":"<p><img decoding=\"async\" loading=\"lazy\" class=\"alignleft size-full wp-image-154626\" src=\"https:\/\/www.leccecronaca.it\/wordpress\/wp-content\/uploads\/2019\/05\/untitled8.png\" alt=\"\" width=\"275\" height=\"184\" \/>(e.l.)______Questa mattina c&#8217;\u00e8 stato un tragico incidente stradale sulla provinciale Nard\u00f2-Avetrana. Il bilancio \u00e8 di un morto e due feriti gravi. Per cause ancora da accertare si sono scontrate una Opel Agila e un furgone Fiat Dobl\u00f2. La vittima \u00e8\u00a0Anna Troisio, 66 anni, di Taurisano. Viaggiava accanto al marito, rimasto ferito come l&#8217;altro conducente, portati dai sanitari del 118 al pronto soccorso del &#8216;Vito Fazzi&#8217; di Lecce e del &#8216;San Giuseppe&#8217; di Copertino (nella foto). Sono ancora in corso le indagini dei Carabinieri per stabilire l&#8217;esatta dinamica di quanto accaduto, ed accertarne eventuali responsabilit\u00e0.<\/p>\n<fb:like href='https:\/\/www.leccecronaca.it\/index.php\/2019\/05\/29\/incidente-stradale-una-vittima\/' send='true' layout='button_count' show_faces='true' width='450' height='65' action='recommend' colorscheme='light' font='lucida grande'><\/fb:like><span class=\"fb_share\"><fb:like href=\"https:\/\/www.leccecronaca.it\/index.php\/2019\/05\/29\/incidente-stradale-una-vittima\/\" layout=\"button_count\"><\/fb:like><\/span>","protected":false},"excerpt":{"rendered":"<p>(e.l.)______Questa mattina c&#8217;\u00e8 stato un tragico incidente stradale sulla provinciale Nard\u00f2-Avetrana. Il bilancio \u00e8 di un morto e due feriti gravi. Per cause ancora da accertare si sono scontrate una Opel Agila e un furgone Fiat Dobl\u00f2. La vittima \u00e8\u00a0Anna Troisio, 66 anni, di Taurisano. Viaggiava accanto al marito, rimasto ferito come l&#8217;altro conducente, portati [&hellip;]<\/p>\n","protected":false},"author":4,"featured_media":154626,"comment_status":"open","ping_status":"closed","sticky":false,"template":"","format":"standard","meta":[],"categories":[69],"tags":[],"_links":{"self":[{"href":"https:\/\/www.leccecronaca.it\/index.php\/wp-json\/wp\/v2\/posts\/154625"}],"collection":[{"href":"https:\/\/www.leccecronaca.it\/index.php\/wp-json\/wp\/v2\/posts"}],"about":[{"href":"https:\/\/www.leccecronaca.it\/index.php\/wp-json\/wp\/v2\/types\/post"}],"author":[{"embeddable":true,"href":"https:\/\/www.leccecronaca.it\/index.php\/wp-json\/wp\/v2\/users\/4"}],"replies":[{"embeddable":true,"href":"https:\/\/www.leccecronaca.it\/index.php\/wp-json\/wp\/v2\/comments?post=154625"}],"version-history":[{"count":1,"href":"https:\/\/www.leccecronaca.it\/index.php\/wp-json\/wp\/v2\/posts\/154625\/revisions"}],"predecessor-version":[{"id":154627,"href":"https:\/\/www.leccecronaca.it\/index.php\/wp-json\/wp\/v2\/posts\/154625\/revisions\/154627"}],"wp:featuredmedia":[{"embeddable":true,"href":"https:\/\/www.leccecronaca.it\/index.php\/wp-json\/wp\/v2\/media\/154626"}],"wp:attachment":[{"href":"https:\/\/www.leccecronaca.it\/index.php\/wp-json\/wp\/v2\/media?parent=154625"}],"wp:term":[{"taxonomy":"category","embeddable":true,"href":"https:\/\/www.leccecronaca.it\/index.php\/wp-json\/wp\/v2\/categories?post=154625"},{"taxonomy":"post_tag","embeddable":true,"href":"https:\/\/www.leccecronaca.it\/index.php\/wp-json\/wp\/v2\/tags?post=154625"}],"curies":[{"name":"wp","href":"https:\/\/api.w.org\/{rel}","templated":true}]}}