{"id":154758,"date":"2019-06-02T00:03:17","date_gmt":"2019-06-01T22:03:17","guid":{"rendered":"http:\/\/www.leccecronaca.it\/?p=154758"},"modified":"2019-06-02T11:34:49","modified_gmt":"2019-06-02T09:34:49","slug":"154758","status":"publish","type":"post","link":"https:\/\/www.leccecronaca.it\/index.php\/2019\/06\/02\/154758\/","title":{"rendered":"STEREOTIP&#8230;IO DI TYNA MARIA A LECCE DOMENICA 23"},"content":{"rendered":"<p><img decoding=\"async\" loading=\"lazy\" class=\"alignleft size-full wp-image-154760\" src=\"https:\/\/www.leccecronaca.it\/wordpress\/wp-content\/uploads\/2019\/06\/Tyna-Maria.jpg\" alt=\"\" width=\"2048\" height=\"1365\" srcset=\"https:\/\/www.leccecronaca.it\/wordpress\/wp-content\/uploads\/2019\/06\/Tyna-Maria.jpg 2048w, https:\/\/www.leccecronaca.it\/wordpress\/wp-content\/uploads\/2019\/06\/Tyna-Maria-300x200.jpg 300w, https:\/\/www.leccecronaca.it\/wordpress\/wp-content\/uploads\/2019\/06\/Tyna-Maria-1024x683.jpg 1024w, https:\/\/www.leccecronaca.it\/wordpress\/wp-content\/uploads\/2019\/06\/Tyna-Maria-768x512.jpg 768w, https:\/\/www.leccecronaca.it\/wordpress\/wp-content\/uploads\/2019\/06\/Tyna-Maria-1536x1024.jpg 1536w\" sizes=\"(max-width: 2048px) 100vw, 2048px\" \/>di <strong>Raffaele Polo<\/strong>______<\/p>\n<p>Il 23 giugno alle ore 21.00, la SALA MOSAICO ISMS \u201cLe Sorgenti\u201d della Comunit\u00e0 Emmanuel di Lecce far\u00e0 da scenario ad un evento unico ed originale: STEREOTIP&#8230;IO &#8211; Progetto Sociale di Ricerca dalla Stereotipia vocale al Gospel, a cura dell&#8217;artista salentina Tyna Maria (nella foto), musicista, compositrice e Docente Nazionale dell\u2019Universit\u00e0 Popolare di MusicArTerapia nella Globalit\u00e0 dei Linguaggi (metodoGuerraLisi).<\/p>\n<p>Un risultato unico in Italia che vedr\u00e0 la partecipazione di numerosi ospiti, artisti salentini, ed un ospite d\u2019eccezione: Albert Hera, uno dei pi\u00f9 importanti sperimentatori vocali dei nostri giorni, orgoglio italiano conosciuto a livello internazionale.<\/p>\n<p>Mac in cosa consiste questo &#8216;Spettacolo di Arte Varia&#8217;? Ce lo spiega Tyna Casalini:<em> \u201cStereotip\u2026Io \u00e8 un ITINERARIO SONORO DI PROFONDO ASCOLTO e VALORIZZAZIONE DELLE DIVERSIT\u00c0, in cui LA PERSONA, a qualunque et\u00e0 e condizione esistenziale, \u00e8 al centro di un Grembo Armonico, specchio di una Societ\u00e0 attenta ed inclusiva.<\/em><\/p>\n<p><em>L\u2019Evento \u00e8 il LIVE del mio album STEREOTIP&#8230;IO \u2013 dalla Stereotipia Vocale al Gospel, il primo prodotto discografico di un Progetto di Ricerca sulle Stereotipie Vocali iniziato nel 2008, un risultato artistico unico in Italia realizzato in collaborazione con Universit\u00e0 Popolare di MusicArTerapia (Roma), AS.SO.Fa. (Piacenza), Ass. Alzheimer Italia (Lecce), Ass. Il Melograno e con il patrocinio della Regione Puglia Assessorato al Mediterraneo Cultura e Turismo, Comune di Lecce, Provincia di Lecce, Osservatorio Permanente per la Lettura e la Comunicazione \u2013 Dipartimento di Filologia Linguistica e della Letteratura, Universit\u00e0 degli Studi di Lecce.<\/em><\/p>\n<p><em>L\u2019Album \u00e8 frutto di numerosi Laboratori di Coralit\u00e0 Emozionale da me condotti presso numerose associazioni e realt\u00e0 terapeutico-riabilitative su territorio Nazionale.<\/em><\/p>\n<p><em>Durante le attivit\u00e0 ho registrato le VOCI-STORIA delle Vite incontrate e le loro STEREOTIPIE VOCALI, per poi immergersi empaticamente in ognuno di quei &#8216;volteggi vocalici&#8217; creando, in ogni brano, un \u201cdialogo sonoro\u201d con la persona e con ogni suo suono apparentemente insensato, riconoscendolo nella sua dignit\u00e0, come depositario di un profondo e ancestrale vissuto emotivo e come sua personale strategia di comunicazione.\u201d<\/em><\/p>\n<p>&nbsp;<\/p>\n<p>L&#8217;evento del 23 giugno racconter\u00e0 dello Spirito Vitale che abita l\u2019Uomo e che maggiormente affiora nella condizione di emergenza emotiva e psico-fisica: ogni STEREOTIPIA VOCALE sapientemente &#8216;com-presa&#8217; sar\u00e0 valorizzata e amplificata in un contesto musicale che stimola una continua metamorfosi del linguaggio e rompe le barriere culturali che prediligono il codice condiviso della parola come necessario e unico veicolo di trasmissione del messaggio.<\/p>\n<p>&nbsp;<\/p>\n<p>L\u2019Evento si arricchir\u00e0 della partecipazione dei Ragazzi della Comunit\u00e0 Alloggio Piccoli Passi della Comunit\u00e0 Emmanuel, degli Amici dell\u2019Associazione Alzheimer, il cui prezioso apporto sar\u00e0 amplificato dalla Compagnia Corale JUST4JESUS diretta da Tyna Maria e i suoi musicisti, gli artisti della Compagnia Cirknos e gli acrobati di QuiedOraw, la danzatrice Alessia Tupitti con la sua Scuola ArteTempo Ballet e, per la prima volta nel Salento, Special Guest della serata sar\u00e0 Albert Hera, cantante Jazz e contemporaneo di fama Internazionale che, in qualit\u00e0 di sperimentatore vocale tra i pi\u00f9 importanti dei nostri giorni, porter\u00e0 in scena il suo CIRCLELAND (un progetto di improvvisazione corale e libert\u00e0 esecutiva che orienta il partecipante ad un rapporto libero e gioioso con la propria vocalit\u00e0 ed il proprio istinto musicale) con tutti i partecipanti al Workshop di Vocalit\u00e0 Sperimentale del 22 e 23 giugno rivolto a musicisti , attori, compositori ma anche ad esperti del linguaggio in campo riabilitativo, organizzato presso il TM Life Music Studio, dal Centro PraiseVoice \u2013 Psicopedagogia Vocale, Coralit\u00e0 e Crescita Personale.<\/p>\n<p>&nbsp;<\/p>\n<p><em>\u201cQuesto Evento ed il Progetto di Ricerca STEREOTIP\u2026IO desidera promuovere il Mondo-Uomo ed il suo inviolabile diritto alla vita, attraverso il Linguaggio ancestrale e cosmogonico delle Arti e della Musica, favorendo l\u2019affermazione dell\u2019Identit\u00e0 della Persona e sensibilizzare la Societ\u00e0 a riconoscere le tracce-storia del vissuto dell&#8217;individuo, che richiama alla Responsabilit\u00e0 di INTEGRAZIONE e INCLUSIONE dei modi diversi di Essere e Vivere.<\/em><\/p>\n<p><em>La nostra Ricerca continua, insieme ai Maestri di Vita, i nostri Ragazzi!\u201d<\/em>\u00a0&#8211; conclude Tyna Maria.<\/p>\n<p>&nbsp;<\/p>\n<p>In particolare, da notare la presenza di ALBERT HERA, Cantante Jazz e contemporaneo, uno dei pi\u00f9 importanti sperimentatori vocali dei nostri giorni.<\/p>\n<p>La sua esperienza ultra trentennale in campo musicale comprende salde collaborazioni con il meraviglioso performer statunitense Bobby McFerrin. Dopo questo peculiare incontro, Albert Hera sviluppa un proprio singolare approccio alla Circle-Singing, un processo di libera improvvisazione sonoro-vocale, che crea e assegna progressivamente ai coristi, disposti a cerchio (didattica) o a semicerchio (concerto) ripartiti per sezione timbrica, specifici moduli ritmico-vocali, dal quale sapiente incastro nasce la struttura melodica-armonica del brano.<\/p>\n<p>Compositore estemporaneo di altissimo spessore artistico, Albert Hera lavora per costruire un approccio personale a questo modo unico di fare musica in cui l&#8217;improvvisazione vocale supera la finalit\u00e0 artistica e si intreccia con quella didattica: migliorare la padronanza dello strumento vocale, vivere la vocalit\u00e0 estemporanea, la coralit\u00e0 e la libera espressione come riscoperta di emozioni profonde.______<\/p>\n<p><img decoding=\"async\" loading=\"lazy\" class=\"alignleft size-full wp-image-154759\" src=\"https:\/\/www.leccecronaca.it\/wordpress\/wp-content\/uploads\/2019\/06\/Stereotipio-banner-fb.jpg\" alt=\"\" width=\"1920\" height=\"1080\" srcset=\"https:\/\/www.leccecronaca.it\/wordpress\/wp-content\/uploads\/2019\/06\/Stereotipio-banner-fb.jpg 1920w, https:\/\/www.leccecronaca.it\/wordpress\/wp-content\/uploads\/2019\/06\/Stereotipio-banner-fb-300x169.jpg 300w, https:\/\/www.leccecronaca.it\/wordpress\/wp-content\/uploads\/2019\/06\/Stereotipio-banner-fb-1024x576.jpg 1024w, https:\/\/www.leccecronaca.it\/wordpress\/wp-content\/uploads\/2019\/06\/Stereotipio-banner-fb-768x432.jpg 768w, https:\/\/www.leccecronaca.it\/wordpress\/wp-content\/uploads\/2019\/06\/Stereotipio-banner-fb-1536x864.jpg 1536w\" sizes=\"(max-width: 1920px) 100vw, 1920px\" \/><\/p>\n<p>CONTATTI<br \/>\nMaria Luisa Papa<\/p>\n<p>PRAISEVOICE \u2013 Scuola di Psicopedagogia Vocale, Coralit\u00e0, Crescita Personale<\/p>\n<p>MODELLO FORMATIVO A CURA DI TYNA MARIA<\/p>\n<p>3272924358<\/p>\n<p>progettipraisevoice@gmail.com<\/p>\n<p>www.praisevoice.it<\/p>\n<p>&nbsp;<\/p>\n<p>PRAISEVOICE: http:\/\/www.praisevoice.it\/<\/p>\n<p>TYNA MARIA: http:\/\/www.tynamariaofficialwebsite.it\/<\/p>\n<p>INSTAGRAM: just4jesus_official<\/p>\n<fb:like href='https:\/\/www.leccecronaca.it\/index.php\/2019\/06\/02\/154758\/' send='true' layout='button_count' show_faces='true' width='450' height='65' action='recommend' colorscheme='light' font='lucida grande'><\/fb:like><span class=\"fb_share\"><fb:like href=\"https:\/\/www.leccecronaca.it\/index.php\/2019\/06\/02\/154758\/\" layout=\"button_count\"><\/fb:like><\/span>","protected":false},"excerpt":{"rendered":"<p>di Raffaele Polo______ Il 23 giugno alle ore 21.00, la SALA MOSAICO ISMS \u201cLe Sorgenti\u201d della Comunit\u00e0 Emmanuel di Lecce far\u00e0 da scenario ad un evento unico ed originale: STEREOTIP&#8230;IO &#8211; Progetto Sociale di Ricerca dalla Stereotipia vocale al Gospel, a cura dell&#8217;artista salentina Tyna Maria (nella foto), musicista, compositrice e Docente Nazionale dell\u2019Universit\u00e0 Popolare [&hellip;]<\/p>\n","protected":false},"author":4,"featured_media":0,"comment_status":"open","ping_status":"closed","sticky":false,"template":"","format":"standard","meta":[],"categories":[31,75],"tags":[],"_links":{"self":[{"href":"https:\/\/www.leccecronaca.it\/index.php\/wp-json\/wp\/v2\/posts\/154758"}],"collection":[{"href":"https:\/\/www.leccecronaca.it\/index.php\/wp-json\/wp\/v2\/posts"}],"about":[{"href":"https:\/\/www.leccecronaca.it\/index.php\/wp-json\/wp\/v2\/types\/post"}],"author":[{"embeddable":true,"href":"https:\/\/www.leccecronaca.it\/index.php\/wp-json\/wp\/v2\/users\/4"}],"replies":[{"embeddable":true,"href":"https:\/\/www.leccecronaca.it\/index.php\/wp-json\/wp\/v2\/comments?post=154758"}],"version-history":[{"count":3,"href":"https:\/\/www.leccecronaca.it\/index.php\/wp-json\/wp\/v2\/posts\/154758\/revisions"}],"predecessor-version":[{"id":154772,"href":"https:\/\/www.leccecronaca.it\/index.php\/wp-json\/wp\/v2\/posts\/154758\/revisions\/154772"}],"wp:attachment":[{"href":"https:\/\/www.leccecronaca.it\/index.php\/wp-json\/wp\/v2\/media?parent=154758"}],"wp:term":[{"taxonomy":"category","embeddable":true,"href":"https:\/\/www.leccecronaca.it\/index.php\/wp-json\/wp\/v2\/categories?post=154758"},{"taxonomy":"post_tag","embeddable":true,"href":"https:\/\/www.leccecronaca.it\/index.php\/wp-json\/wp\/v2\/tags?post=154758"}],"curies":[{"name":"wp","href":"https:\/\/api.w.org\/{rel}","templated":true}]}}