{"id":154786,"date":"2019-06-03T00:02:26","date_gmt":"2019-06-02T22:02:26","guid":{"rendered":"http:\/\/www.leccecronaca.it\/?p=154786"},"modified":"2019-06-03T17:09:39","modified_gmt":"2019-06-03T15:09:39","slug":"festa-del-2-giugno-ecco-perche-il-movimento-5-stelle-continua-a-perdere-consensi","status":"publish","type":"post","link":"https:\/\/www.leccecronaca.it\/index.php\/2019\/06\/03\/festa-del-2-giugno-ecco-perche-il-movimento-5-stelle-continua-a-perdere-consensi\/","title":{"rendered":"FESTA DEL 2 GIUGNO. IL MOVIMENTO 5 STELLE CONTINUA A PERDERE CONSENSI"},"content":{"rendered":"<div id=\"attachment_154846\" style=\"width: 710px\" class=\"wp-caption alignleft\"><img aria-describedby=\"caption-attachment-154846\" decoding=\"async\" loading=\"lazy\" class=\"size-full wp-image-154846\" src=\"https:\/\/www.leccecronaca.it\/wordpress\/wp-content\/uploads\/2019\/06\/2-GIUGNO-inclusione-1.jpg\" alt=\"\" width=\"700\" height=\"689\" srcset=\"https:\/\/www.leccecronaca.it\/wordpress\/wp-content\/uploads\/2019\/06\/2-GIUGNO-inclusione-1.jpg 700w, https:\/\/www.leccecronaca.it\/wordpress\/wp-content\/uploads\/2019\/06\/2-GIUGNO-inclusione-1-300x295.jpg 300w, https:\/\/www.leccecronaca.it\/wordpress\/wp-content\/uploads\/2019\/06\/2-GIUGNO-inclusione-1-60x60.jpg 60w\" sizes=\"(max-width: 700px) 100vw, 700px\" \/><p id=\"caption-attachment-154846\" class=\"wp-caption-text\">rpt<\/p><\/div>\n<p>Melcore Valerio_______Quali sono le cause per cui il M5S continua a perdere consensi? Questa \u00e8 la domanda che in questi giorni un po&#8217; tutti, all&#8217;interno e all&#8217;esterno del Movimento si pongono.<br \/>\nCerto cadere nella trappola che la sinistra ha predisposto per i grillini, convincendoli ad attaccare l&#8217;alleato di governo, denota grande ingenuit\u00e0, come si \u00e8 visto pi\u00f9 Di Maio e company attaccavano la Lega, pi\u00f9 crescevano i consensi per Salvini.<br \/>\nI grillini si son fatti abbindolare da quegli stessi giornalisti che non molti mesi fa avevano messo all&#8217;indice inserendoli nella lista nera, definendoli pennivendoli faziosi al servizio del PD; poi negli ultimi due mesi proprio da questi si son fatti dettare la strategia elettorale seguendo i loro &#8220;disinteressati&#8221; consigli.<\/p>\n<p>Ma se l&#8217;attacco all&#8217;alleato di governo, \u00a0\u00e8 stato \u00a0il maldestro tentativo di bloccare le simpatie crescenti nei confronti del leader del carroccio, la domanda da porsi \u00e8 perch\u00e9 il M5S continua a perdere consensi a favore della Lega?<br \/>\nSicuramente la mancanza di un leader riconosciuto da tutti. In questi mesi pi\u00f9 volte \u00a0abbiamo assistito alle dichiarazioni del Vicepremier Di Maio con le quali sosteneva una tesi, ed il giorno dopo c&#8217;era il Presidente della Camera Fico, \u00a0o qualche &#8220;fichetto&#8221;, rilasciano dichiarazioni in cui si affermava il contrario.<br \/>\nIn questi casi serve a poco \u00a0dire che \u00a0\u00e8 il capo politico del Movimento \u00e8 Luigi Di Maio, se poi ogni volta le differenze all&#8217;interno del Movimento, sopratutto a livello parlamentare si palesa.<br \/>\nMa torniamo alla domanda che ci siamo posti perch\u00e9 il M5S perde voti, ma sopratutto perch\u00e9 a favore della Lega?<br \/>\nLa prima analisi che i commentatori politici non hanno fatto \u00e8 questa: la base del Movimento 5 Stelle, gli attivisti ed i votanti per il 50% culturalmente e politicamente provengono da destra; queste percentuali per\u00f2 non si riscontrano negli eletti che spesso provengono e sono portatori di una cultura di sinistra. Adesso sorvoliamo sul perch\u00e9 di questa dicotomia, un&#8217;analisi approfondita ci porterebbe lontano, \u00a0diciamo soltanto che gli uomini di destra sono meno abituati a proporsi o ad autopromuoversi.<br \/>\nPer cui la sterzata repentina a sinistra in questi ultimi tre mesi a partire dal Convegno sulla Famiglia, insieme agli attacchi a Salvini e alle sue politiche definite di destra, hanno spostato buona parte dell&#8217;elettorato che ha deciso di votare la Lega.<br \/>\nQuesto ieri, ma guardiamo all&#8217;oggi.<\/p>\n<p>Prendiamo in esame un episodio concreto che pi\u00f9 attuale non si pu\u00f2, la Festa del 2 Giugno. Si festeggia la nascita della Repubblica Italiana, la festa pi\u00f9 importante, l&#8217;unica nella quale tutti gli italiani si riconoscono. Come oggi nel 1946 si tenne il referendum istituzionale. La Festa della Repubblica Italiana \u00e8 uno dei simboli patri italiani.<br \/>\nIl cerimoniale della manifestazione organizzata a Roma comprende la deposizione di una corona d&#8217;alloro in omaggio al Milite Ignoto all&#8217;Altare della Patria\u00a0da parte del Presidente della Repubblica Italiana e una parata militare lungo via dei Fori Imperiali.<br \/>\nOra, con tutta buona volont\u00e0 spiegare agli italiani \u00a0che quest&#8217;anno tale festa viene spogliata del suoi significato, per diventare la festa dell&#8217;inclusione \u00e8 un compito arduo.<br \/>\nEcco il Ministro, o come ama essere definita, la Ministra della Difesa Elisabetta Trenta, in quota al M5S ha deciso di sua sponte di dedicare questa festa ad un tema cos\u00ec controverso, perch\u00e9 a nessuno sfugge \u00a0che l&#8217;aggettivo inclusione, ha molto a che vedere con il problema degli immigrati.<br \/>\nProblema degli immigrati clandestini che il governo giallo-verde con in testa Salvini ha affrontato e per il momento risolto, se \u00e8 vero che gli sbarchi in quest&#8217;ultimo anno si sono ridotti considerevolmente.<br \/>\nUn risultato da ascrivere alla Lega, ma anche al Movimento 5 Stelle.<br \/>\nPer\u00f2, c&#8217;\u00e8 un per\u00f2, \u00a0una parte minoritaria del Movimento che fa capo a Fico, e di cui fa parte la Trenta, \u00a0non \u00e8 d&#8217;accordo, e sul tema dell&#8217;immigrazione clandestina si trova \u00a0sulle stesse posizioni del PD, ossia frontiere aperte per tutti.<br \/>\nSecondo voi gli italiani cosa avranno pensato di questo tentativo della Trenta di polemizzare con Salvini? \u00a0Questi comportamenti schizofrenici del M 5 Stelle gli far\u00e0 aumentare le simpatie del Paese?<br \/>\nLe prese di posizione di importanti uomini delle istituzioni farebbero pensare di no.<br \/>\nMa leggiamo alcune di queste dichiarazioni. Cominciamo dai vertici delle Forze Armate, i quali hanno deciso di dissociarsi dalla parata ufficiale.<\/p>\n<p>La contro-<strong>parata<\/strong>\u00a0dei\u00a0<strong>generali<\/strong>.<br \/>\nEcco cosa scrivono: &#8221; il ministro Trenta umilia le forze armate, tra tardo-pacifismo, tagli e l&#8217;invenzione del 2 Giugno\u00a0\u00a0come \u00abfesta dell&#8217;inclusione\u00bb, e \u00abnoi non ci saremo\u00bb. Ed \u00e8 un gesto forte, e inedito, contro il primo 2 giugno giallo-verde, quello di due ex capi di stato maggiore della Difesa, Vincenzo Camporini e Mario Arpino. E Dino Tricarico, ex capo di stato maggiore dell&#8217;Aeronautica, a sua volta \u00e8 particolarmente duro: \u00abNon parteciper\u00f2 alla parata perch\u00e9 sarebbe ipocrita applaudire i nostri soldati in compagnia di soggetti che stanno contribuendo a un progressivo e, per certi versi, irreversibile indebolimento delle Forze Armate\u00bb. E ancora: \u00abUna componente della maggioranza giallo-verde \u00a0sta portando avanti un atteggiamento ostile nei confronti di una delle poche istituzioni che funzionano.<\/p>\n<p>Ma l&#8217;attacco pi\u00f9 feroce alla Ministra arriva proprio dall&#8217;interno del suo Ministero e da un uomo del suo stesso partito.<br \/>\nAngelo Tofalo, <strong>sottosegretario grillino alla Difesa<\/strong>, attacca la Ministra della Difesa, indicata proprio dal suo Movimento:<br \/>\n&#8220;Ho cercato per un anno di stare accanto alla ministra e di spiegarle che il nemico non \u00e8 Salvini, o chiss\u00e0 chi altro ma chi, all&#8217;interno dell&#8217;apparato, vuole continuare ad agire senza l&#8217;indirizzo e il controllo politico. Purtroppo, consigliata male, ha deciso di fare valutazioni diverse&#8221;, facendo &#8220;scelte incomprensibili&#8221;, &#8220;quasi mai coordinate politicamente, che hanno solo rafforzato, a causa di errori grossolani, l&#8217;influenza di capi e capetti del passato. Il tutto, purtroppo, a discapito del Paese&#8221;.<\/p>\n<p>Un atteggiamento ostile, cos\u00ec viene definito dai vertici delle Forze Armate il comportamento della Ministra Trenta.<br \/>\nAmici che ci leggete, ripetiamo la domanda, secondo voi il consenso nei confronti di questo ministro e della sua parte politica aumenter\u00e0?<br \/>\nA noi pare proprio di no, almeno sino a quando questi atteggiamenti \u00a0schizofrenici continueranno a segnare il comportamento della classe politica grillina.<\/p>\n<p>&nbsp;<\/p>\n<fb:like href='https:\/\/www.leccecronaca.it\/index.php\/2019\/06\/03\/festa-del-2-giugno-ecco-perche-il-movimento-5-stelle-continua-a-perdere-consensi\/' send='true' layout='button_count' show_faces='true' width='450' height='65' action='recommend' colorscheme='light' font='lucida grande'><\/fb:like><span class=\"fb_share\"><fb:like href=\"https:\/\/www.leccecronaca.it\/index.php\/2019\/06\/03\/festa-del-2-giugno-ecco-perche-il-movimento-5-stelle-continua-a-perdere-consensi\/\" layout=\"button_count\"><\/fb:like><\/span>","protected":false},"excerpt":{"rendered":"<p>Melcore Valerio_______Quali sono le cause per cui il M5S continua a perdere consensi? Questa \u00e8 la domanda che in questi giorni un po&#8217; tutti, all&#8217;interno e all&#8217;esterno del Movimento si pongono. Certo cadere nella trappola che la sinistra ha predisposto per i grillini, convincendoli ad attaccare l&#8217;alleato di governo, denota grande ingenuit\u00e0, come si \u00e8 [&hellip;]<\/p>\n","protected":false},"author":4,"featured_media":0,"comment_status":"open","ping_status":"closed","sticky":false,"template":"","format":"standard","meta":[],"categories":[76],"tags":[],"_links":{"self":[{"href":"https:\/\/www.leccecronaca.it\/index.php\/wp-json\/wp\/v2\/posts\/154786"}],"collection":[{"href":"https:\/\/www.leccecronaca.it\/index.php\/wp-json\/wp\/v2\/posts"}],"about":[{"href":"https:\/\/www.leccecronaca.it\/index.php\/wp-json\/wp\/v2\/types\/post"}],"author":[{"embeddable":true,"href":"https:\/\/www.leccecronaca.it\/index.php\/wp-json\/wp\/v2\/users\/4"}],"replies":[{"embeddable":true,"href":"https:\/\/www.leccecronaca.it\/index.php\/wp-json\/wp\/v2\/comments?post=154786"}],"version-history":[{"count":7,"href":"https:\/\/www.leccecronaca.it\/index.php\/wp-json\/wp\/v2\/posts\/154786\/revisions"}],"predecessor-version":[{"id":154847,"href":"https:\/\/www.leccecronaca.it\/index.php\/wp-json\/wp\/v2\/posts\/154786\/revisions\/154847"}],"wp:attachment":[{"href":"https:\/\/www.leccecronaca.it\/index.php\/wp-json\/wp\/v2\/media?parent=154786"}],"wp:term":[{"taxonomy":"category","embeddable":true,"href":"https:\/\/www.leccecronaca.it\/index.php\/wp-json\/wp\/v2\/categories?post=154786"},{"taxonomy":"post_tag","embeddable":true,"href":"https:\/\/www.leccecronaca.it\/index.php\/wp-json\/wp\/v2\/tags?post=154786"}],"curies":[{"name":"wp","href":"https:\/\/api.w.org\/{rel}","templated":true}]}}