{"id":154820,"date":"2019-06-02T19:19:51","date_gmt":"2019-06-02T17:19:51","guid":{"rendered":"http:\/\/www.leccecronaca.it\/?p=154820"},"modified":"2019-06-02T19:19:51","modified_gmt":"2019-06-02T17:19:51","slug":"cartolina-choc-dal-salento-domenica-2-giugno","status":"publish","type":"post","link":"https:\/\/www.leccecronaca.it\/index.php\/2019\/06\/02\/cartolina-choc-dal-salento-domenica-2-giugno\/","title":{"rendered":"CARTOLINA CHOC DAL SALENTO, DOMENICA 2 GIUGNO"},"content":{"rendered":"<p><img decoding=\"async\" loading=\"lazy\" class=\"alignleft size-full wp-image-154821\" src=\"https:\/\/www.leccecronaca.it\/wordpress\/wp-content\/uploads\/2019\/06\/ster.jpg\" alt=\"\" width=\"720\" height=\"960\" srcset=\"https:\/\/www.leccecronaca.it\/wordpress\/wp-content\/uploads\/2019\/06\/ster.jpg 720w, https:\/\/www.leccecronaca.it\/wordpress\/wp-content\/uploads\/2019\/06\/ster-225x300.jpg 225w\" sizes=\"(max-width: 720px) 100vw, 720px\" \/>(Rdl)______Va beh che, se non al peggio, speriamo di no, almeno ai cambiamenti climatici anche estremi dobbiamo oramai abituarci, cambiamenti dovuti all&#8217;effetto serra e all&#8217;inquinamento, che si manifestano anche con lo stravolgimento delle stagioni, ivi compresi ondate di freddo anomale, legate anch&#8217;esse al surriscaldamento del pianeta. Occorre lottare e ognuno di noi in prima persona per quel che pu\u00f2, urgentemente, per evitare il peggio.<\/p>\n<p>Perch\u00e9 ormai ci stiamo arrivando. Un fenomeno isolato \u00e8 un caso, Due, tre, pure. Ma quando questi fenomeni si ripetono con regolarit\u00e0, sono spia rosa accesa evidentissima.<\/p>\n<p>Dopo una mancanza di primavera e un&#8217;estate in altri tempi a questo punto gi\u00e0 corposa, quest&#8217;anno il Salento continua ad essere oggetto di stranezze inaudite. Mentre al Nord Italia ci sono trenta gradi. Questa foto, che abbiamo scelto fra tante altre, \u00e8 stata condivisa oggi tramite Facebook da Maurizio Meo, che cos\u00ec l&#8217;ha commentata:<em>\u00a0&#8220;Che ci crediate o no questa \u00e8 Sternatia (Lecce) il 2 giugno 2019. Una grandinata senza precedenti&#8221;<\/em>.<\/p>\n<fb:like href='https:\/\/www.leccecronaca.it\/index.php\/2019\/06\/02\/cartolina-choc-dal-salento-domenica-2-giugno\/' send='true' layout='button_count' show_faces='true' width='450' height='65' action='recommend' colorscheme='light' font='lucida grande'><\/fb:like><span class=\"fb_share\"><fb:like href=\"https:\/\/www.leccecronaca.it\/index.php\/2019\/06\/02\/cartolina-choc-dal-salento-domenica-2-giugno\/\" layout=\"button_count\"><\/fb:like><\/span>","protected":false},"excerpt":{"rendered":"<p>(Rdl)______Va beh che, se non al peggio, speriamo di no, almeno ai cambiamenti climatici anche estremi dobbiamo oramai abituarci, cambiamenti dovuti all&#8217;effetto serra e all&#8217;inquinamento, che si manifestano anche con lo stravolgimento delle stagioni, ivi compresi ondate di freddo anomale, legate anch&#8217;esse al surriscaldamento del pianeta. Occorre lottare e ognuno di noi in prima persona [&hellip;]<\/p>\n","protected":false},"author":4,"featured_media":154821,"comment_status":"open","ping_status":"closed","sticky":false,"template":"","format":"standard","meta":[],"categories":[69],"tags":[],"_links":{"self":[{"href":"https:\/\/www.leccecronaca.it\/index.php\/wp-json\/wp\/v2\/posts\/154820"}],"collection":[{"href":"https:\/\/www.leccecronaca.it\/index.php\/wp-json\/wp\/v2\/posts"}],"about":[{"href":"https:\/\/www.leccecronaca.it\/index.php\/wp-json\/wp\/v2\/types\/post"}],"author":[{"embeddable":true,"href":"https:\/\/www.leccecronaca.it\/index.php\/wp-json\/wp\/v2\/users\/4"}],"replies":[{"embeddable":true,"href":"https:\/\/www.leccecronaca.it\/index.php\/wp-json\/wp\/v2\/comments?post=154820"}],"version-history":[{"count":1,"href":"https:\/\/www.leccecronaca.it\/index.php\/wp-json\/wp\/v2\/posts\/154820\/revisions"}],"predecessor-version":[{"id":154822,"href":"https:\/\/www.leccecronaca.it\/index.php\/wp-json\/wp\/v2\/posts\/154820\/revisions\/154822"}],"wp:featuredmedia":[{"embeddable":true,"href":"https:\/\/www.leccecronaca.it\/index.php\/wp-json\/wp\/v2\/media\/154821"}],"wp:attachment":[{"href":"https:\/\/www.leccecronaca.it\/index.php\/wp-json\/wp\/v2\/media?parent=154820"}],"wp:term":[{"taxonomy":"category","embeddable":true,"href":"https:\/\/www.leccecronaca.it\/index.php\/wp-json\/wp\/v2\/categories?post=154820"},{"taxonomy":"post_tag","embeddable":true,"href":"https:\/\/www.leccecronaca.it\/index.php\/wp-json\/wp\/v2\/tags?post=154820"}],"curies":[{"name":"wp","href":"https:\/\/api.w.org\/{rel}","templated":true}]}}