{"id":154885,"date":"2019-06-04T15:12:47","date_gmt":"2019-06-04T13:12:47","guid":{"rendered":"http:\/\/www.leccecronaca.it\/?p=154885"},"modified":"2019-06-04T15:13:31","modified_gmt":"2019-06-04T13:13:31","slug":"gianni-mazzoccoli-artista-della-memoria-espone-a-trieste-ed-e-un-successo","status":"publish","type":"post","link":"https:\/\/www.leccecronaca.it\/index.php\/2019\/06\/04\/gianni-mazzoccoli-artista-della-memoria-espone-a-trieste-ed-e-un-successo\/","title":{"rendered":"GIANNI MAZZOCCOLI ARTISTA DELLA MEMORIA ESPONE A TRIESTE ED E&#8217; UN SUCCESSO"},"content":{"rendered":"<p><img decoding=\"async\" loading=\"lazy\" class=\"alignleft size-full wp-image-154886\" src=\"https:\/\/www.leccecronaca.it\/wordpress\/wp-content\/uploads\/2019\/06\/gianni-MOSTRA.jpg\" alt=\"\" width=\"1200\" height=\"1079\" srcset=\"https:\/\/www.leccecronaca.it\/wordpress\/wp-content\/uploads\/2019\/06\/gianni-MOSTRA.jpg 1200w, https:\/\/www.leccecronaca.it\/wordpress\/wp-content\/uploads\/2019\/06\/gianni-MOSTRA-300x270.jpg 300w, https:\/\/www.leccecronaca.it\/wordpress\/wp-content\/uploads\/2019\/06\/gianni-MOSTRA-1024x921.jpg 1024w, https:\/\/www.leccecronaca.it\/wordpress\/wp-content\/uploads\/2019\/06\/gianni-MOSTRA-768x691.jpg 768w\" sizes=\"(max-width: 1200px) 100vw, 1200px\" \/><img decoding=\"async\" loading=\"lazy\" class=\"alignleft size-full wp-image-154887\" src=\"https:\/\/www.leccecronaca.it\/wordpress\/wp-content\/uploads\/2019\/06\/gianni-1.jpg\" alt=\"\" width=\"1000\" height=\"1313\" srcset=\"https:\/\/www.leccecronaca.it\/wordpress\/wp-content\/uploads\/2019\/06\/gianni-1.jpg 1000w, https:\/\/www.leccecronaca.it\/wordpress\/wp-content\/uploads\/2019\/06\/gianni-1-228x300.jpg 228w, https:\/\/www.leccecronaca.it\/wordpress\/wp-content\/uploads\/2019\/06\/gianni-1-780x1024.jpg 780w, https:\/\/www.leccecronaca.it\/wordpress\/wp-content\/uploads\/2019\/06\/gianni-1-768x1008.jpg 768w\" sizes=\"(max-width: 1000px) 100vw, 1000px\" \/> <img decoding=\"async\" loading=\"lazy\" class=\"alignleft size-full wp-image-154888\" src=\"https:\/\/www.leccecronaca.it\/wordpress\/wp-content\/uploads\/2019\/06\/gianni-2.jpg\" alt=\"\" width=\"1040\" height=\"1500\" srcset=\"https:\/\/www.leccecronaca.it\/wordpress\/wp-content\/uploads\/2019\/06\/gianni-2.jpg 1040w, https:\/\/www.leccecronaca.it\/wordpress\/wp-content\/uploads\/2019\/06\/gianni-2-208x300.jpg 208w, https:\/\/www.leccecronaca.it\/wordpress\/wp-content\/uploads\/2019\/06\/gianni-2-710x1024.jpg 710w, https:\/\/www.leccecronaca.it\/wordpress\/wp-content\/uploads\/2019\/06\/gianni-2-768x1108.jpg 768w\" sizes=\"(max-width: 1040px) 100vw, 1040px\" \/>mv_______E&#8217; appena terminata la mostra che Gianni Mazzoccoli \u00a0ha organizzato a Trieste, grazie anche all&#8217;apporto di Puglia Club di Trieste, associazione composta da pugliesi che vivono nel Trentino.<br \/>\nNella \u00a0mostra sono state esposte un&#8217;ottantina di creazioni in carta pesta che rappresentano uomini e donne addobbate con vestiti tipici d&#8217;epoca di alcune regioni tra cui la Puglia.<br \/>\nLa mostra patrocinata dal Comune di Trieste \u00e8 stata un successo, visitata da oltre tremila persone, l&#8217;inaugurazione \u00e8 avvenuta alla presenza di personalit\u00e0 interne alla Regione ed al Comune.<\/p>\n<fb:like href='https:\/\/www.leccecronaca.it\/index.php\/2019\/06\/04\/gianni-mazzoccoli-artista-della-memoria-espone-a-trieste-ed-e-un-successo\/' send='true' layout='button_count' show_faces='true' width='450' height='65' action='recommend' colorscheme='light' font='lucida grande'><\/fb:like><span class=\"fb_share\"><fb:like href=\"https:\/\/www.leccecronaca.it\/index.php\/2019\/06\/04\/gianni-mazzoccoli-artista-della-memoria-espone-a-trieste-ed-e-un-successo\/\" layout=\"button_count\"><\/fb:like><\/span>","protected":false},"excerpt":{"rendered":"<p>mv_______E&#8217; appena terminata la mostra che Gianni Mazzoccoli \u00a0ha organizzato a Trieste, grazie anche all&#8217;apporto di Puglia Club di Trieste, associazione composta da pugliesi che vivono nel Trentino. Nella \u00a0mostra sono state esposte un&#8217;ottantina di creazioni in carta pesta che rappresentano uomini e donne addobbate con vestiti tipici d&#8217;epoca di alcune regioni tra cui la [&hellip;]<\/p>\n","protected":false},"author":4,"featured_media":0,"comment_status":"open","ping_status":"closed","sticky":false,"template":"","format":"standard","meta":[],"categories":[31],"tags":[],"_links":{"self":[{"href":"https:\/\/www.leccecronaca.it\/index.php\/wp-json\/wp\/v2\/posts\/154885"}],"collection":[{"href":"https:\/\/www.leccecronaca.it\/index.php\/wp-json\/wp\/v2\/posts"}],"about":[{"href":"https:\/\/www.leccecronaca.it\/index.php\/wp-json\/wp\/v2\/types\/post"}],"author":[{"embeddable":true,"href":"https:\/\/www.leccecronaca.it\/index.php\/wp-json\/wp\/v2\/users\/4"}],"replies":[{"embeddable":true,"href":"https:\/\/www.leccecronaca.it\/index.php\/wp-json\/wp\/v2\/comments?post=154885"}],"version-history":[{"count":2,"href":"https:\/\/www.leccecronaca.it\/index.php\/wp-json\/wp\/v2\/posts\/154885\/revisions"}],"predecessor-version":[{"id":154890,"href":"https:\/\/www.leccecronaca.it\/index.php\/wp-json\/wp\/v2\/posts\/154885\/revisions\/154890"}],"wp:attachment":[{"href":"https:\/\/www.leccecronaca.it\/index.php\/wp-json\/wp\/v2\/media?parent=154885"}],"wp:term":[{"taxonomy":"category","embeddable":true,"href":"https:\/\/www.leccecronaca.it\/index.php\/wp-json\/wp\/v2\/categories?post=154885"},{"taxonomy":"post_tag","embeddable":true,"href":"https:\/\/www.leccecronaca.it\/index.php\/wp-json\/wp\/v2\/tags?post=154885"}],"curies":[{"name":"wp","href":"https:\/\/api.w.org\/{rel}","templated":true}]}}