{"id":155031,"date":"2019-06-07T13:45:33","date_gmt":"2019-06-07T11:45:33","guid":{"rendered":"http:\/\/www.leccecronaca.it\/?p=155031"},"modified":"2019-06-07T14:01:10","modified_gmt":"2019-06-07T12:01:10","slug":"la-piaga-incancrenita-delle-lunghe-liste-di-attesa-allasl-di-lecce-una-lettera-a-leccecronaca-it-e-una-nostra-risposta-aspettando-che-il-presidente-assessore-faccia-qualcosa-di-buono-per-i-cittadi","status":"publish","type":"post","link":"https:\/\/www.leccecronaca.it\/index.php\/2019\/06\/07\/la-piaga-incancrenita-delle-lunghe-liste-di-attesa-allasl-di-lecce-una-lettera-a-leccecronaca-it-e-una-nostra-risposta-aspettando-che-il-presidente-assessore-faccia-qualcosa-di-buono-per-i-cittadi\/","title":{"rendered":"LA PIAGA INCANCRENITA DELLE LUNGHE LISTE DI ATTESA ALL&#8217;ASL DI LECCE. UNA LETTERA A leccecronaca.it E UNA NOSTRA RISPOSTA. ASPETTANDO CHE IL NOSTRO CARO LEADER PRESIDENTE ASSESSORE MICHELE EMILIANO FACCIA QUALCOSA DI BUONO PER I CITTADINI FIN TROPPO PAZIENTI"},"content":{"rendered":"<p><img decoding=\"async\" loading=\"lazy\" class=\"alignleft size-full wp-image-155033\" src=\"https:\/\/www.leccecronaca.it\/wordpress\/wp-content\/uploads\/2019\/06\/emi.jpg\" alt=\"\" width=\"800\" height=\"591\" srcset=\"https:\/\/www.leccecronaca.it\/wordpress\/wp-content\/uploads\/2019\/06\/emi.jpg 800w, https:\/\/www.leccecronaca.it\/wordpress\/wp-content\/uploads\/2019\/06\/emi-300x222.jpg 300w, https:\/\/www.leccecronaca.it\/wordpress\/wp-content\/uploads\/2019\/06\/emi-768x567.jpg 768w\" sizes=\"(max-width: 800px) 100vw, 800px\" \/>Riceviamo e volentieri pubblichiamo. L&#8217; avvocato Marco Ruggio ci scrive______<\/p>\n<p>Egr. direttore,<\/p>\n<p>faccio uso della Sua cortesia per segnalare \u2013 ancora una volta &#8211; il ben noto disagio cui vanno incontro i pazienti della ASL Lecce a causa delle lunghe liste d\u2019attesa e, umilmente, suggerire una possibile soluzione. Almeno per il caso di specie.<\/p>\n<p>La paziente, in cura presso l\u2019oncoematologico di Lecce, deve effettuare densitometria ossea con priorit\u00e0 \u201cB\u201d, ovvero entro 10 giorni dalla emissione della ricetta bianca. Contattato il Centralino Unico Prenotazione della Asl, non risultano da subito disponibilit\u00e0 all\u2019effettuazione dell\u2019esame con la priorit\u00e0 assegnata. Suggerimento degli operatori telefonici: chiami ogni giorno nella prima mattinata casomai dovessero liberarsi date utili! Dopo il terzo giorno consecutivo di chiamate infruttuose, l\u2019operatore telefonico suggerisce di recarsi di persona presso lo sportello CUP all\u2019ingresso del \u201cVito Fazzi\u201d affinch\u00e9 la ricetta venga messa in \u201cAgenda Tutor\u201d per ottenere la priorit\u00e0 richiesta. Allo sportello CUP del \u201cFazzi\u201d, l\u2019operatore chiarisce che queste prestazioni non fruiscono di \u201dAgenda Tutor\u201d, che non vi sono date disponibili secondo la priorit\u00e0 richiesta (10 giorni) e che, a sto punto, \u00e8 meglio prenotare la prima data utile: met\u00e0 luglio. E pazienza se si perde la priorit\u00e0!<\/p>\n<p>Avr\u00e0 compreso, caro Direttore, l\u2019evidente disagio in cui viene a trovarsi il paziente, peraltro affetto da patologie di particolare incidenza, costretto a doversi barcamenare fra CUP telefonico e Sportello Ospedaliero nella speranza che la priorit\u00e0 richiesta dal medico specialista (dello stesso Presidio Ospedaliero!) possa trovare date utili. Se a ci\u00f2 aggiungiamo che la maggior parte dei pazienti sono anziani ultrasessantenni, non \u00e8 difficile immaginare la sofferenza morale che tale situazione di \u201climbo\u201d pu\u00f2 comportare. Specialmente quando non si hanno figli o congiunti che possano assolvere a tali incombenze al loro posto.<\/p>\n<p>Mi permetto, allora, Suo cortese tramite, di offrire un piccolo suggerimento: sarebbe troppo chiedere che il software utilizzato dalla Asl Lecce per la gestione del sistema di prenotazione delle prestazioni ospedaliere possa prevedere una sorta di \u201cautomatica lista d\u2019attesa\u201d in cui, una volta registrata la ricetta del paziente, quest\u2019ultimo possa essere richiamato dall\u2019operatore del CUP non appena si rendano libere date utili secondo la priorit\u00e0 prescritta? Non \u00e8 questa una soluzione assai pi\u00f9 ragionevole e funzionale rispetto a quella di demandare al paziente l\u2019onere di riprovare ogni giorno a verificare tale disponibilit\u00e0?\u00a0 Peraltro sarebbe una soluzione a costo zero.<\/p>\n<p>Ringrazio e saluto cordialmente, avv. Marco Ruggio______<\/p>\n<p>Gentile avvocato,<\/p>\n<p>ecco fatto. Sperando che serva a qualcosa, provvedo subito anche a inoltrarla al collega addetto stampa dell&#8217; Asl di Lecce.<\/p>\n<p>Mi sia consentito comunque aggiungere qualcosa alla Sua lettera.<\/p>\n<p>Per quanto mi riguarda professionalmente, da giornalista, su leccecronaca.it abbiamo pi\u00f9 volte segnalato &#8211; per dovere &#8211; la questione degli inaccettabili ritardi e degli indegni disagi cui vengono sottoposti i pazienti, fin troppo pazienti.<\/p>\n<p>Oltre che dei costi: sono ormai milioni gli Italiani che non si curano nemmeno pi\u00f9, di fronte a tali drammatiche evidenze.<\/p>\n<p>Credo, in sintesi estrema, per quanto brutale, che i guai della sanit\u00e0 italiana siano iniziati\u00a0 da quando \u00e8 stata &#8220;aziendalizzata&#8221;, in una sorta di sistema neocapitalistico cinese, in cui comunque rimane il controllo della politica; e da quando l&#8217;invadenza degli interessi privati, della sanit\u00e0 cos\u00ec detta privata, hanno preso il sopravvento, favoriti, anzich\u00e9 governati dalla politica.<\/p>\n<p>Questo, sia ben chiaro, al di l\u00e0 delle Sue, delle mie, e di tutti quanti, scelte politiche, quando andiamo a votare.<\/p>\n<p>Qui in Puglia, poi, c&#8217;\u00e8 tutta una storia triste, in tal senso, decennale.<\/p>\n<p>Qui in Puglia, poi, abbiamo un incedibile presidente di Regione, part time, che fa anche l&#8217;assessore alla sanit\u00e0, a tempo perso, oltre che il leader nazionale e locale del Pd a tempo pieno. Perch\u00e9?<\/p>\n<p>Gliel&#8217;ho chiesto, con educazione, insieme ad altre due vicende. Lui, non si \u00e8 degnato mai di rispondere, il che rientra nei suoi diritti, sia ben chiaro, ci mancherebbe altro, e a me il giornalismo alle Iene non \u00e8 mai piaciuto. Poteva finire l\u00e0. Quello che mi dispiace, \u00e8 che prese per il culo i lettori di lecceecronaca.it: mi fece telefonare dalla Sua ma proprio Sua addetto stampa, per far annunciare ai nostri lettori che avrebbe risposto subito personalmente, e io gli credetti, pubblicai la dichiarazione: ma poi lui non lo fece.<\/p>\n<p>Le tre domande stanno ancora l\u00e0 sulla nostra home page. Ma intanto ognuno qualche risposta magari se la pu\u00f2 dare da solo.<\/p>\n<p>Grazie per la lettera, grazie dell&#8217;attenzione e perdoni questo chiamiamolo cos\u00ec sfogo che il Suo intervento mi ha suscitato: e quello che mi viene da dire ogni volta, lo devo sempre dire, anche se ci sto male, e mi viene il nervoso, sperando di non dover telefonare poi al Cup per prenotarmi una visita&#8230;<\/p>\n<p>Cordialmente<\/p>\n<p>Giuseppe Puppo______<\/p>\n<p>LA RICERCA nel nostro articolo del 10 novembre 2016<\/p>\n<blockquote class=\"wp-embedded-content\" data-secret=\"oDGnBbgrzO\"><p><a href=\"https:\/\/www.leccecronaca.it\/index.php\/2016\/11\/10\/una-seconda-domanda-per-michele-emiliano-presidente-ma-come-e-perche-lei-fa-pure-l-assessore-alla-sanita-ci-faccia-capire-per-favore\/\">UNA SECONDA DOMANDA PER MICHELE EMILIANO: \u201cPresidente, ma come e perch\u00e8 lei fa pure l&#8217; assessore alla sanit\u00e0?\u201d. CI FACCIA CAPIRE, PER FAVORE<\/a><\/p><\/blockquote>\n<p><iframe class=\"wp-embedded-content\" sandbox=\"allow-scripts\" security=\"restricted\" style=\"position: absolute; clip: rect(1px, 1px, 1px, 1px);\" src=\"https:\/\/www.leccecronaca.it\/index.php\/2016\/11\/10\/una-seconda-domanda-per-michele-emiliano-presidente-ma-come-e-perche-lei-fa-pure-l-assessore-alla-sanita-ci-faccia-capire-per-favore\/embed\/#?secret=oDGnBbgrzO\" data-secret=\"oDGnBbgrzO\" width=\"500\" height=\"282\" title=\"&#8220;UNA SECONDA DOMANDA PER MICHELE EMILIANO: \u201cPresidente, ma come e perch\u00e8 lei fa pure l&#8217; assessore alla sanit\u00e0?\u201d. CI FACCIA CAPIRE, PER FAVORE&#8221; &#8212; LecceCronaca.it\" frameborder=\"0\" marginwidth=\"0\" marginheight=\"0\" scrolling=\"no\"><\/iframe><\/p>\n<p>&nbsp;<\/p>\n<p>&nbsp;<\/p>\n<p>&nbsp;<\/p>\n<fb:like href='https:\/\/www.leccecronaca.it\/index.php\/2019\/06\/07\/la-piaga-incancrenita-delle-lunghe-liste-di-attesa-allasl-di-lecce-una-lettera-a-leccecronaca-it-e-una-nostra-risposta-aspettando-che-il-presidente-assessore-faccia-qualcosa-di-buono-per-i-cittadi\/' send='true' layout='button_count' show_faces='true' width='450' height='65' action='recommend' colorscheme='light' font='lucida grande'><\/fb:like><span class=\"fb_share\"><fb:like href=\"https:\/\/www.leccecronaca.it\/index.php\/2019\/06\/07\/la-piaga-incancrenita-delle-lunghe-liste-di-attesa-allasl-di-lecce-una-lettera-a-leccecronaca-it-e-una-nostra-risposta-aspettando-che-il-presidente-assessore-faccia-qualcosa-di-buono-per-i-cittadi\/\" layout=\"button_count\"><\/fb:like><\/span>","protected":false},"excerpt":{"rendered":"<p>Riceviamo e volentieri pubblichiamo. L&#8217; avvocato Marco Ruggio ci scrive______ Egr. direttore, faccio uso della Sua cortesia per segnalare \u2013 ancora una volta &#8211; il ben noto disagio cui vanno incontro i pazienti della ASL Lecce a causa delle lunghe liste d\u2019attesa e, umilmente, suggerire una possibile soluzione. Almeno per il caso di specie. La [&hellip;]<\/p>\n","protected":false},"author":4,"featured_media":155033,"comment_status":"open","ping_status":"closed","sticky":false,"template":"","format":"standard","meta":[],"categories":[69,76,36],"tags":[],"_links":{"self":[{"href":"https:\/\/www.leccecronaca.it\/index.php\/wp-json\/wp\/v2\/posts\/155031"}],"collection":[{"href":"https:\/\/www.leccecronaca.it\/index.php\/wp-json\/wp\/v2\/posts"}],"about":[{"href":"https:\/\/www.leccecronaca.it\/index.php\/wp-json\/wp\/v2\/types\/post"}],"author":[{"embeddable":true,"href":"https:\/\/www.leccecronaca.it\/index.php\/wp-json\/wp\/v2\/users\/4"}],"replies":[{"embeddable":true,"href":"https:\/\/www.leccecronaca.it\/index.php\/wp-json\/wp\/v2\/comments?post=155031"}],"version-history":[{"count":7,"href":"https:\/\/www.leccecronaca.it\/index.php\/wp-json\/wp\/v2\/posts\/155031\/revisions"}],"predecessor-version":[{"id":155040,"href":"https:\/\/www.leccecronaca.it\/index.php\/wp-json\/wp\/v2\/posts\/155031\/revisions\/155040"}],"wp:featuredmedia":[{"embeddable":true,"href":"https:\/\/www.leccecronaca.it\/index.php\/wp-json\/wp\/v2\/media\/155033"}],"wp:attachment":[{"href":"https:\/\/www.leccecronaca.it\/index.php\/wp-json\/wp\/v2\/media?parent=155031"}],"wp:term":[{"taxonomy":"category","embeddable":true,"href":"https:\/\/www.leccecronaca.it\/index.php\/wp-json\/wp\/v2\/categories?post=155031"},{"taxonomy":"post_tag","embeddable":true,"href":"https:\/\/www.leccecronaca.it\/index.php\/wp-json\/wp\/v2\/tags?post=155031"}],"curies":[{"name":"wp","href":"https:\/\/api.w.org\/{rel}","templated":true}]}}