{"id":155041,"date":"2019-06-07T14:27:45","date_gmt":"2019-06-07T12:27:45","guid":{"rendered":"http:\/\/www.leccecronaca.it\/?p=155041"},"modified":"2019-06-07T14:31:29","modified_gmt":"2019-06-07T12:31:29","slug":"la-protesta-di-questa-mattina-in-lussemburgo-presso-la-sede-della-banca-europea-investimenti-che-e-fra-i-principali-finanziatori-del-gasdotto-tap-e-una-grave-minaccia-per-le-giovani-generazioni","status":"publish","type":"post","link":"https:\/\/www.leccecronaca.it\/index.php\/2019\/06\/07\/la-protesta-di-questa-mattina-in-lussemburgo-presso-la-sede-della-banca-europea-investimenti-che-e-fra-i-principali-finanziatori-del-gasdotto-tap-e-una-grave-minaccia-per-le-giovani-generazioni\/","title":{"rendered":"LA SIGNIFICATIVA PROTESTA INTERNAZIONALE DI QUESTA MATTINA IN LUSSEMBURGO PORTATA PRESSO LA SEDE CENTRALE DELLA BANCA EUROPEA INVESTIMENTI, CHE E&#8217; FRA I PRINCIPALI FINANZIATORI DEL GASDOTTO: &#8220;Tap \u00e8 una grave minaccia per le giovani generazioni&#8221;"},"content":{"rendered":"<p><img decoding=\"async\" loading=\"lazy\" class=\"alignleft size-full wp-image-155042\" src=\"https:\/\/www.leccecronaca.it\/wordpress\/wp-content\/uploads\/2019\/06\/sf1.jpg\" alt=\"\" width=\"1806\" height=\"1355\" srcset=\"https:\/\/www.leccecronaca.it\/wordpress\/wp-content\/uploads\/2019\/06\/sf1.jpg 1806w, https:\/\/www.leccecronaca.it\/wordpress\/wp-content\/uploads\/2019\/06\/sf1-300x225.jpg 300w, https:\/\/www.leccecronaca.it\/wordpress\/wp-content\/uploads\/2019\/06\/sf1-1024x768.jpg 1024w, https:\/\/www.leccecronaca.it\/wordpress\/wp-content\/uploads\/2019\/06\/sf1-768x576.jpg 768w, https:\/\/www.leccecronaca.it\/wordpress\/wp-content\/uploads\/2019\/06\/sf1-1536x1152.jpg 1536w, https:\/\/www.leccecronaca.it\/wordpress\/wp-content\/uploads\/2019\/06\/sf1-400x300.jpg 400w\" sizes=\"(max-width: 1806px) 100vw, 1806px\" \/>di <strong>Serena Fiorentino<\/strong>______<\/p>\n<p>Questo \u00e8 stato il mio messaggio per la Bei (Banca Europea Investimenti). Questa mattina l&#8217;ho letto presso la sede della banca in Lussemburgo.______<\/p>\n<p><img decoding=\"async\" loading=\"lazy\" class=\"alignleft size-full wp-image-155043\" src=\"https:\/\/www.leccecronaca.it\/wordpress\/wp-content\/uploads\/2019\/06\/sf2.jpg\" alt=\"\" width=\"1536\" height=\"1024\" srcset=\"https:\/\/www.leccecronaca.it\/wordpress\/wp-content\/uploads\/2019\/06\/sf2.jpg 1536w, https:\/\/www.leccecronaca.it\/wordpress\/wp-content\/uploads\/2019\/06\/sf2-300x200.jpg 300w, https:\/\/www.leccecronaca.it\/wordpress\/wp-content\/uploads\/2019\/06\/sf2-1024x683.jpg 1024w, https:\/\/www.leccecronaca.it\/wordpress\/wp-content\/uploads\/2019\/06\/sf2-768x512.jpg 768w\" sizes=\"(max-width: 1536px) 100vw, 1536px\" \/><br \/>\nNonostante il suo presunto impegno nei confronti dell&#8217;accordo di Parigi e la due diligence ambientale e sociale, la Banca europea per gli investimenti continua a investire in nuovi progetti sui combustibili fossili che mettono a grave rischio il nostro clima e le nostre comunit\u00e0.<\/p>\n<p>Forse nessun altro progetto ne \u00e8 un esempio pi\u00f9 esemplificativo del gasdotto Trans-Adriatico, che ha ricevuto dalla BEI un&#8217;ingente somma di 1,5 miliardi di euro ed \u00e8 attualmente in costruzione nell&#8217;Italia meridionale.<\/p>\n<p>L&#8217;apparente indifferenza della BEI per quanto sta accadendo alle comunit\u00e0 del Mezzogiorno d&#8217;Italia \u00e8 assolutamente vergognosa.<\/p>\n<p>Il filo spinato e il cemento armato circondano i luoghi di costruzione.<\/p>\n<p>Il dissenso dell&#8217;opinione pubblica \u00e8 stato affrontato con una dura repressione da parte dello Stato. La popolazione locale \u00e8 stata privata di una vera e propria consultazione.<\/p>\n<p>Gli agricoltori sono stati derubati delle loro terre. Gli attivisti sono stati bloccati e picchiati dalla polizia.<\/p>\n<p>I mezzi di sussistenza tradizionali dell&#8217;agricoltura, della pesca, del turismo e della gastronomia sono tutti gravemente minacciati. Ma le ingiustizie non finiscono qui.<\/p>\n<p>TAP \u00e8 anche una grave minaccia per il nostro clima e per le giovani generazioni. Gli studi dimostrano che non c&#8217;\u00e8 spazio per espandere l&#8217;infrastruttura del gas in Europa: semplicemente sfruttando le riserve di gas esistenti faremo saltare il nostro bilancio del carbonio e le temperature probabilmente saliranno pericolosamente oltre la soglia di 1,5\u00b0C\u00b0 gradi a causa del forte effetto di riscaldamento delle emissioni di metano.<\/p>\n<p>L&#8217;unico modo per evitare il collasso climatico e il riscaldamento incontrollato \u00e8 quello di avviare importanti investimenti in infrastrutture energetiche diverse dai combustibili fossili.<\/p>\n<p>Questo \u00e8 il momento di investire in un futuro pi\u00f9 giusto e pi\u00f9 pulito, per stimolare il finanziamento di progetti su piccola scala, guidati dalla comunit\u00e0, e per migliorare l&#8217;efficienza energetica. Questa \u00e8 la vera transizione energetica di cui abbiamo bisogno. Per questo motivo chiediamo che la Banca Europea per gli Investimenti ponga immediatamente fine al finanziamento di TAP e di tutti i progetti relativi ai combustibili fossili di qualsiasi tipo! BASTA!<\/p>\n<p><img decoding=\"async\" loading=\"lazy\" class=\"alignleft size-full wp-image-155044\" src=\"https:\/\/www.leccecronaca.it\/wordpress\/wp-content\/uploads\/2019\/06\/sf3.jpg\" alt=\"\" width=\"373\" height=\"280\" srcset=\"https:\/\/www.leccecronaca.it\/wordpress\/wp-content\/uploads\/2019\/06\/sf3.jpg 373w, https:\/\/www.leccecronaca.it\/wordpress\/wp-content\/uploads\/2019\/06\/sf3-300x225.jpg 300w\" sizes=\"(max-width: 373px) 100vw, 373px\" \/><\/p>\n<fb:like href='https:\/\/www.leccecronaca.it\/index.php\/2019\/06\/07\/la-protesta-di-questa-mattina-in-lussemburgo-presso-la-sede-della-banca-europea-investimenti-che-e-fra-i-principali-finanziatori-del-gasdotto-tap-e-una-grave-minaccia-per-le-giovani-generazioni\/' send='true' layout='button_count' show_faces='true' width='450' height='65' action='recommend' colorscheme='light' font='lucida grande'><\/fb:like><span class=\"fb_share\"><fb:like href=\"https:\/\/www.leccecronaca.it\/index.php\/2019\/06\/07\/la-protesta-di-questa-mattina-in-lussemburgo-presso-la-sede-della-banca-europea-investimenti-che-e-fra-i-principali-finanziatori-del-gasdotto-tap-e-una-grave-minaccia-per-le-giovani-generazioni\/\" layout=\"button_count\"><\/fb:like><\/span>","protected":false},"excerpt":{"rendered":"<p>di Serena Fiorentino______ Questo \u00e8 stato il mio messaggio per la Bei (Banca Europea Investimenti). Questa mattina l&#8217;ho letto presso la sede della banca in Lussemburgo.______ Nonostante il suo presunto impegno nei confronti dell&#8217;accordo di Parigi e la due diligence ambientale e sociale, la Banca europea per gli investimenti continua a investire in nuovi progetti [&hellip;]<\/p>\n","protected":false},"author":4,"featured_media":155042,"comment_status":"open","ping_status":"closed","sticky":false,"template":"","format":"standard","meta":[],"categories":[69,76],"tags":[],"_links":{"self":[{"href":"https:\/\/www.leccecronaca.it\/index.php\/wp-json\/wp\/v2\/posts\/155041"}],"collection":[{"href":"https:\/\/www.leccecronaca.it\/index.php\/wp-json\/wp\/v2\/posts"}],"about":[{"href":"https:\/\/www.leccecronaca.it\/index.php\/wp-json\/wp\/v2\/types\/post"}],"author":[{"embeddable":true,"href":"https:\/\/www.leccecronaca.it\/index.php\/wp-json\/wp\/v2\/users\/4"}],"replies":[{"embeddable":true,"href":"https:\/\/www.leccecronaca.it\/index.php\/wp-json\/wp\/v2\/comments?post=155041"}],"version-history":[{"count":6,"href":"https:\/\/www.leccecronaca.it\/index.php\/wp-json\/wp\/v2\/posts\/155041\/revisions"}],"predecessor-version":[{"id":155050,"href":"https:\/\/www.leccecronaca.it\/index.php\/wp-json\/wp\/v2\/posts\/155041\/revisions\/155050"}],"wp:featuredmedia":[{"embeddable":true,"href":"https:\/\/www.leccecronaca.it\/index.php\/wp-json\/wp\/v2\/media\/155042"}],"wp:attachment":[{"href":"https:\/\/www.leccecronaca.it\/index.php\/wp-json\/wp\/v2\/media?parent=155041"}],"wp:term":[{"taxonomy":"category","embeddable":true,"href":"https:\/\/www.leccecronaca.it\/index.php\/wp-json\/wp\/v2\/categories?post=155041"},{"taxonomy":"post_tag","embeddable":true,"href":"https:\/\/www.leccecronaca.it\/index.php\/wp-json\/wp\/v2\/tags?post=155041"}],"curies":[{"name":"wp","href":"https:\/\/api.w.org\/{rel}","templated":true}]}}