{"id":155087,"date":"2019-06-08T18:30:21","date_gmt":"2019-06-08T16:30:21","guid":{"rendered":"http:\/\/www.leccecronaca.it\/?p=155087"},"modified":"2019-06-09T13:49:07","modified_gmt":"2019-06-09T11:49:07","slug":"cencelli-salvemini","status":"publish","type":"post","link":"https:\/\/www.leccecronaca.it\/index.php\/2019\/06\/08\/cencelli-salvemini\/","title":{"rendered":"LA NUOVA GIUNTA DI CARLO SALVEMINI UFFICIALIZZATA QUESTA SERA \/ UN CAPOLAVORO DI CENCELLAGGINE. LA CILIEGINA SULLA TORTA, LA DELEGA ALLA CULTURA"},"content":{"rendered":"<p><img decoding=\"async\" loading=\"lazy\" class=\"alignnone wp-image-155135 size-full\" src=\"https:\/\/www.leccecronaca.it\/wordpress\/wp-content\/uploads\/2019\/07\/CULTURA.jpg\" alt=\"\" width=\"720\" height=\"939\" srcset=\"https:\/\/www.leccecronaca.it\/wordpress\/wp-content\/uploads\/2019\/07\/CULTURA.jpg 720w, https:\/\/www.leccecronaca.it\/wordpress\/wp-content\/uploads\/2019\/07\/CULTURA-230x300.jpg 230w\" sizes=\"(max-width: 720px) 100vw, 720px\" \/>(g.p.)______Il problema non \u00e8 che abbia usato il manuale Cencelli. Cos\u00ec fan tutti, da oltre mezzo secolo. Il problema non \u00e8 che abbia ricompensato gli alleati, \u00e8 finanche giusto.<\/p>\n<p>Il problema \u00e8 che in questi giorni si era vantato con straordinaria enfasi propagandistica,\u00a0 promettendo che si sarebbe sottratto a ogni logica spartitoria e partitica, per farsi il figo, per millantare un&#8217;indipendenza che non ha mai avuto, non ha e mai avr\u00e0. Questo \u00e8 il problema, alla luce di quello che invece poi ha fatto in concreto, in tale ottica francamente insopportabile.<\/p>\n<p>Sempre cos\u00ec, sempre i pi\u00f9 bravi, questi del Pd e dintorni. A parole. Nei fatti, sempre come gli altri, e peggio degli altri.<\/p>\n<p>E&#8217; un capolavoro di cencellaggine, la nuova giunta ufficializzata questa sera da Carlo Salvemini. Lo stesso Massimiliano Cencelli non avrebbe saputo fare di meglio, nell&#8217;assegnare gli incarichi di potere, dosandoli per opportunismi, fra le diverse componenti della coalizione, in base all&#8217;importanza dei partiti e delle liste che lo hanno sostenuto e dei voti che hanno portato.<\/p>\n<p>Compresi i posti liberati in consiglio, comprese le quote rosa, la complicazione sopraggiunta negli ultimi anni a operazioni del genere.<\/p>\n<p>Tot al Pd; tot al Pd mascherato, infiltrato e aggregato di Michele Emiliano, e associati di varia ed eventuale estrazione; tot alle sue liste personali. E agli esclusi delle liste minori, le foglie di fico dei centristi, gi\u00e0 previsti incarichi dirigenziali ben remunerati nelle societ\u00e0 partecipate. Uno schifo, in questo senso, altro che novit\u00e0. Un buon lavoro, nel senso della pi\u00f9 becera quanto rediviva partitocrazia, anzi, come detto, un capolavoro.<\/p>\n<p>&nbsp;<\/p>\n<p>Ecco l&#8217;elenco ufficiale di nomi e deleghe, trasmessoci pochi minuti fa.<\/p>\n<p><b>Carlo Salvemini<\/b>, sindaco: Bilancio, Societ\u00e0 partecipate, Progetto Terra d\u2019Otranto, Rapporti con l\u2019Universit\u00e0;<\/p>\n<p><b>Alessandro Delli Noci<\/b>, vicesindaco: Programmazione strategica, Lavori Pubblici, Personale, Agenda Digitale, Innovazione tecnologica, Europa e Cooperazione;<\/p>\n<p><b>Fabiana Cicirillo<\/b>: Cultura, Valorizzazione patrimoni culturale, Pubblica istruzione;<\/p>\n<p><b>Marco De Matteis<\/b>: Mobilit\u00e0 urbana sostenibile;<\/p>\n<p><b>Paolo Foresio<\/b>: Spettacolo, Turismo, Sport, Edilizia sportiva e palestre scolastiche, Sviluppo economico, Attivit\u00e0 produttive e artigianali;<\/p>\n<p><b>Cristian Gnoni<\/b>: Tributi, Politiche attive del lavoro, Affari generali, Agricoltura;<\/p>\n<p><b>Rita Miglietta<\/b>: Politiche Urbanistiche, Rigenerazione Urbana, Valorizzazione Marine, Social housing, Edilizia privata e Patrimonio pubblico, Piano del Verde;<\/p>\n<p><b>Silvia Miglietta<\/b>: Welfare, Accoglienza, Accessibilit\u00e0, Politiche abitative, Pari opportunit\u00e0, Diritti Civili, Volontariato, Politiche giovanili;<\/p>\n<p><b>Sergio Signore<\/b>: Sicurezza urbana, Polizia locale, Protezione civile, Rapporto con i quartieri, Servizi demografici, Servizi cimiteriali;<\/p>\n<p><b>Angela Valli:<\/b>\u00a0Ambiente e Salute pubblica, Igiene e decoro Urbano, Tutela degli animali.<\/p>\n<p>La ciliegina sulla torta?<\/p>\n<p>Salvemini ha lottizzato in maniera partitocratica e personalistica finanche la cultura, che per definizione dovrebbe essere al di sopra della politica e affidata a personalit\u00e0 di indiscusso prestigio.<\/p>\n<p>L&#8217;ha affidata a Fabiana Cicirillo, architetto, la bibliografia e l&#8217; emerografia della quale consta di un unico testo, un manuale non cencellico, ma di classificazione del patrimonio urbano, di cui \u00e8 coautrice; in compenso \u00e8 nel direttivo dell&#8217; associazione salveminiana fiancheggiatrice &#8220;Una buona storia per Lecce&#8221;, \u00e8 stata candidata non eletta e, soprattutto, fa parte del giglio magico famigliare del sindaco della &#8216;Firenze del Sud&#8217;, come testimonia la foto che lei stessa ha pubblicato sul suo profilo Facebook quattro giorni fa, scattata in occasione del compleanno di Carlo. E tanti auguri a tutti!<\/p>\n<p>&nbsp;<\/p>\n<fb:like href='https:\/\/www.leccecronaca.it\/index.php\/2019\/06\/08\/cencelli-salvemini\/' send='true' layout='button_count' show_faces='true' width='450' height='65' action='recommend' colorscheme='light' font='lucida grande'><\/fb:like><span class=\"fb_share\"><fb:like href=\"https:\/\/www.leccecronaca.it\/index.php\/2019\/06\/08\/cencelli-salvemini\/\" layout=\"button_count\"><\/fb:like><\/span>","protected":false},"excerpt":{"rendered":"<p>(g.p.)______Il problema non \u00e8 che abbia usato il manuale Cencelli. Cos\u00ec fan tutti, da oltre mezzo secolo. Il problema non \u00e8 che abbia ricompensato gli alleati, \u00e8 finanche giusto. Il problema \u00e8 che in questi giorni si era vantato con straordinaria enfasi propagandistica,\u00a0 promettendo che si sarebbe sottratto a ogni logica spartitoria e partitica, per [&hellip;]<\/p>\n","protected":false},"author":4,"featured_media":155135,"comment_status":"open","ping_status":"closed","sticky":false,"template":"","format":"standard","meta":[],"categories":[69,76],"tags":[],"_links":{"self":[{"href":"https:\/\/www.leccecronaca.it\/index.php\/wp-json\/wp\/v2\/posts\/155087"}],"collection":[{"href":"https:\/\/www.leccecronaca.it\/index.php\/wp-json\/wp\/v2\/posts"}],"about":[{"href":"https:\/\/www.leccecronaca.it\/index.php\/wp-json\/wp\/v2\/types\/post"}],"author":[{"embeddable":true,"href":"https:\/\/www.leccecronaca.it\/index.php\/wp-json\/wp\/v2\/users\/4"}],"replies":[{"embeddable":true,"href":"https:\/\/www.leccecronaca.it\/index.php\/wp-json\/wp\/v2\/comments?post=155087"}],"version-history":[{"count":14,"href":"https:\/\/www.leccecronaca.it\/index.php\/wp-json\/wp\/v2\/posts\/155087\/revisions"}],"predecessor-version":[{"id":155156,"href":"https:\/\/www.leccecronaca.it\/index.php\/wp-json\/wp\/v2\/posts\/155087\/revisions\/155156"}],"wp:featuredmedia":[{"embeddable":true,"href":"https:\/\/www.leccecronaca.it\/index.php\/wp-json\/wp\/v2\/media\/155135"}],"wp:attachment":[{"href":"https:\/\/www.leccecronaca.it\/index.php\/wp-json\/wp\/v2\/media?parent=155087"}],"wp:term":[{"taxonomy":"category","embeddable":true,"href":"https:\/\/www.leccecronaca.it\/index.php\/wp-json\/wp\/v2\/categories?post=155087"},{"taxonomy":"post_tag","embeddable":true,"href":"https:\/\/www.leccecronaca.it\/index.php\/wp-json\/wp\/v2\/tags?post=155087"}],"curies":[{"name":"wp","href":"https:\/\/api.w.org\/{rel}","templated":true}]}}