{"id":155196,"date":"2019-06-10T19:20:12","date_gmt":"2019-06-10T17:20:12","guid":{"rendered":"http:\/\/www.leccecronaca.it\/?p=155196"},"modified":"2019-06-10T19:20:12","modified_gmt":"2019-06-10T17:20:12","slug":"pazzi-siete-solo-pazzi","status":"publish","type":"post","link":"https:\/\/www.leccecronaca.it\/index.php\/2019\/06\/10\/pazzi-siete-solo-pazzi\/","title":{"rendered":"&#8220;Pazzi&#8230;Siete solo pazzi&#8230;&#8221;"},"content":{"rendered":"<p><img decoding=\"async\" loading=\"lazy\" class=\"alignnone size-full wp-image-155198\" src=\"https:\/\/www.leccecronaca.it\/wordpress\/wp-content\/uploads\/2019\/06\/rg.jpg\" alt=\"\" width=\"960\" height=\"720\" srcset=\"https:\/\/www.leccecronaca.it\/wordpress\/wp-content\/uploads\/2019\/06\/rg.jpg 960w, https:\/\/www.leccecronaca.it\/wordpress\/wp-content\/uploads\/2019\/06\/rg-300x225.jpg 300w, https:\/\/www.leccecronaca.it\/wordpress\/wp-content\/uploads\/2019\/06\/rg-768x576.jpg 768w, https:\/\/www.leccecronaca.it\/wordpress\/wp-content\/uploads\/2019\/06\/rg-400x300.jpg 400w\" sizes=\"(max-width: 960px) 100vw, 960px\" \/>(Rdl)______Roberto Gennaio trova le parole per commentare lo strazio. Le ha scritte questo pomeriggio, sotto le foto che ha pubblicato sul suo profilo Facebook, di cui riproduciamo la pi\u00f9 grande, qui sopra e in copertina: <em>&#8220;La fine&#8230;il menefreghismo&#8230;.ormai non abbiamo pi\u00f9 bisogno di loro&#8230; la loro era \u00e8 finita&#8230;lo hanno dichiarato coloro che dagli olivi ormai non ricavano pi\u00f9 economia&#8230;.che tempi che stiamo vivendo, ma come si pu\u00f2 essere cos\u00ec ostili verso la propria madre che ti ha nutrito, scaldato, arricchito nel tempo&#8230;.come si pu\u00f2 ripudiare chi ti fa respirare chi ti dona l l&#8217;ossigeno&#8230;.pazzi siete solo pazzi altro che contadino dal cervello fino&#8230;.stiamo mutando il paesaggio vegetale salentino&#8230;ne vedremo di belle&#8230;poi voglio sentire le vostre implorazioni quando non avrete neanche pi\u00f9 lacrime per piangere&#8230;Alliste via Longa&#8230;10 giugno 2019&#8230;&#8221;.<\/em><\/p>\n<p>Gli fanno sofferta eco in tanti. Fra tutti, abbiamo scelto il commento, con relativa foto, che riproduciamo qui sotto, di Angela Calabretto: <em>&#8220;Braccia che chiedono AIUTO!!! Una morsa al cuore! Dolore profondo! Gli alberi hanno un\u2019Anima!!!! Non stiamo uccidendo solo loro, CI STIAMO SUICIDANDO!!!!&#8221;<\/em><\/p>\n<p><img decoding=\"async\" loading=\"lazy\" class=\"alignnone size-full wp-image-155197\" src=\"https:\/\/www.leccecronaca.it\/wordpress\/wp-content\/uploads\/2019\/06\/ac.jpg\" alt=\"\" width=\"540\" height=\"960\" srcset=\"https:\/\/www.leccecronaca.it\/wordpress\/wp-content\/uploads\/2019\/06\/ac.jpg 540w, https:\/\/www.leccecronaca.it\/wordpress\/wp-content\/uploads\/2019\/06\/ac-169x300.jpg 169w\" sizes=\"(max-width: 540px) 100vw, 540px\" \/><\/p>\n<p>______<\/p>\n<p>LA RICERCA nel nostro articolo di ieri<\/p>\n<blockquote class=\"wp-embedded-content\" data-secret=\"Hgq55Nq6FF\"><p><a href=\"https:\/\/www.leccecronaca.it\/index.php\/2019\/06\/09\/grande-manifestazione-del-popolo-degli-ulivi-a-bari-venerdi-14-assemblea-preparatoria-a-lecce-martedi-11\/\">GRANDE MANIFESTAZIONE DEL POPOLO DEGLI ULIVI A BARI VENERDI&#8217; 14. ASSEMBLEA PREPARATORIA A LECCE MARTEDI&#8217; 11: &#8216;Fermiamo abbattimenti e pesticidi&#8217;<\/a><\/p><\/blockquote>\n<p><iframe class=\"wp-embedded-content\" sandbox=\"allow-scripts\" security=\"restricted\" style=\"position: absolute; clip: rect(1px, 1px, 1px, 1px);\" src=\"https:\/\/www.leccecronaca.it\/index.php\/2019\/06\/09\/grande-manifestazione-del-popolo-degli-ulivi-a-bari-venerdi-14-assemblea-preparatoria-a-lecce-martedi-11\/embed\/#?secret=Hgq55Nq6FF\" data-secret=\"Hgq55Nq6FF\" width=\"500\" height=\"282\" title=\"&#8220;GRANDE MANIFESTAZIONE DEL POPOLO DEGLI ULIVI A BARI VENERDI&#8217; 14. ASSEMBLEA PREPARATORIA A LECCE MARTEDI&#8217; 11: &#8216;Fermiamo abbattimenti e pesticidi&#8217;&#8221; &#8212; LecceCronaca.it\" frameborder=\"0\" marginwidth=\"0\" marginheight=\"0\" scrolling=\"no\"><\/iframe><\/p>\n<fb:like href='https:\/\/www.leccecronaca.it\/index.php\/2019\/06\/10\/pazzi-siete-solo-pazzi\/' send='true' layout='button_count' show_faces='true' width='450' height='65' action='recommend' colorscheme='light' font='lucida grande'><\/fb:like><span class=\"fb_share\"><fb:like href=\"https:\/\/www.leccecronaca.it\/index.php\/2019\/06\/10\/pazzi-siete-solo-pazzi\/\" layout=\"button_count\"><\/fb:like><\/span>","protected":false},"excerpt":{"rendered":"<p>(Rdl)______Roberto Gennaio trova le parole per commentare lo strazio. Le ha scritte questo pomeriggio, sotto le foto che ha pubblicato sul suo profilo Facebook, di cui riproduciamo la pi\u00f9 grande, qui sopra e in copertina: &#8220;La fine&#8230;il menefreghismo&#8230;.ormai non abbiamo pi\u00f9 bisogno di loro&#8230; la loro era \u00e8 finita&#8230;lo hanno dichiarato coloro che dagli olivi [&hellip;]<\/p>\n","protected":false},"author":4,"featured_media":155198,"comment_status":"open","ping_status":"closed","sticky":false,"template":"","format":"standard","meta":[],"categories":[69,76],"tags":[],"_links":{"self":[{"href":"https:\/\/www.leccecronaca.it\/index.php\/wp-json\/wp\/v2\/posts\/155196"}],"collection":[{"href":"https:\/\/www.leccecronaca.it\/index.php\/wp-json\/wp\/v2\/posts"}],"about":[{"href":"https:\/\/www.leccecronaca.it\/index.php\/wp-json\/wp\/v2\/types\/post"}],"author":[{"embeddable":true,"href":"https:\/\/www.leccecronaca.it\/index.php\/wp-json\/wp\/v2\/users\/4"}],"replies":[{"embeddable":true,"href":"https:\/\/www.leccecronaca.it\/index.php\/wp-json\/wp\/v2\/comments?post=155196"}],"version-history":[{"count":1,"href":"https:\/\/www.leccecronaca.it\/index.php\/wp-json\/wp\/v2\/posts\/155196\/revisions"}],"predecessor-version":[{"id":155199,"href":"https:\/\/www.leccecronaca.it\/index.php\/wp-json\/wp\/v2\/posts\/155196\/revisions\/155199"}],"wp:featuredmedia":[{"embeddable":true,"href":"https:\/\/www.leccecronaca.it\/index.php\/wp-json\/wp\/v2\/media\/155198"}],"wp:attachment":[{"href":"https:\/\/www.leccecronaca.it\/index.php\/wp-json\/wp\/v2\/media?parent=155196"}],"wp:term":[{"taxonomy":"category","embeddable":true,"href":"https:\/\/www.leccecronaca.it\/index.php\/wp-json\/wp\/v2\/categories?post=155196"},{"taxonomy":"post_tag","embeddable":true,"href":"https:\/\/www.leccecronaca.it\/index.php\/wp-json\/wp\/v2\/tags?post=155196"}],"curies":[{"name":"wp","href":"https:\/\/api.w.org\/{rel}","templated":true}]}}