{"id":155499,"date":"2019-06-17T16:13:25","date_gmt":"2019-06-17T14:13:25","guid":{"rendered":"http:\/\/www.leccecronaca.it\/?p=155499"},"modified":"2019-06-17T16:13:25","modified_gmt":"2019-06-17T14:13:25","slug":"toh-per-la-poli-ora-le-primarie-vanno-bene","status":"publish","type":"post","link":"https:\/\/www.leccecronaca.it\/index.php\/2019\/06\/17\/toh-per-la-poli-ora-le-primarie-vanno-bene\/","title":{"rendered":"TOH, PER LA POLI ORA LE PRIMARIE VANNO BENE"},"content":{"rendered":"<p><img decoding=\"async\" loading=\"lazy\" class=\"alignnone size-full wp-image-155500\" src=\"https:\/\/www.leccecronaca.it\/wordpress\/wp-content\/uploads\/2019\/06\/Adriana-Poli-Bortone-orizzontale-696x431.jpg\" alt=\"\" width=\"696\" height=\"431\" srcset=\"https:\/\/www.leccecronaca.it\/wordpress\/wp-content\/uploads\/2019\/06\/Adriana-Poli-Bortone-orizzontale-696x431.jpg 696w, https:\/\/www.leccecronaca.it\/wordpress\/wp-content\/uploads\/2019\/06\/Adriana-Poli-Bortone-orizzontale-696x431-300x186.jpg 300w\" sizes=\"(max-width: 696px) 100vw, 696px\" \/>Riceviamo e volentieri pubblichiamo. Adriana Poli Bortone ci manda il seguente comunicato______<\/p>\n<div>Le elezioni regionali sono ormai alle porte e certamente il presidente Berlusconi invita all\u2019unit\u00e0 del centrodestra in un rapporto politico molto chiaro. Al di l\u00e0 delle spiacevoli diatribe sorte in occasione delle elezioni amministrative a Lecce, il centrodestra pugliese ha ripetutamente affermato con i suoi tre partiti nazionali (F. I.- Lega -FDI) di credere fermamente nelle primarie. Per evitare, dunque, improvvisazioni e consentire una candidatura condivisa<\/div>\n<div>anche da altri soggetti dell\u2019area di centro destra e del civismo che in quest&#8217;area intender\u00e0 riconoscersi \u00e8 opportuno oltre che urgente convocare gi\u00e0 per settembre le primarie in ognuna delle sei province pugliesi e successivamente, semmai, un&#8217;ulteriore fase di primarie\u00a0 fra i sei\u00a0 vincitori. Lo dico con le consuete riserve sulle primarie\u00a0 non regolamentate per legge, ma con la volont\u00e0 di voler sottrarre\u00a0 la nostra Regione alla pessima gestione della sinistra pugliese. Per evitare fraintendimenti\u00a0 dichiaro fin d\u2019ora che il suggerimento ai segretari regionali ed agli altri soggetti di centrodestra \u00e8 solo a puro titolo di disponibilit\u00e0 a ricreare\u00a0 uno schieramento unito e forte e non certo per candidature\u00a0 che vanno affidate ai giovani competenti e capaci, pronti a rappresentare una rinnovata classe dirigente.<\/div>\n<div><\/div>\n<fb:like href='https:\/\/www.leccecronaca.it\/index.php\/2019\/06\/17\/toh-per-la-poli-ora-le-primarie-vanno-bene\/' send='true' layout='button_count' show_faces='true' width='450' height='65' action='recommend' colorscheme='light' font='lucida grande'><\/fb:like><span class=\"fb_share\"><fb:like href=\"https:\/\/www.leccecronaca.it\/index.php\/2019\/06\/17\/toh-per-la-poli-ora-le-primarie-vanno-bene\/\" layout=\"button_count\"><\/fb:like><\/span>","protected":false},"excerpt":{"rendered":"<p>Riceviamo e volentieri pubblichiamo. Adriana Poli Bortone ci manda il seguente comunicato______ Le elezioni regionali sono ormai alle porte e certamente il presidente Berlusconi invita all\u2019unit\u00e0 del centrodestra in un rapporto politico molto chiaro. Al di l\u00e0 delle spiacevoli diatribe sorte in occasione delle elezioni amministrative a Lecce, il centrodestra pugliese ha ripetutamente affermato con [&hellip;]<\/p>\n","protected":false},"author":4,"featured_media":155500,"comment_status":"open","ping_status":"closed","sticky":false,"template":"","format":"standard","meta":[],"categories":[76,36],"tags":[],"_links":{"self":[{"href":"https:\/\/www.leccecronaca.it\/index.php\/wp-json\/wp\/v2\/posts\/155499"}],"collection":[{"href":"https:\/\/www.leccecronaca.it\/index.php\/wp-json\/wp\/v2\/posts"}],"about":[{"href":"https:\/\/www.leccecronaca.it\/index.php\/wp-json\/wp\/v2\/types\/post"}],"author":[{"embeddable":true,"href":"https:\/\/www.leccecronaca.it\/index.php\/wp-json\/wp\/v2\/users\/4"}],"replies":[{"embeddable":true,"href":"https:\/\/www.leccecronaca.it\/index.php\/wp-json\/wp\/v2\/comments?post=155499"}],"version-history":[{"count":1,"href":"https:\/\/www.leccecronaca.it\/index.php\/wp-json\/wp\/v2\/posts\/155499\/revisions"}],"predecessor-version":[{"id":155501,"href":"https:\/\/www.leccecronaca.it\/index.php\/wp-json\/wp\/v2\/posts\/155499\/revisions\/155501"}],"wp:featuredmedia":[{"embeddable":true,"href":"https:\/\/www.leccecronaca.it\/index.php\/wp-json\/wp\/v2\/media\/155500"}],"wp:attachment":[{"href":"https:\/\/www.leccecronaca.it\/index.php\/wp-json\/wp\/v2\/media?parent=155499"}],"wp:term":[{"taxonomy":"category","embeddable":true,"href":"https:\/\/www.leccecronaca.it\/index.php\/wp-json\/wp\/v2\/categories?post=155499"},{"taxonomy":"post_tag","embeddable":true,"href":"https:\/\/www.leccecronaca.it\/index.php\/wp-json\/wp\/v2\/tags?post=155499"}],"curies":[{"name":"wp","href":"https:\/\/api.w.org\/{rel}","templated":true}]}}