{"id":155531,"date":"2019-06-18T14:37:05","date_gmt":"2019-06-18T12:37:05","guid":{"rendered":"http:\/\/www.leccecronaca.it\/?p=155531"},"modified":"2019-06-18T14:39:23","modified_gmt":"2019-06-18T12:39:23","slug":"camilleri-in-condizioni-critiche-l-ufficiale-rizzo-in-missione-speciale-ha-appena-ricevuto-una-visita-particolare-particolarissima-e-la-vuole-raccontare-a-leccecronaca-it","status":"publish","type":"post","link":"https:\/\/www.leccecronaca.it\/index.php\/2019\/06\/18\/camilleri-in-condizioni-critiche-l-ufficiale-rizzo-in-missione-speciale-ha-appena-ricevuto-una-visita-particolare-particolarissima-e-la-vuole-raccontare-a-leccecronaca-it\/","title":{"rendered":"ANDREA CAMILLERI IN CONDIZIONI CRITICHE. L&#8217; UFFICIALE RIZZO, DAL SALENTO IN MISSIONE SPECIALE,  HA APPENA RICEVUTO UNA VISITA PARTICOLARE, PARTICOLARISSIMA. E LA VUOLE RACCONTARE A leccecronaca.it"},"content":{"rendered":"<p><img decoding=\"async\" loading=\"lazy\" class=\"alignnone size-full wp-image-155532\" src=\"https:\/\/www.leccecronaca.it\/wordpress\/wp-content\/uploads\/2019\/06\/ospedale-posto-fisso-polizia-3.jpg\" alt=\"\" width=\"1024\" height=\"576\" srcset=\"https:\/\/www.leccecronaca.it\/wordpress\/wp-content\/uploads\/2019\/06\/ospedale-posto-fisso-polizia-3.jpg 1024w, https:\/\/www.leccecronaca.it\/wordpress\/wp-content\/uploads\/2019\/06\/ospedale-posto-fisso-polizia-3-300x169.jpg 300w, https:\/\/www.leccecronaca.it\/wordpress\/wp-content\/uploads\/2019\/06\/ospedale-posto-fisso-polizia-3-768x432.jpg 768w\" sizes=\"(max-width: 1024px) 100vw, 1024px\" \/>di <strong>Raffaele Polo<\/strong>______<\/p>\n<p>\u00c8 una pessima abitudine, ma \u00e8 cos\u00ec: ci si ritrova quando un avvenimento improvviso ci costringe ad un doloroso confronto con la malattia o con la fragilit\u00e0 propria del genere umano.<\/p>\n<p>E finisce che, poi, ci viene da considerare che lo stesso incontro sarebbe stato pi\u00f9 piacevole in altri momenti. Oppure no, in fin dei conti, in un luogo di sofferenza si \u00e8 pi\u00f9 propensi al sentimento ed alla meditazione&#8230;<\/p>\n<p>Cos\u00ec li ho visti, tutti e due, come se non fossero solo creazioni letterarie, ma proprio carne e ossa, con i volti degli attori che li impersonificano, anzi no, viene da pensare che sono loro a dare un senso, un volto agli interpreti. Prendiamo ad esempio Maigret: o il volto duro di Jean Gabin o quello accigliato di Gino Cervi. Ma siamo sicuri che quelli non fossero proprio i volti &#8216;veri&#8217; di questo eroe immaginato da Simenon?<\/p>\n<p>E quante volte, nei primi Caroselli della TV degli anni Sessanta, abbiamo assistito alle indagini dell&#8217;Infallibile Ispettore Rock? (con Cesare Polacco e Giuliano Isidori aggiungeva una voce in sottofondo) che si concludevano con le battute, sempre uguali: <em>Ispettore, lei non sbaglia mai! No, anch&#8217;io ho commesso un errore.<\/em> (Alzando il cappello a mostrare la propria calvizie) <em>Non ho mai usato la brillantina Linetti.<\/em><\/p>\n<p>Ora, questo Ispettore, assieme al Tenente Sheridan e a Rusty, il ragazzino che \u00e8 sempre affianco a Rin-Tin-Tin, hanno popolato la nostra infanzia e sono, ancora oggi, tra i personaggi pi\u00f9 cari che abbiamo.<\/p>\n<p>Ecco, allora, che quando ho visto entrare in quella stanza asettica e tutta dipinta di bianco il Commissario Montalbano, ho capito subito che era lui, anche se non era proprio come Zingaretti e neppure come raffigurato nel monumento che c&#8217;\u00e8 a Porto Empedocle, per\u00f2 si capiva che era lui, si \u00e8 guardato subito attorno, rivolgendosi all&#8217;Ufficiale Rizzo che stava dignitosamente seduto nella sedia d&#8217;angolo, a controllare tutta la stanza.<\/p>\n<p>&nbsp;<\/p>\n<p><em>&#8216;Il commissario Montalbano sono&#8217;<\/em> ha detto. E l&#8217;Ufficiale Rizzo ha sorriso, senza dire nulla.<\/p>\n<p><em>&#8216;Novit\u00e0, come sta?&#8217;<\/em><\/p>\n<p>Rizzo si \u00e8 stretto nelle spalle.<\/p>\n<p>&#8216;L&#8217;et\u00e0 pesa, non c&#8217;\u00e8 niente da fare. Per\u00f2 la tempra \u00e8 forte&#8230;.&#8217;<\/p>\n<p>Montalbano si \u00e8 tolto gli occhiali da sole e li ha riposti nel taschino della giacca.<\/p>\n<p>&#8216;<em>Appena ho saputo, vinni a vedere&#8230;&#8217;<\/em> ha mormorato, quasi sovrappensiero. Poi, fissando l&#8217;Ufficiale con volto interessato ha spiato: &#8216;<em>E voi, chi sareste?&#8217;<\/em><\/p>\n<p>Rizzo si \u00e8 alzato e con un po&#8217; di prosopopea si \u00e8 presentato: &#8216;Ufficiale Rizzo, vengo dal Salento, mi ha inventato Raffaele Polo&#8217;<\/p>\n<p>&#8216;<em>Piacere, mi congratulo. C&#8217;\u00e8 una camurria di commissari in questo momento, nella letteratura italiana, impossibile stare dietro a tutti&#8230;. E voi, Polizia, Carabinieri, Finanza, dove faticate?&#8217;<\/em><\/p>\n<p>&#8216;Niente, cos\u00ec, fatti strani e misteriosi, senza una direzione precisa, capita un evento straordinario e impossibile e mandano me. Anzi, mandavano me perch\u00e9 adesso sono finito sotto inchiesta anch&#8217;io&#8230;&#8217; ha detto tutto d&#8217;un fiato Rizzo.<\/p>\n<p><em>&#8216;Non la finiscono di rompere i cabbasisi, invece di andare da chi sappiamo noi&#8230; Vabb\u00e8, e il Maestro, come sta?&#8217;<\/em><\/p>\n<p>&#8216;Camilleri, detto fra noi, \u00e8 immortale. Che importa se la vita terrena pu\u00f2 terminare da un momento all&#8217;altro? Ormai lui \u00e8 un po&#8217; come noi, che non abbiamo paura della morte, siamo e resteremo eterni. Per\u00f2, dispiace che se l&#8217;autore se ne va, non abbiamo pi\u00f9 la possibilit\u00e0 di continuare con le nostre avventure&#8230;&#8217;<\/p>\n<p><em>&#8216;Eccerto, io quando mi rivedo alla TV ormai s\u00f2 subito, dalla prima scena, come andr\u00e0 a finire tutta la storia. Epper\u00f2 ne vorrei cambiare qualcuna di quelle scene, sempre uguali&#8230;&#8217;<\/em> ha sorriso Montalbano.<\/p>\n<p>&#8216;Magari le storie con le donne, no?&#8217; ha chiosato Rizzo.<\/p>\n<p>Poi, sono stati in silenzio, immersi nei loro pensieri.<\/p>\n<p>(continua)<\/p>\n<fb:like href='https:\/\/www.leccecronaca.it\/index.php\/2019\/06\/18\/camilleri-in-condizioni-critiche-l-ufficiale-rizzo-in-missione-speciale-ha-appena-ricevuto-una-visita-particolare-particolarissima-e-la-vuole-raccontare-a-leccecronaca-it\/' send='true' layout='button_count' show_faces='true' width='450' height='65' action='recommend' colorscheme='light' font='lucida grande'><\/fb:like><span class=\"fb_share\"><fb:like href=\"https:\/\/www.leccecronaca.it\/index.php\/2019\/06\/18\/camilleri-in-condizioni-critiche-l-ufficiale-rizzo-in-missione-speciale-ha-appena-ricevuto-una-visita-particolare-particolarissima-e-la-vuole-raccontare-a-leccecronaca-it\/\" layout=\"button_count\"><\/fb:like><\/span>","protected":false},"excerpt":{"rendered":"<p>di Raffaele Polo______ \u00c8 una pessima abitudine, ma \u00e8 cos\u00ec: ci si ritrova quando un avvenimento improvviso ci costringe ad un doloroso confronto con la malattia o con la fragilit\u00e0 propria del genere umano. E finisce che, poi, ci viene da considerare che lo stesso incontro sarebbe stato pi\u00f9 piacevole in altri momenti. Oppure no, [&hellip;]<\/p>\n","protected":false},"author":4,"featured_media":155532,"comment_status":"open","ping_status":"closed","sticky":false,"template":"","format":"standard","meta":[],"categories":[69,31],"tags":[],"_links":{"self":[{"href":"https:\/\/www.leccecronaca.it\/index.php\/wp-json\/wp\/v2\/posts\/155531"}],"collection":[{"href":"https:\/\/www.leccecronaca.it\/index.php\/wp-json\/wp\/v2\/posts"}],"about":[{"href":"https:\/\/www.leccecronaca.it\/index.php\/wp-json\/wp\/v2\/types\/post"}],"author":[{"embeddable":true,"href":"https:\/\/www.leccecronaca.it\/index.php\/wp-json\/wp\/v2\/users\/4"}],"replies":[{"embeddable":true,"href":"https:\/\/www.leccecronaca.it\/index.php\/wp-json\/wp\/v2\/comments?post=155531"}],"version-history":[{"count":3,"href":"https:\/\/www.leccecronaca.it\/index.php\/wp-json\/wp\/v2\/posts\/155531\/revisions"}],"predecessor-version":[{"id":155535,"href":"https:\/\/www.leccecronaca.it\/index.php\/wp-json\/wp\/v2\/posts\/155531\/revisions\/155535"}],"wp:featuredmedia":[{"embeddable":true,"href":"https:\/\/www.leccecronaca.it\/index.php\/wp-json\/wp\/v2\/media\/155532"}],"wp:attachment":[{"href":"https:\/\/www.leccecronaca.it\/index.php\/wp-json\/wp\/v2\/media?parent=155531"}],"wp:term":[{"taxonomy":"category","embeddable":true,"href":"https:\/\/www.leccecronaca.it\/index.php\/wp-json\/wp\/v2\/categories?post=155531"},{"taxonomy":"post_tag","embeddable":true,"href":"https:\/\/www.leccecronaca.it\/index.php\/wp-json\/wp\/v2\/tags?post=155531"}],"curies":[{"name":"wp","href":"https:\/\/api.w.org\/{rel}","templated":true}]}}