{"id":155592,"date":"2019-06-19T16:40:08","date_gmt":"2019-06-19T14:40:08","guid":{"rendered":"http:\/\/www.leccecronaca.it\/?p=155592"},"modified":"2019-06-19T17:07:48","modified_gmt":"2019-06-19T15:07:48","slug":"plastica-e-sicurezza-alimentare-campagna-promossa-da-guardie-ecologiche-volontarie","status":"publish","type":"post","link":"https:\/\/www.leccecronaca.it\/index.php\/2019\/06\/19\/plastica-e-sicurezza-alimentare-campagna-promossa-da-guardie-ecologiche-volontarie\/","title":{"rendered":"E MO? E MO E MO MOPLEN NELLA FRITTURINA DI PESCE. UN&#8217;INIZIATIVA PER LA SICUREZZA ALIMENTARE, CONTRO L&#8217;USO DELLA PLASTICA, A TORRE CHIANCA GIOVEDI&#8217; 20"},"content":{"rendered":"<p><img decoding=\"async\" loading=\"lazy\" class=\"alignnone wp-image-155600\" src=\"https:\/\/www.leccecronaca.it\/wordpress\/wp-content\/uploads\/2019\/06\/Moplen_Bramieri-1.jpg\" alt=\"\" width=\"800\" height=\"600\" srcset=\"https:\/\/www.leccecronaca.it\/wordpress\/wp-content\/uploads\/2019\/06\/Moplen_Bramieri-1.jpg 600w, https:\/\/www.leccecronaca.it\/wordpress\/wp-content\/uploads\/2019\/06\/Moplen_Bramieri-1-300x225.jpg 300w, https:\/\/www.leccecronaca.it\/wordpress\/wp-content\/uploads\/2019\/06\/Moplen_Bramieri-1-400x300.jpg 400w\" sizes=\"(max-width: 800px) 100vw, 800px\" \/>di\u00a0<strong>Maria Antonietta Vacca_______<\/strong><\/p>\n<p>L&#8217;incapacit\u00e0 dei governi di gestire con un criterio di razionalit\u00e0 i propri rifiuti, e l&#8217;incivilt\u00e0 di tanti della nostra societ\u00e0 sono la miscela esplosiva che ha portato ad una catastrofe ambientale le cui dimensioni sembrano destare l&#8217;attenzione soltanto di chi verso questo problema nutre una forte sensibilit\u00e0.<\/p>\n<p>La plastica ha oltre cent\u2019anni, ma non li dimostra. Perch\u00e9 una delle sue\u00a0caratteristiche peculiari \u00e8 proprio quella di essere indistruttibile.<\/p>\n<p>Ne \u00e8 stato fatto negli anni passati un impiego massiccio e sconsiderato,che si \u00e8 poi esteso anche ai Paesi in crescita dell&#8217; Africa e dell&#8217; Asia.<\/p>\n<p>Senza che fosse affrontato il problema dello smaltimento, con una gran quantit\u00e0 di oggetti che andavano a finire nei corsi d&#8217;acqua e da l\u00e0 al mare.<\/p>\n<p>La produzione di plastica, tuttora quasi interamente (per il 90%)\u00a0dipendente da materie fossili, impiega il 4-6% di tutto il petrolio e il gas\u00a0usati in Europa. A questi vengono aggiunti poi additivi, come coloranti,\u00a0ritardanti di fiamma, antiossidanti o antistatici, che ne esaltano o ne\u00a0attenuano le propriet\u00e0.<br \/>\n.<br \/>\nOggi le materie plastiche coprono l\u201985% della domanda totale a livello\u00a0globale, tre\u00a0tipi di plastica coprono il 50% della domanda in Europa.<\/p>\n<p>L\u2019Europa \u00e8 il secondo maggiore produttore mondiale di plastica dopo la\u00a0Cina. Nel 2016 ha prodotto 60 milioni di tonnellate di plastica, che si sono\u00a0trasformate in 27 milioni di tonnellate di rifiuti. Di queste, solo il 31% \u00e8\u00a0stato avviato al riciclo, mentre il 27% \u00e8 finito in discarica e il resto \u00e8 stato<br \/>\navviato al recupero energetico.<br \/>\nIl 40% della plastica europea \u00e8 destinato agli imballaggi e si trasforma in 16,7 milioni di tonnellate di rifiuti.<br \/>\nNonostante la situazione stia leggermente migliorando, il ricorso alla discarica (senza quindi passare per nessun tipo di riciclo) rimane ancora\u00a0per molti paesi europei la prima o la seconda opzione: \u00e8\u00a0predominante nei paesi balcanici e in alcune aree dell\u2019Est Europa ed \u00e8 il\u00a050% in Italia, Francia e Spagna.<\/p>\n<p>Pochi e tardivi i provvedimenti per limitare il ricorso all&#8217; uso della plastica, anche se certo, meglio tardi che mai.<\/p>\n<p>Ma c&#8217;\u00e8 ancora tantissimo da fare.<br \/>\nAd oggi la domanda di plastica riciclata copre solo il 6% del mercato\u00a0europeo.<\/p>\n<p>Significative al fine di sensibilizzare sempre pi\u00f9 le coscienze nei confronti di questo fenomeno, le varie iniziative e campagne che si susseguono.<\/p>\n<p>A questo proposito le Guardie Ecologiche Volontarie promuovono la campagna:<br \/>\n<strong>PLASTICA E SICUREZZA ALIMENTARE<\/strong><\/p>\n<p>Plastica e sicurezza alimentare sar\u00e0 l\u2019argomento che, gioved\u00ec 20 giugno, le G.E.V. (Guardie Ecologiche Volontarie) della Provincia di Lecce, appartenenti al Raggruppamento ENDAS, insieme alle G.E.V. di Capitanata (Foggia), porteranno all\u2019attenzione dei cittadini con la diffusione di materiale informativo che illustra il \u201cCiclo perverso della plastica\u201d negli alimenti, in particolar modo ittici, e del rischio che corriamo ingerendo tale cibo incriminato.<\/p>\n<p>Da uno studio condotto dall\u2019Autorit\u00e0 Europea per la sicurezza alimentare \u2013 EFSA \u00e8, infatti, emerso che <em>&#8220;le microplastiche sono state segnalate nei frutti di mare (come pesce, gamberetti e bivalvi) e anche nel miele, nella birra e nel sale da cucina&#8221;.<\/em><\/p>\n<p>Il gazebo informativo verr\u00e0 installato nella splendida cornice del Parco di Rauccio, precisamente nell\u2019area che si affaccia sul Bacino Idume nei pressi del Lido Cambusa a Torre Chianca a partire dalle ore 11,30 circa.<br \/>\nLa giornata inizier\u00e0 con l\u2019accoglienza a Lecce del Raggruppamento delle G.E.V. della Provincia di Foggia che, dopo i saluti istituzionali, insieme ai colleghi G.E.V. ENDAS Lecce, visiteranno la Citt\u00e0, il Parco di Rauccio e presenzieranno al gazebo informativo a Torre Chianca.<br \/>\nLe G.E.V. delle Province di Lecce e Foggia, unite dal rispetto dell\u2019Ambiente e della Natura, dalla volont\u00e0 di tutelare il proprio Patrimonio Ambientale, Naturalistico e Culturale, hanno scelto questa giornata per siglare un gemellaggio fra i due Raggruppamenti, al fine di instaurare una proficua collaborazione attraverso la creazione di momenti conoscitivi e di confronto, di alleanze collaborative tramite lo scambio e la comparazione delle differenti realt\u00e0 territoriali e lo studio di soluzioni a problemi comuni, che punti alla tutela ambientale e all\u2019amicizia reciproca.<br \/>\nL\u2019evento terminer\u00e0 con la firma del Patto di Amicizia \u201cInsieme per Natura\u201d fra i due Raggruppamenti G.E.V.<\/p>\n<p><img decoding=\"async\" loading=\"lazy\" class=\"alignnone size-full wp-image-155595\" src=\"https:\/\/www.leccecronaca.it\/wordpress\/wp-content\/uploads\/2019\/06\/Locandina-Ciclo-perverso-plastica.jpg\" alt=\"\" width=\"1134\" height=\"1625\" srcset=\"https:\/\/www.leccecronaca.it\/wordpress\/wp-content\/uploads\/2019\/06\/Locandina-Ciclo-perverso-plastica.jpg 1134w, https:\/\/www.leccecronaca.it\/wordpress\/wp-content\/uploads\/2019\/06\/Locandina-Ciclo-perverso-plastica-209x300.jpg 209w, https:\/\/www.leccecronaca.it\/wordpress\/wp-content\/uploads\/2019\/06\/Locandina-Ciclo-perverso-plastica-715x1024.jpg 715w, https:\/\/www.leccecronaca.it\/wordpress\/wp-content\/uploads\/2019\/06\/Locandina-Ciclo-perverso-plastica-768x1101.jpg 768w, https:\/\/www.leccecronaca.it\/wordpress\/wp-content\/uploads\/2019\/06\/Locandina-Ciclo-perverso-plastica-1072x1536.jpg 1072w\" sizes=\"(max-width: 1134px) 100vw, 1134px\" \/><\/p>\n<p>&nbsp;<\/p>\n<fb:like href='https:\/\/www.leccecronaca.it\/index.php\/2019\/06\/19\/plastica-e-sicurezza-alimentare-campagna-promossa-da-guardie-ecologiche-volontarie\/' send='true' layout='button_count' show_faces='true' width='450' height='65' action='recommend' colorscheme='light' font='lucida grande'><\/fb:like><span class=\"fb_share\"><fb:like href=\"https:\/\/www.leccecronaca.it\/index.php\/2019\/06\/19\/plastica-e-sicurezza-alimentare-campagna-promossa-da-guardie-ecologiche-volontarie\/\" layout=\"button_count\"><\/fb:like><\/span>","protected":false},"excerpt":{"rendered":"<p>di\u00a0Maria Antonietta Vacca_______ L&#8217;incapacit\u00e0 dei governi di gestire con un criterio di razionalit\u00e0 i propri rifiuti, e l&#8217;incivilt\u00e0 di tanti della nostra societ\u00e0 sono la miscela esplosiva che ha portato ad una catastrofe ambientale le cui dimensioni sembrano destare l&#8217;attenzione soltanto di chi verso questo problema nutre una forte sensibilit\u00e0. La plastica ha oltre cent\u2019anni, [&hellip;]<\/p>\n","protected":false},"author":4,"featured_media":155599,"comment_status":"open","ping_status":"closed","sticky":false,"template":"","format":"standard","meta":[],"categories":[69,76],"tags":[],"_links":{"self":[{"href":"https:\/\/www.leccecronaca.it\/index.php\/wp-json\/wp\/v2\/posts\/155592"}],"collection":[{"href":"https:\/\/www.leccecronaca.it\/index.php\/wp-json\/wp\/v2\/posts"}],"about":[{"href":"https:\/\/www.leccecronaca.it\/index.php\/wp-json\/wp\/v2\/types\/post"}],"author":[{"embeddable":true,"href":"https:\/\/www.leccecronaca.it\/index.php\/wp-json\/wp\/v2\/users\/4"}],"replies":[{"embeddable":true,"href":"https:\/\/www.leccecronaca.it\/index.php\/wp-json\/wp\/v2\/comments?post=155592"}],"version-history":[{"count":8,"href":"https:\/\/www.leccecronaca.it\/index.php\/wp-json\/wp\/v2\/posts\/155592\/revisions"}],"predecessor-version":[{"id":155605,"href":"https:\/\/www.leccecronaca.it\/index.php\/wp-json\/wp\/v2\/posts\/155592\/revisions\/155605"}],"wp:featuredmedia":[{"embeddable":true,"href":"https:\/\/www.leccecronaca.it\/index.php\/wp-json\/wp\/v2\/media\/155599"}],"wp:attachment":[{"href":"https:\/\/www.leccecronaca.it\/index.php\/wp-json\/wp\/v2\/media?parent=155592"}],"wp:term":[{"taxonomy":"category","embeddable":true,"href":"https:\/\/www.leccecronaca.it\/index.php\/wp-json\/wp\/v2\/categories?post=155592"},{"taxonomy":"post_tag","embeddable":true,"href":"https:\/\/www.leccecronaca.it\/index.php\/wp-json\/wp\/v2\/tags?post=155592"}],"curies":[{"name":"wp","href":"https:\/\/api.w.org\/{rel}","templated":true}]}}