{"id":155701,"date":"2019-06-22T18:22:29","date_gmt":"2019-06-22T16:22:29","guid":{"rendered":"http:\/\/www.leccecronaca.it\/?p=155701"},"modified":"2019-06-22T18:28:58","modified_gmt":"2019-06-22T16:28:58","slug":"la-polemica-francesco-boccia-il-ministro-per-il-sud-lei-replica-stizzita-studia-di-piu-e-non-fare-fake-news-e-allora-lui-le-risponde-a-muso-duro-anche-se-rispondere-alla-lezzi-e-un-ese","status":"publish","type":"post","link":"https:\/\/www.leccecronaca.it\/index.php\/2019\/06\/22\/la-polemica-francesco-boccia-il-ministro-per-il-sud-lei-replica-stizzita-studia-di-piu-e-non-fare-fake-news-e-allora-lui-le-risponde-a-muso-duro-anche-se-rispondere-alla-lezzi-e-un-ese\/","title":{"rendered":"LA POLEMICA \/ FRANCESCO &#8216;BOCCIA&#8217; IL MINISTRO PER IL SUD. LEI REPLICA STIZZITA, IN MODALITA&#8217; MULTIMEDIALE: &#8216;Studia di pi\u00f9 e non fare fake news&#8217;. E ALLORA LUI LE RISPONDE A MUSO DURO, ANCHE SE &#8220;Rispondere alla Lezzi \u00e8 un esercizio non semplicissimo, perch\u00e9 c\u2019\u00e8 sempre la percezione che capisca una cosa per l\u2019altra&#8221;"},"content":{"rendered":"<p><img decoding=\"async\" loading=\"lazy\" class=\"alignnone size-full wp-image-155702\" src=\"https:\/\/www.leccecronaca.it\/wordpress\/wp-content\/uploads\/2019\/06\/Francesco-Boccia.jpeg\" alt=\"\" width=\"798\" height=\"457\" srcset=\"https:\/\/www.leccecronaca.it\/wordpress\/wp-content\/uploads\/2019\/06\/Francesco-Boccia.jpeg 798w, https:\/\/www.leccecronaca.it\/wordpress\/wp-content\/uploads\/2019\/06\/Francesco-Boccia-300x172.jpeg 300w, https:\/\/www.leccecronaca.it\/wordpress\/wp-content\/uploads\/2019\/06\/Francesco-Boccia-768x440.jpeg 768w\" sizes=\"(max-width: 798px) 100vw, 798px\" \/>(g.p.)______Il deputato del Pd Francesco Boccia (nella foto) aveva mandato ieri sera in redazione una nota polemica sui lavori alla Camera riguardo il cos\u00ec detto &#8216;decreto Crescita&#8217;, poi approvato e ora inviato all&#8217;esame del Senato. Un po&#8217; perch\u00e9 di difficile spiegazione, un po&#8217; perch\u00e9 di difficile verifica, un po&#8217; perch\u00e9 di difficile comprensione per &#8216;i non addetti ai lavori&#8217;, avevamo scelto di cestinarlo.<\/p>\n<p>Ora per\u00f2, alla luce degli ultimi avvenimenti, che certo a qualcuno in pi\u00f9 interesseranno, in quanto escono dalla polemica politica fra maggioranza e opposizione, per abbracciare questioni di interesse generale, lo recuperiamo. Insieme al dare conto degli sviluppi successivi, affinch\u00e9 ognuno possa, solo con un po&#8217; di pazienza, considerarli nel loro sviluppo di significato e cos\u00ec potersi fare il proprio libero convincimento.______<\/p>\n<p>&nbsp;<\/p>\n<p>Eccone il testo dell&#8217; on. <strong><span style=\"color: #ff0000;\">Francesco Boccia<\/span><\/strong>: <span style=\"color: #ff0000;\"><em>&#8220;Con un ministro per il Mezzogiorno pasticcione e irrilevante come la Lezzi, la sola cosa che posso dire \u00e8 povero Sud. <\/em><\/span><\/p>\n<p><span style=\"color: #ff0000;\"><em>Avremmo dovuto avere il bonus occupazione al Sud dal 1\u00b0 gennaio 2019, in linea con gli anni precedenti, e invece Anpal disattende una legge ordinaria e dice che per ragioni di fondi si parte dal 1\u00b0 maggio. Grazie alla ministra Lezzi il calendario al Sud si \u00e8 ridotto ad 8 mesi. <\/em><\/span><\/p>\n<p><span style=\"color: #ff0000;\"><em>Si fa scippare sotto il naso dai leghisti le risorse del Fondo Sviluppo e Coesione, con il suo gruppo che vota a favore, salvo poi dover rimediare per poter tornare a casa, non avendo nemmeno l&#8217;umilt\u00e0 di scusarsi pubblicamente, dopo averlo invece fatto in commissione dove ha ammesso il pasticcio.\u00a0La Ministra non frena mai la Lega sull&#8217;autonomia e si conferma un vaso di coccio nel governo di fatto guidato dai leghisti. <\/em><\/span><\/p>\n<p><span style=\"color: #ff0000;\"><em>Il capolavoro lo fa per\u00f2 sulla ex Ilva, principale fallimento suo, del M5S e di Di Maio. Sono passati dalle manifestazioni in cui dicevano che non si sarebbe mai fatta la Tap e chiusa l&#8217;Ilva alla fuga scortata davanti ai loro ex elettori.\u00a0Oggi\u00a0per salvare la faccia, ormai persa, si inventa anche cose mai avvenute in commissione dicendo che mi sarei battuto per l&#8217;immunit\u00e0 ignorando storia, battaglie fatte e posizione sul tema\u00a0oggi\u00a0e ieri. <\/em><\/span><\/p>\n<p><span style=\"color: #ff0000;\"><em>Ho chiesto alla Lezzi in Commissione come intendono gestire la crisi con Arcelor Mittal visto che il loro Governo ha sottoscritto quel contratto di cessione, hanno sub\u00ecto una decisione unilaterale dell&#8217;azienda di 1400 cassa integrati e sono intervenuti di fatto sul contratto che hanno firmato. <\/em><\/span><\/p>\n<p><em><span style=\"color: #ff0000;\">Non c&#8217;\u00e8 mai stata da parte mia alcun sostegno a qualsiasi forma di immunit\u00e0, pretendevo e pretendo di sapere come intende il Governo, e la Ministra Lezzi, gestire la crisi evidente che si \u00e8 aperta con Arcelor Mittal. La domanda non \u00e8 difficile, Ministra Lezzi, con un piccolo sforzo potrebbe anche farcela nel comprenderla&#8221;<\/span>.<\/em>______<\/p>\n<p>&nbsp;<\/p>\n<p>Questa mattina, di sabato 22 giugno, \u00e8 partita la reazione del ministro <strong><span style=\"color: #0000ff;\">Barbara Lezzi.<\/span><\/strong><\/p>\n<p>C&#8217;\u00e8 un video su Facebook, lunghissimo, dieci minuti, cio\u00e8 un&#8217;assurda eternit\u00e0, quindi francamente inguardabile, senza testo scritto.<\/p>\n<p>C&#8217;\u00e8 una dichiarazione, ripresa solo dall&#8217;agenzia Askanews, eccola: <span style=\"color: #0000ff;\"><em>&#8220;Francesco Boccia ieri ha detto che il Sud avrebbe perso 4 mesi di decontribuzione per le imprese del Mezzogiorno, che se assumono lavoratori disoccupati da almeno 6 mesi, sono esentate dagli oneri Inps per un anno. La realt\u00e0 \u00e8 che l\u2019ex direttore generale dell\u2019Anpal aveva emanato un decreto rispetto a questa norma sulla decontribuzione per il biennio 2019-2020, che avevo fatto introdurre in Legge di bilancio, che avrebbe fatto partire la decontribuzione dal 1 di maggio. Nel Decreto crescita per\u00f2 abbiamo approvato un emendamento che sana questo errore: le imprese che hanno assunto a partire da gennaio, hanno e avranno la piena decontribuzione.<\/em><\/span><\/p>\n<p><span style=\"color: #0000ff;\"><em>Boccia che \u00e8 in commissione Bilancio, come faceva a ignorare questa realt\u00e0? Quando \u00e8 stato il momento di votare l\u2019emendamento, visto che non l\u2019ha letto, ha votato contro? Tra l\u2019altro proprio il Pd di Boccia aveva abolito la norma che dava la decontribuzione per due anni. Sarebbe il caso di studiare di pi\u00f9 e meglio, altrimenti quando si parla poi vengono date false informazioni\u201d.<\/em><\/span><\/p>\n<p>&nbsp;<\/p>\n<p>C&#8217;\u00e8 infine il comunicato in soccorso firmato dall&#8217;on. <strong>Leonardo Donno<\/strong>, anch&#8217;egli del M5S, eccolo:<\/p>\n<div class=\"default-style\">\n<p><em><span style=\"color: #0000ff;\">&#8220;Grazie ad un emendamento al decreto Crescita, approvato ieri alla Camera, le imprese del Mezzogiorno che hanno assunto dal 1 gennaio i lavoratori disoccupati da almeno 6 mesi e che sono quindi esentati dagli oneri Inps per un anno avranno accesso alla piena decontribuzione.\u00a0Superiamo cos\u00ec un errore che avrebbe gravato sulle spalle delle imprese, quelle a cui questo decreto \u00e9 dedicato, che contiene semplificazioni e riduzioni delle tasse.<\/span><\/em><br \/>\n<em><span style=\"color: #0000ff;\">Ma cosa ha detto Francesco Boccia proprio ieri? Che le imprese del Sud avrebbero perso 4 mesi di decontribuzione: un&#8217;altra fake news del PD a cui il MoVimento 5 Stelle risponde con i fatti e non solo con le parole come sono abituati a fare loro.<\/span><\/em><br \/>\n<em><span style=\"color: #0000ff;\">Voglio ricordare a Boccia che in realt\u00e0 \u00e9 stato l&#8217;ex Direttore generale dell&#8217;Anpal ad emanare un decreto rispetto a questa norma sulla decontribuzione per il biennio 2019-2020, introducendo in Legge di bilancio che la decontribuzione sarebbe partita dal 1 di maggio.<\/span><\/em><br \/>\n<em><span style=\"color: #0000ff;\">Boccia che \u00e8 in commissione Bilancio, come faceva a ignorare questa realt\u00e0? Quando \u00e8 stato il momento di votare l&#8217;emendamento, visto che non l&#8217;ha letto, ha votato contro? Tra l&#8217;altro proprio il Pd di Boccia aveva abolito la norma che dava la decontribuzione per due anni.<\/span><\/em><br \/>\n<em><span style=\"color: #0000ff;\">Dopo aver aver affossato il Sud, l&#8217;unico contributo che riesce a dare il Partito Democratico \u00e8 in termini di falsit\u00e0 e disinformazione!\u201d.<\/span><\/em><\/p>\n<p>&nbsp;<\/p>\n<p>Tutto questo ha alterato non poco <strong><span style=\"color: #ff0000;\">Francesco Boccia<\/span><\/strong>, che in serata ha mandato un durissimo comunicato ai giornali, eccone il testo completo, ivi compreso titolo, e memorabile incipit:<\/p>\n<p><em><span style=\"color: #ff0000;\">SU SUD FALLIMENTO TOTALE. CREDERE DI SAPERE QUELLO CHE NON SI SA E&#8217; FORMA DI IGNORANZA<\/span><\/em><\/p>\n<p><em><span style=\"color: #ff0000;\">&#8220;Rispondere alla Ministra Lezzi \u00e8 un esercizio non semplicissimo perch\u00e9 c\u2019\u00e8 sempre la percezione che capisca una cosa per l\u2019altra. <\/span><\/em><\/p>\n<p><em><span style=\"color: #ff0000;\">Con il provvedimento che lei stessa ha ammesso di aver approvato nel decreto crescita ha certificato e confermato il danno fatto al sud in questi mesi, considerandolo nel 2019 una parte del paese con il calendario di 8 mesi anzich\u00e9 12. Il bonus per l\u2019occupazione al sud, lo ribadisco, era normato per 12 mesi ma nei primi 4 non lo hanno erogato. Se solo avesse vissuto almeno un giorno della sua vita in un\u2019azienda con responsabilit\u00e0 gestionali, saprebbe che gli imprenditori programmano e attuano se ci sono certezze. Ha in mente il numero di aziende che comunque non hanno assunto a causa di quell\u2019errore? Il 90%. Dire\u00a0oggi\u00a0che chi ha assunto il primo gennaio pu\u00f2 ottenere quella decontribuzione \u00e8 come scoprire l\u2019acqua calda. <\/span><\/em><\/p>\n<p><em><span style=\"color: #ff0000;\">Il problema \u00e8 che a causa del loro errore le imprese sono state ferme. Ora \u00e8 possibile, bene. Speriamo che le imprese possano tornare a investire anche in beni strumentali visto che con il Governo della Lezzi hanno smesso di farlo. Poi, se ogni tanto avesse un minimo di onest\u00e0 intellettuale, dovrebbe ammettere che per il momento sull\u2019occupazione al sud si \u00e8 limitata a fare quello che avevano fatto i governi precedenti e che ci aspettiamo queste straordinarie misure nuove di cui ogni tanto parla ma che nessuno ha mai visto. <\/span><\/em><\/p>\n<p><em><span style=\"color: #ff0000;\">Sul suicidio politico fatto, invece, dalla Lezzi su Tap e Ilva, parlano direttamente i loro sostenitori che li contestano ogni volta che mettono piede nel Salento e a Taranto. <\/span><\/em><\/p>\n<p><em><span style=\"color: #ff0000;\">Anzich\u00e9 passare il sabato davanti a Facebook ad offendere chi fa opposizione nel merito cerchi di trascorrere il suo tempo al Ministero provando a sostenere le nostre proposte di finanziamento del tempo pieno in tutte le suole del sud, sostenendo le nostre proposte di riduzione delle tasse sul lavoro fino a 8100 euro l\u2019anno a lavoratore, cos\u00ec come aveva fatto il Pd negli anni 2015-2017 e faccia con noi le battaglie ambientali sulla decarbonizzazione integrale. <\/span><\/em><\/p>\n<p><em><span style=\"color: #ff0000;\">Cara Ministra, come ricordava Socrate nei nostri comuni (spero) studi adolescenziali, credere di sapere quello che non si sa non \u00e8 veramente la pi\u00f9 vergognosa forma di ignoranza? <\/span><\/em><\/p>\n<p><em><span style=\"color: #ff0000;\">Buon lavoro e quando inizier\u00e0 ad ascoltare le opposizioni anzich\u00e9 provocarle e offenderle forse avr\u00e0 fatto una prima vera azione costruttiva per il nostro caro Mezzogiorno e per la sua stessa credibilit\u00e0&#8221;. <\/span><\/em><\/p>\n<\/div>\n<fb:like href='https:\/\/www.leccecronaca.it\/index.php\/2019\/06\/22\/la-polemica-francesco-boccia-il-ministro-per-il-sud-lei-replica-stizzita-studia-di-piu-e-non-fare-fake-news-e-allora-lui-le-risponde-a-muso-duro-anche-se-rispondere-alla-lezzi-e-un-ese\/' send='true' layout='button_count' show_faces='true' width='450' height='65' action='recommend' colorscheme='light' font='lucida grande'><\/fb:like><span class=\"fb_share\"><fb:like href=\"https:\/\/www.leccecronaca.it\/index.php\/2019\/06\/22\/la-polemica-francesco-boccia-il-ministro-per-il-sud-lei-replica-stizzita-studia-di-piu-e-non-fare-fake-news-e-allora-lui-le-risponde-a-muso-duro-anche-se-rispondere-alla-lezzi-e-un-ese\/\" layout=\"button_count\"><\/fb:like><\/span>","protected":false},"excerpt":{"rendered":"<p>(g.p.)______Il deputato del Pd Francesco Boccia (nella foto) aveva mandato ieri sera in redazione una nota polemica sui lavori alla Camera riguardo il cos\u00ec detto &#8216;decreto Crescita&#8217;, poi approvato e ora inviato all&#8217;esame del Senato. Un po&#8217; perch\u00e9 di difficile spiegazione, un po&#8217; perch\u00e9 di difficile verifica, un po&#8217; perch\u00e9 di difficile comprensione per &#8216;i [&hellip;]<\/p>\n","protected":false},"author":4,"featured_media":155702,"comment_status":"open","ping_status":"closed","sticky":false,"template":"","format":"standard","meta":[],"categories":[69,76],"tags":[],"_links":{"self":[{"href":"https:\/\/www.leccecronaca.it\/index.php\/wp-json\/wp\/v2\/posts\/155701"}],"collection":[{"href":"https:\/\/www.leccecronaca.it\/index.php\/wp-json\/wp\/v2\/posts"}],"about":[{"href":"https:\/\/www.leccecronaca.it\/index.php\/wp-json\/wp\/v2\/types\/post"}],"author":[{"embeddable":true,"href":"https:\/\/www.leccecronaca.it\/index.php\/wp-json\/wp\/v2\/users\/4"}],"replies":[{"embeddable":true,"href":"https:\/\/www.leccecronaca.it\/index.php\/wp-json\/wp\/v2\/comments?post=155701"}],"version-history":[{"count":6,"href":"https:\/\/www.leccecronaca.it\/index.php\/wp-json\/wp\/v2\/posts\/155701\/revisions"}],"predecessor-version":[{"id":155708,"href":"https:\/\/www.leccecronaca.it\/index.php\/wp-json\/wp\/v2\/posts\/155701\/revisions\/155708"}],"wp:featuredmedia":[{"embeddable":true,"href":"https:\/\/www.leccecronaca.it\/index.php\/wp-json\/wp\/v2\/media\/155702"}],"wp:attachment":[{"href":"https:\/\/www.leccecronaca.it\/index.php\/wp-json\/wp\/v2\/media?parent=155701"}],"wp:term":[{"taxonomy":"category","embeddable":true,"href":"https:\/\/www.leccecronaca.it\/index.php\/wp-json\/wp\/v2\/categories?post=155701"},{"taxonomy":"post_tag","embeddable":true,"href":"https:\/\/www.leccecronaca.it\/index.php\/wp-json\/wp\/v2\/tags?post=155701"}],"curies":[{"name":"wp","href":"https:\/\/api.w.org\/{rel}","templated":true}]}}