{"id":155731,"date":"2019-06-23T17:48:55","date_gmt":"2019-06-23T15:48:55","guid":{"rendered":"http:\/\/www.leccecronaca.it\/?p=155731"},"modified":"2019-06-23T17:48:55","modified_gmt":"2019-06-23T15:48:55","slug":"problemi-per-la-sede-della-guardia-medica","status":"publish","type":"post","link":"https:\/\/www.leccecronaca.it\/index.php\/2019\/06\/23\/problemi-per-la-sede-della-guardia-medica\/","title":{"rendered":"PROBLEMI PER LA SEDE DELLA GUARDIA MEDICA"},"content":{"rendered":"<p><img decoding=\"async\" loading=\"lazy\" class=\"alignnone size-full wp-image-155733\" src=\"https:\/\/www.leccecronaca.it\/wordpress\/wp-content\/uploads\/2019\/06\/guardia-medica-lecce-via-bottazzi-5.png\" alt=\"\" width=\"900\" height=\"1600\" srcset=\"https:\/\/www.leccecronaca.it\/wordpress\/wp-content\/uploads\/2019\/06\/guardia-medica-lecce-via-bottazzi-5.png 900w, https:\/\/www.leccecronaca.it\/wordpress\/wp-content\/uploads\/2019\/06\/guardia-medica-lecce-via-bottazzi-5-169x300.png 169w, https:\/\/www.leccecronaca.it\/wordpress\/wp-content\/uploads\/2019\/06\/guardia-medica-lecce-via-bottazzi-5-576x1024.png 576w, https:\/\/www.leccecronaca.it\/wordpress\/wp-content\/uploads\/2019\/06\/guardia-medica-lecce-via-bottazzi-5-768x1365.png 768w, https:\/\/www.leccecronaca.it\/wordpress\/wp-content\/uploads\/2019\/06\/guardia-medica-lecce-via-bottazzi-5-864x1536.png 864w\" sizes=\"(max-width: 900px) 100vw, 900px\" \/>Riceviamo e volentieri pubblichiamo. Dopo quello di ieri, in cui denunciava la situazione del trasporto pazienti, il presidente dell&#8217;associazione Sportello dei Diritti ci manda un nuovo comunicato sulla sanit\u00e0 salentina______<\/p>\n<p>Uno spettacolo che \u00e8 indecoroso \u00e8 dir poco. Le fotografie che documentano la gravissima situazione in cui si presentava stamattina la sede della Guardia Medica di Lecce in piazza Bottazzi, infatti, la dicono tutta pi\u00f9 di ogni parola: lavori in corso, polvere e scarafaggi morti mentre la gente \u00e8 in attesa.<\/p>\n<p>Questi i fatti nudi e crudi che cozzano con la gentilezza e cortesia del personale sanitario costretto a convivere assieme ai tanti pazienti in coda, in questa afosa domenica d\u2019inizio estate, con un ambiente aperto al pubblico che per sua natura dovrebbe essere la quintessenza dell\u2019igiene perch\u00e9 luogo della salute. Ed invece, l\u2019assurdo di una sottospecie di sala d\u2019attesa sporca, sciatta e con la spiacevole presenza di una blatta morta ed in bellavista. Ma anche il pavimento dell\u2019ambulatorio non appare molto pi\u00f9 pulito.<\/p>\n<p>A questo punto, mi chiedo se non ci fosse un altro luogo all\u2019interno dell\u2019ex \u201cFazzi\u201d adatto a svolgere la funzione di guardia medica anche provvisoriamente ed in attesa del completamento dei lavori e se sia questa la sanit\u00e0 che meritano i cittadini salentini e i tanti turisti che hanno necessit\u00e0 di questo prezioso ed indispensabile servizio di assistenza di prossimit\u00e0.______<\/p>\n<p>LA RICERCA nel nostro articolo di ieri<\/p>\n<blockquote class=\"wp-embedded-content\" data-secret=\"giVxl2yzGk\"><p><a href=\"https:\/\/www.leccecronaca.it\/index.php\/2019\/06\/22\/problemi-per-il-trasporto-ammalati-allasl-di-lecce\/\">PROBLEMI PER IL TRASPORTO AMMALATI ALL&#8217;ASL DI LECCE<\/a><\/p><\/blockquote>\n<p><iframe class=\"wp-embedded-content\" sandbox=\"allow-scripts\" security=\"restricted\" style=\"position: absolute; clip: rect(1px, 1px, 1px, 1px);\" src=\"https:\/\/www.leccecronaca.it\/index.php\/2019\/06\/22\/problemi-per-il-trasporto-ammalati-allasl-di-lecce\/embed\/#?secret=giVxl2yzGk\" data-secret=\"giVxl2yzGk\" width=\"500\" height=\"282\" title=\"&#8220;PROBLEMI PER IL TRASPORTO AMMALATI ALL&#8217;ASL DI LECCE&#8221; &#8212; LecceCronaca.it\" frameborder=\"0\" marginwidth=\"0\" marginheight=\"0\" scrolling=\"no\"><\/iframe><\/p>\n<p>&nbsp;<\/p>\n<fb:like href='https:\/\/www.leccecronaca.it\/index.php\/2019\/06\/23\/problemi-per-la-sede-della-guardia-medica\/' send='true' layout='button_count' show_faces='true' width='450' height='65' action='recommend' colorscheme='light' font='lucida grande'><\/fb:like><span class=\"fb_share\"><fb:like href=\"https:\/\/www.leccecronaca.it\/index.php\/2019\/06\/23\/problemi-per-la-sede-della-guardia-medica\/\" layout=\"button_count\"><\/fb:like><\/span>","protected":false},"excerpt":{"rendered":"<p>Riceviamo e volentieri pubblichiamo. Dopo quello di ieri, in cui denunciava la situazione del trasporto pazienti, il presidente dell&#8217;associazione Sportello dei Diritti ci manda un nuovo comunicato sulla sanit\u00e0 salentina______ Uno spettacolo che \u00e8 indecoroso \u00e8 dir poco. Le fotografie che documentano la gravissima situazione in cui si presentava stamattina la sede della Guardia Medica [&hellip;]<\/p>\n","protected":false},"author":4,"featured_media":155733,"comment_status":"open","ping_status":"closed","sticky":false,"template":"","format":"standard","meta":[],"categories":[69,36],"tags":[],"_links":{"self":[{"href":"https:\/\/www.leccecronaca.it\/index.php\/wp-json\/wp\/v2\/posts\/155731"}],"collection":[{"href":"https:\/\/www.leccecronaca.it\/index.php\/wp-json\/wp\/v2\/posts"}],"about":[{"href":"https:\/\/www.leccecronaca.it\/index.php\/wp-json\/wp\/v2\/types\/post"}],"author":[{"embeddable":true,"href":"https:\/\/www.leccecronaca.it\/index.php\/wp-json\/wp\/v2\/users\/4"}],"replies":[{"embeddable":true,"href":"https:\/\/www.leccecronaca.it\/index.php\/wp-json\/wp\/v2\/comments?post=155731"}],"version-history":[{"count":1,"href":"https:\/\/www.leccecronaca.it\/index.php\/wp-json\/wp\/v2\/posts\/155731\/revisions"}],"predecessor-version":[{"id":155734,"href":"https:\/\/www.leccecronaca.it\/index.php\/wp-json\/wp\/v2\/posts\/155731\/revisions\/155734"}],"wp:featuredmedia":[{"embeddable":true,"href":"https:\/\/www.leccecronaca.it\/index.php\/wp-json\/wp\/v2\/media\/155733"}],"wp:attachment":[{"href":"https:\/\/www.leccecronaca.it\/index.php\/wp-json\/wp\/v2\/media?parent=155731"}],"wp:term":[{"taxonomy":"category","embeddable":true,"href":"https:\/\/www.leccecronaca.it\/index.php\/wp-json\/wp\/v2\/categories?post=155731"},{"taxonomy":"post_tag","embeddable":true,"href":"https:\/\/www.leccecronaca.it\/index.php\/wp-json\/wp\/v2\/tags?post=155731"}],"curies":[{"name":"wp","href":"https:\/\/api.w.org\/{rel}","templated":true}]}}