{"id":155996,"date":"2019-07-03T11:28:15","date_gmt":"2019-07-03T09:28:15","guid":{"rendered":"http:\/\/www.leccecronaca.it\/?p=155996"},"modified":"2019-07-03T17:37:07","modified_gmt":"2019-07-03T15:37:07","slug":"fate-meglio-la-differenziata","status":"publish","type":"post","link":"https:\/\/www.leccecronaca.it\/index.php\/2019\/07\/03\/fate-meglio-la-differenziata\/","title":{"rendered":"&#8216;FATE MEGLIO LA DIFFERENZIATA!&#8217;"},"content":{"rendered":"<p><img decoding=\"async\" loading=\"lazy\" class=\"alignnone size-full wp-image-155997\" src=\"https:\/\/www.leccecronaca.it\/wordpress\/wp-content\/uploads\/2019\/07\/RD.jpg\" alt=\"\" width=\"300\" height=\"169\" \/>Riceviamo e volentieri pubblichiamo. Il Comune di Lecce ci manda il seguente comunicato______<\/p>\n<p>Appello ai cittadini dell\u2019assessora Angela Valli alla corretta raccolta differenziata dell\u2019organico<\/p>\n<p>Di seguito l\u2019appello dell\u2019assessora all\u2019Ambiente del Comune di Lecce Angela Valli rivolto ai cittadini leccesi per una migliore raccolta differenziata del rifiuto organico:<\/p>\n<p>&nbsp;<\/p>\n<p>\u201cGentili concittadini,<\/p>\n<p>ieri il carico di rifiuto organico prodotto dalla nostra citt\u00e0 e trasportato regolarmente dalla ditta all\u2019impianto di compostaggio Eden 94 di Manduria ha rischiato di non essere accettato. Il motivo? Il \u201ccarico\u201d \u00e8 risultato \u201cimpuro\u201d all\u2019esito della caratterizzazione merceologica, cio\u00e8 contaminato da rifiuti non organici, per una percentuale del 12,2%. Ben superiore alla soglia del 10% che \u00e8 la soglia massima di tolleranza oltre la quale l\u2019impianto pu\u00f2 rifiutare il conferimento. Ci\u00f2 ha generato un richiamo da parte dell\u2019azienda nei confronti del nostro Comune.<\/p>\n<p>\u00c8 concreto il rischio di vedersi respinto in futuro il conferimento della raccolta dell\u2019umido a causa della cattiva qualit\u00e0 della nostra frazione organica. Tutto ci\u00f2 genererebbe, oltre alla gi\u00e0 note difficolt\u00e0 di reperire un impianto in regione, anche un notevole aggravio dei costi di smaltimento, nell\u2019ordine di almeno 50 euro a tonnellata, con conseguenti inevitabili ricadute sulla TARI.<\/p>\n<p>L\u2019appello che rivolgo ai cittadini leccesi \u00e8 di fare attenzione alla qualit\u00e0 della propria raccolta differenziata. Nell\u2019organico vanno conferiti esclusivamente \u201cresti della cucina, scarti di verdura, bucce della frutta, gusci di uova, filtri di the, avanzi di cibo, fondi del caff\u00e8, tovaglioli sporchi, cenere spenta, fiori e piccole piante secche, sughero, piccoli scarti in legno non verniciato, cartoni della pizza unti, tagliati in piccoli pezzi\u201d. In genere tutti i rifiuti di piccola e piccolissima dimensione biodegradabili.<\/p>\n<p>Assolutamente NO ai pannolini e pannoloni, che sono la prima causa di impurit\u00e0 per la frazione organica e per i quali sono a disposizione appositi contenitori interrati nei quali conferire: in Piazza Modena (Zona San Sabino), Foro Boario, Piazza Cardarelli (Zona Salesiani), Piazza Indipendenza (Santa Rosa), Piazza Palio, Viale Aldo Moro, Via De Pace (Zona San Guido) e Via Paolo VI, angolo Via Monsignor De Luca (imbocco super strada Lecce &#8211; Maglie), via Braccio Martello (angolo Via Trinchese). In alternativa questi rifiuti possono essere anche conferiti con la frazione del secco residuo.<\/p>\n<p>Confido nella vostra attenzione e collaborazione per migliorare insieme la qualit\u00e0 della nostra raccolta differenziata. Gli sforzi finora profusi hanno portato Lecce a raggiungere ottimi risultati che possiamo ulteriormente migliorare\u201d.<\/p>\n<p>&nbsp;<\/p>\n<fb:like href='https:\/\/www.leccecronaca.it\/index.php\/2019\/07\/03\/fate-meglio-la-differenziata\/' send='true' layout='button_count' show_faces='true' width='450' height='65' action='recommend' colorscheme='light' font='lucida grande'><\/fb:like><span class=\"fb_share\"><fb:like href=\"https:\/\/www.leccecronaca.it\/index.php\/2019\/07\/03\/fate-meglio-la-differenziata\/\" layout=\"button_count\"><\/fb:like><\/span>","protected":false},"excerpt":{"rendered":"<p>Riceviamo e volentieri pubblichiamo. Il Comune di Lecce ci manda il seguente comunicato______ Appello ai cittadini dell\u2019assessora Angela Valli alla corretta raccolta differenziata dell\u2019organico Di seguito l\u2019appello dell\u2019assessora all\u2019Ambiente del Comune di Lecce Angela Valli rivolto ai cittadini leccesi per una migliore raccolta differenziata del rifiuto organico: &nbsp; \u201cGentili concittadini, ieri il carico di rifiuto [&hellip;]<\/p>\n","protected":false},"author":4,"featured_media":155997,"comment_status":"open","ping_status":"closed","sticky":false,"template":"","format":"standard","meta":[],"categories":[69,36],"tags":[],"_links":{"self":[{"href":"https:\/\/www.leccecronaca.it\/index.php\/wp-json\/wp\/v2\/posts\/155996"}],"collection":[{"href":"https:\/\/www.leccecronaca.it\/index.php\/wp-json\/wp\/v2\/posts"}],"about":[{"href":"https:\/\/www.leccecronaca.it\/index.php\/wp-json\/wp\/v2\/types\/post"}],"author":[{"embeddable":true,"href":"https:\/\/www.leccecronaca.it\/index.php\/wp-json\/wp\/v2\/users\/4"}],"replies":[{"embeddable":true,"href":"https:\/\/www.leccecronaca.it\/index.php\/wp-json\/wp\/v2\/comments?post=155996"}],"version-history":[{"count":1,"href":"https:\/\/www.leccecronaca.it\/index.php\/wp-json\/wp\/v2\/posts\/155996\/revisions"}],"predecessor-version":[{"id":155998,"href":"https:\/\/www.leccecronaca.it\/index.php\/wp-json\/wp\/v2\/posts\/155996\/revisions\/155998"}],"wp:featuredmedia":[{"embeddable":true,"href":"https:\/\/www.leccecronaca.it\/index.php\/wp-json\/wp\/v2\/media\/155997"}],"wp:attachment":[{"href":"https:\/\/www.leccecronaca.it\/index.php\/wp-json\/wp\/v2\/media?parent=155996"}],"wp:term":[{"taxonomy":"category","embeddable":true,"href":"https:\/\/www.leccecronaca.it\/index.php\/wp-json\/wp\/v2\/categories?post=155996"},{"taxonomy":"post_tag","embeddable":true,"href":"https:\/\/www.leccecronaca.it\/index.php\/wp-json\/wp\/v2\/tags?post=155996"}],"curies":[{"name":"wp","href":"https:\/\/api.w.org\/{rel}","templated":true}]}}