{"id":156018,"date":"2019-07-03T18:50:50","date_gmt":"2019-07-03T16:50:50","guid":{"rendered":"http:\/\/www.leccecronaca.it\/?p=156018"},"modified":"2019-07-03T18:58:28","modified_gmt":"2019-07-03T16:58:28","slug":"una-ferita-nel-cuore-il-day-after-di-veronica-giannone","status":"publish","type":"post","link":"https:\/\/www.leccecronaca.it\/index.php\/2019\/07\/03\/una-ferita-nel-cuore-il-day-after-di-veronica-giannone\/","title":{"rendered":"UNA FERITA NEL CUORE, IL DAY AFTER  DI VERONICA"},"content":{"rendered":"<p><img decoding=\"async\" loading=\"lazy\" class=\"alignnone size-full wp-image-156019\" src=\"https:\/\/www.leccecronaca.it\/wordpress\/wp-content\/uploads\/2019\/07\/https___media.polisblog.it_f_f38_veronica-giannone-m5s.jpg\" alt=\"\" width=\"655\" height=\"472\" srcset=\"https:\/\/www.leccecronaca.it\/wordpress\/wp-content\/uploads\/2019\/07\/https___media.polisblog.it_f_f38_veronica-giannone-m5s.jpg 655w, https:\/\/www.leccecronaca.it\/wordpress\/wp-content\/uploads\/2019\/07\/https___media.polisblog.it_f_f38_veronica-giannone-m5s-300x216.jpg 300w\" sizes=\"(max-width: 655px) 100vw, 655px\" \/>(g.p.)______<em>&#8220;Ho pianto molto, \u00e8 stata la cosa pi\u00f9 brutta che potesse capitarmi. Questa cicatrice me la porter\u00f2 sempre nel cuore&#8221;<\/em>. Il giorno dopo l&#8217;espulsione dal suo partito, appresa solo attraverso la comunicazione ufficiale pubblicata dal sito delle Stelle, l&#8217;on. Veronica Giannone (nella foto) rilascia un&#8217;intervista a Monica Guerzoni del Corriere della Sera in cui si sfoga e si leva qualche sassolino dalle scarpe.<\/p>\n<p><em>&#8220;Sulle mancate restituzioni delle indennit\u00e0 parlamentari, non ho nulla da nascondere. Invece di donarli al microcredito ho versato 6.000 euro a un ente collegato all\u2019ospedale Bambino Ges\u00f9, perch\u00e9 un compagno di mio figlio, che ha sette anni, \u00e8 ammalato di glioma al cervello&#8221;<\/em><\/p>\n<p>I problemi che pone per\u00f2 non sono personali, ma questioni politiche.<\/p>\n<p><em>&#8220;Non eravamo quelli che dovevano aprire il Parlamento come una scatoletta di tonno? Quelli che stavano ai gazebo, in mezzo alla gente? Adesso vedo tante presentazioni in grandi alberghi, ci stiamo allontanando dalle origini&#8221;.<\/em><\/p>\n<p>E ancora: <em>&#8220;<strong>Sono restata fedele alle battaglie su Ilva, Tap e Xylella&#8221;.<\/strong><\/em><\/p>\n<p>Infine: <em>&#8220;Chi comanda nel M5S? Io non saprei rispondere. Ma perch\u00e9 il gruppo che sta attorno a Di Maio ha tutto questo potere? Casalino, Dettori, probabilmente anche Casaleggio. E perch\u00e9 non si pu\u00f2 esprimere democraticamente il proprio pensiero?<\/em><\/p>\n<p><em>Il gruppo dirigente \u00e8 debole e ha paura del confronto, per questo invece di confrontarsi cacciano le persone&#8221;.<\/em><\/p>\n<p>LA RICERCA nel nostro articolo di ieri<\/p>\n<blockquote class=\"wp-embedded-content\" data-secret=\"BKXZHfz062\"><p><a href=\"https:\/\/www.leccecronaca.it\/index.php\/2019\/07\/02\/si-affolla-l-arcipelago-gulag-del-movimento-5-stelle-confinata-unaltra-percilosa-dissidente-la-deputata-salentina-veronica-giannone\/\">SI AFFOLLA L&#8217; ARCIPELAGO GULAG DEL MOVIMENTO 5 STELLE, CONFINATA UN&#8217;ALTRA PERICOLOSA DISSIDENTE, LA DEPUTATA SALENTINA VERONICA GIANNONE<\/a><\/p><\/blockquote>\n<p><iframe class=\"wp-embedded-content\" sandbox=\"allow-scripts\" security=\"restricted\" style=\"position: absolute; clip: rect(1px, 1px, 1px, 1px);\" src=\"https:\/\/www.leccecronaca.it\/index.php\/2019\/07\/02\/si-affolla-l-arcipelago-gulag-del-movimento-5-stelle-confinata-unaltra-percilosa-dissidente-la-deputata-salentina-veronica-giannone\/embed\/#?secret=BKXZHfz062\" data-secret=\"BKXZHfz062\" width=\"500\" height=\"282\" title=\"&#8220;SI AFFOLLA L&#8217; ARCIPELAGO GULAG DEL MOVIMENTO 5 STELLE, CONFINATA UN&#8217;ALTRA PERICOLOSA DISSIDENTE, LA DEPUTATA SALENTINA VERONICA GIANNONE&#8221; &#8212; LecceCronaca.it\" frameborder=\"0\" marginwidth=\"0\" marginheight=\"0\" scrolling=\"no\"><\/iframe><\/p>\n<fb:like href='https:\/\/www.leccecronaca.it\/index.php\/2019\/07\/03\/una-ferita-nel-cuore-il-day-after-di-veronica-giannone\/' send='true' layout='button_count' show_faces='true' width='450' height='65' action='recommend' colorscheme='light' font='lucida grande'><\/fb:like><span class=\"fb_share\"><fb:like href=\"https:\/\/www.leccecronaca.it\/index.php\/2019\/07\/03\/una-ferita-nel-cuore-il-day-after-di-veronica-giannone\/\" layout=\"button_count\"><\/fb:like><\/span>","protected":false},"excerpt":{"rendered":"<p>(g.p.)______&#8220;Ho pianto molto, \u00e8 stata la cosa pi\u00f9 brutta che potesse capitarmi. Questa cicatrice me la porter\u00f2 sempre nel cuore&#8221;. Il giorno dopo l&#8217;espulsione dal suo partito, appresa solo attraverso la comunicazione ufficiale pubblicata dal sito delle Stelle, l&#8217;on. Veronica Giannone (nella foto) rilascia un&#8217;intervista a Monica Guerzoni del Corriere della Sera in cui si [&hellip;]<\/p>\n","protected":false},"author":4,"featured_media":0,"comment_status":"open","ping_status":"closed","sticky":false,"template":"","format":"standard","meta":[],"categories":[69,76],"tags":[],"_links":{"self":[{"href":"https:\/\/www.leccecronaca.it\/index.php\/wp-json\/wp\/v2\/posts\/156018"}],"collection":[{"href":"https:\/\/www.leccecronaca.it\/index.php\/wp-json\/wp\/v2\/posts"}],"about":[{"href":"https:\/\/www.leccecronaca.it\/index.php\/wp-json\/wp\/v2\/types\/post"}],"author":[{"embeddable":true,"href":"https:\/\/www.leccecronaca.it\/index.php\/wp-json\/wp\/v2\/users\/4"}],"replies":[{"embeddable":true,"href":"https:\/\/www.leccecronaca.it\/index.php\/wp-json\/wp\/v2\/comments?post=156018"}],"version-history":[{"count":4,"href":"https:\/\/www.leccecronaca.it\/index.php\/wp-json\/wp\/v2\/posts\/156018\/revisions"}],"predecessor-version":[{"id":156023,"href":"https:\/\/www.leccecronaca.it\/index.php\/wp-json\/wp\/v2\/posts\/156018\/revisions\/156023"}],"wp:attachment":[{"href":"https:\/\/www.leccecronaca.it\/index.php\/wp-json\/wp\/v2\/media?parent=156018"}],"wp:term":[{"taxonomy":"category","embeddable":true,"href":"https:\/\/www.leccecronaca.it\/index.php\/wp-json\/wp\/v2\/categories?post=156018"},{"taxonomy":"post_tag","embeddable":true,"href":"https:\/\/www.leccecronaca.it\/index.php\/wp-json\/wp\/v2\/tags?post=156018"}],"curies":[{"name":"wp","href":"https:\/\/api.w.org\/{rel}","templated":true}]}}