{"id":156197,"date":"2019-07-10T00:02:49","date_gmt":"2019-07-09T22:02:49","guid":{"rendered":"http:\/\/www.leccecronaca.it\/?p=156197"},"modified":"2019-07-09T21:05:15","modified_gmt":"2019-07-09T19:05:15","slug":"rassegna-libraria-a-melendugno-da-venerdi-12","status":"publish","type":"post","link":"https:\/\/www.leccecronaca.it\/index.php\/2019\/07\/10\/rassegna-libraria-a-melendugno-da-venerdi-12\/","title":{"rendered":"RASSEGNA LIBRARIA A MELENDUGNO DA VENERDI&#8217; 12"},"content":{"rendered":"<p><img decoding=\"async\" loading=\"lazy\" class=\"alignnone size-full wp-image-156198\" src=\"https:\/\/www.leccecronaca.it\/wordpress\/wp-content\/uploads\/2019\/07\/MC-3.jpg\" alt=\"\" width=\"1280\" height=\"720\" srcset=\"https:\/\/www.leccecronaca.it\/wordpress\/wp-content\/uploads\/2019\/07\/MC-3.jpg 1280w, https:\/\/www.leccecronaca.it\/wordpress\/wp-content\/uploads\/2019\/07\/MC-3-300x169.jpg 300w, https:\/\/www.leccecronaca.it\/wordpress\/wp-content\/uploads\/2019\/07\/MC-3-1024x576.jpg 1024w, https:\/\/www.leccecronaca.it\/wordpress\/wp-content\/uploads\/2019\/07\/MC-3-768x432.jpg 768w\" sizes=\"(max-width: 1280px) 100vw, 1280px\" \/>(Rdl)_____Ritorna anche quest&#8217;anno la tre giorni culturale &#8220;UNA MAREA DI LIBRI NEL SALENTO CHE RESISTE&#8221;. Tre\u00a0giorni di letteratura, arte, musica e poesia, nella splendida cornice di Piazzetta &#8220;Rina Durante&#8221; a Melendugno, da venerd\u00ec 12 a domenica 14.<\/p>\n<p>Ecco il programma completo degli eventi della rassegna, cos\u00ec come diffuso dagli organizzatori.______<\/p>\n<p>Venerd\u00ec 12.07<br \/>\nORE 19:00<br \/>\nBenvenuto e Presentazioni &#8211; Saluti istituzionali<\/p>\n<p>ORE 20:00<br \/>\n\u201cTERRITORI E DIRITTO UMANO AL CLIMA\u201d<br \/>\nInterviene: Prof. Michele Carducci &#8211; Diritto Pubblico Comparato UNISALENTO Ing. Marco Pot\u00ec &#8211; Sindaco di Melendugno.<\/p>\n<p>ORE 21:00<br \/>\nStanati Resistenti<\/p>\n<p>ORE 21:30<br \/>\nPresentazione del cd \u201c&#8230;Di Rabbia e Solitudine\u201ddel gruppo La Rocha ft. Rifle<br \/>\nne parliamo con: La Rocha e Rifle<\/p>\n<p>ORE 22:00<br \/>\nLIVELa Rocha ft. Rifle (folk rock rap)<\/p>\n<p>&nbsp;<\/p>\n<p>Sabato 13.07<br \/>\nORE 19:00<br \/>\nPresentazione del libro \u201cLa Guerra che Viene\u201d di Sandro Moiso &#8211; Crisi, nazionalismi, guerra e mutazioni dell\u2019immaginario \u2013<br \/>\nIntervengono:<br \/>\nL\u2019autore<br \/>\nGuglielmo Forges &#8211; Storia, Societ\u00e0 e Studi sull`Uomo UNISALENTO \u2013<\/p>\n<p>ORE 20:00<br \/>\nPresentazione del libro \u201cFarsi la Galera\u201d di Elton Kalica<br \/>\nIntervengono:<br \/>\nL\u2019autore<br \/>\nMaria Pia Scarciglia- Avv. Antigone Puglia<br \/>\nValerio Pascali Dottorando in Sociologia del Penitenziario, UniPadova<\/p>\n<p>ORE 21:00<br \/>\nStanati Resistenti<\/p>\n<p>ORE 21:30<br \/>\nPresentazione del libro \u201cLa Nostalgia e la Memoria\u201d di Sante Notarnicola- Poesie- ristampa<br \/>\nIntervengono:<br \/>\nL\u2019autore<br \/>\nAvv. Raffaele Cesari<br \/>\nAvv. Francesco Calabro<\/p>\n<p>ORE 22:00<br \/>\nREADING La Nostalgia e la Memoria<br \/>\nleggono: Anna Maria Mangia; Otto Marco Mercante; Vito Luceri &#8211; musica a cura di Leone Marco Bartolo Ancora un Pop<\/p>\n<p>&nbsp;<\/p>\n<p>Domenica 14.07<br \/>\nORE 19:00<br \/>\nPresentazione dei libri \u201cGovernare il Conflitto\u201d di Xenia Chiaramonte &#8211; La criminalizzazione del Movimento No Tav &#8211;<br \/>\n\u201cIl Caso 7 Aprile\u201d di Xenia Chiaramonte e Dario Fiorentino &#8211; Il Processo politico dall\u2019Autonomia Operaia ai No Tav \u2013<br \/>\n\u201cDefend the defenders of the Earth\u201ddi Elena Papadia &#8211; Dossier sulla Criminalizzazione dei Movimenti Salentini \u2013<br \/>\nIntervengono:<br \/>\nGli Autori<br \/>\nFerdinando Spina (Ricercatore in Sociologia giuridica UniSalento)<br \/>\nTina Minerva (Spazi Popolari &#8211; Popolo degli Ulivi)<br \/>\nTommaso Fagiano (Salento Km0 &#8211; Popolo degli Ulivi)<br \/>\nGianluca Maggiore (Movimento No Tap)<\/p>\n<p>ORE 21:00<br \/>\nVIDEO \u201cNon chiamatela xylella! \u201c- Come convivere col CO.DI.R.O. &#8211; Un video reportage a cura di Tommaso Faggiano prodotto da Salento Km0 e realizzato nell&#8217;ambito diuna visita collettiva negli uliveti di Alezio, Matino e Sannicola, organizzata da Associazione Spazi Popolari, Associazione Bianca Guidetti Serra e Il Popolo degli Ulivi per mostrare come gli ulivi di variet\u00e0 Cellina e Ogliarola colpiti dal disseccamento possono essere curati e produrre.<\/p>\n<p>ORE 21:30<br \/>\nStanati Resistenti<\/p>\n<p>ORE 22:00<br \/>\nParole in Musica, Due parole in Croce di Giuseppe Semeraro &#8211; Reading, teatro, concerto e poesia. E\u2019quanto prevede lo spettacolo \u201cDue parole in croce\u201d, scritto e interpretato da Giuseppe Semeraro. Ad affiancarlo, il polistrumentista ed eclettico compositore siciliano Leone Marco Bartolo.<\/p>\n<fb:like href='https:\/\/www.leccecronaca.it\/index.php\/2019\/07\/10\/rassegna-libraria-a-melendugno-da-venerdi-12\/' send='true' layout='button_count' show_faces='true' width='450' height='65' action='recommend' colorscheme='light' font='lucida grande'><\/fb:like><span class=\"fb_share\"><fb:like href=\"https:\/\/www.leccecronaca.it\/index.php\/2019\/07\/10\/rassegna-libraria-a-melendugno-da-venerdi-12\/\" layout=\"button_count\"><\/fb:like><\/span>","protected":false},"excerpt":{"rendered":"<p>(Rdl)_____Ritorna anche quest&#8217;anno la tre giorni culturale &#8220;UNA MAREA DI LIBRI NEL SALENTO CHE RESISTE&#8221;. Tre\u00a0giorni di letteratura, arte, musica e poesia, nella splendida cornice di Piazzetta &#8220;Rina Durante&#8221; a Melendugno, da venerd\u00ec 12 a domenica 14. Ecco il programma completo degli eventi della rassegna, cos\u00ec come diffuso dagli organizzatori.______ Venerd\u00ec 12.07 ORE 19:00 Benvenuto [&hellip;]<\/p>\n","protected":false},"author":4,"featured_media":156198,"comment_status":"open","ping_status":"closed","sticky":false,"template":"","format":"standard","meta":[],"categories":[69,31,75,57],"tags":[],"_links":{"self":[{"href":"https:\/\/www.leccecronaca.it\/index.php\/wp-json\/wp\/v2\/posts\/156197"}],"collection":[{"href":"https:\/\/www.leccecronaca.it\/index.php\/wp-json\/wp\/v2\/posts"}],"about":[{"href":"https:\/\/www.leccecronaca.it\/index.php\/wp-json\/wp\/v2\/types\/post"}],"author":[{"embeddable":true,"href":"https:\/\/www.leccecronaca.it\/index.php\/wp-json\/wp\/v2\/users\/4"}],"replies":[{"embeddable":true,"href":"https:\/\/www.leccecronaca.it\/index.php\/wp-json\/wp\/v2\/comments?post=156197"}],"version-history":[{"count":1,"href":"https:\/\/www.leccecronaca.it\/index.php\/wp-json\/wp\/v2\/posts\/156197\/revisions"}],"predecessor-version":[{"id":156199,"href":"https:\/\/www.leccecronaca.it\/index.php\/wp-json\/wp\/v2\/posts\/156197\/revisions\/156199"}],"wp:featuredmedia":[{"embeddable":true,"href":"https:\/\/www.leccecronaca.it\/index.php\/wp-json\/wp\/v2\/media\/156198"}],"wp:attachment":[{"href":"https:\/\/www.leccecronaca.it\/index.php\/wp-json\/wp\/v2\/media?parent=156197"}],"wp:term":[{"taxonomy":"category","embeddable":true,"href":"https:\/\/www.leccecronaca.it\/index.php\/wp-json\/wp\/v2\/categories?post=156197"},{"taxonomy":"post_tag","embeddable":true,"href":"https:\/\/www.leccecronaca.it\/index.php\/wp-json\/wp\/v2\/tags?post=156197"}],"curies":[{"name":"wp","href":"https:\/\/api.w.org\/{rel}","templated":true}]}}