{"id":156201,"date":"2019-07-10T08:21:19","date_gmt":"2019-07-10T06:21:19","guid":{"rendered":"http:\/\/www.leccecronaca.it\/?p=156201"},"modified":"2019-07-10T08:21:19","modified_gmt":"2019-07-10T06:21:19","slug":"la-stazione-ferroviaria-di-brindisi-disabilitata","status":"publish","type":"post","link":"https:\/\/www.leccecronaca.it\/index.php\/2019\/07\/10\/la-stazione-ferroviaria-di-brindisi-disabilitata\/","title":{"rendered":"LA STAZIONE FERROVIARIA DI BRINDISI &#8216;DISABILITATA&#8217;"},"content":{"rendered":"<p><img decoding=\"async\" loading=\"lazy\" class=\"alignnone size-full wp-image-156202\" src=\"https:\/\/www.leccecronaca.it\/wordpress\/wp-content\/uploads\/2019\/07\/maxresdefault.jpg\" alt=\"\" width=\"1280\" height=\"720\" srcset=\"https:\/\/www.leccecronaca.it\/wordpress\/wp-content\/uploads\/2019\/07\/maxresdefault.jpg 1280w, https:\/\/www.leccecronaca.it\/wordpress\/wp-content\/uploads\/2019\/07\/maxresdefault-300x169.jpg 300w, https:\/\/www.leccecronaca.it\/wordpress\/wp-content\/uploads\/2019\/07\/maxresdefault-1024x576.jpg 1024w, https:\/\/www.leccecronaca.it\/wordpress\/wp-content\/uploads\/2019\/07\/maxresdefault-768x432.jpg 768w\" sizes=\"(max-width: 1280px) 100vw, 1280px\" \/>Riceviamo e volentieri pubblichiamo.\u00a0 Giuseppe Attanasi, coordinatore cittadino del Movimento Regione Salento, in merito alla decisione di Rete Ferroviaria Italiana di disabilitare la stazione di Brindisi, ci manda il seguente comunicato_______<\/p>\n<p>La misura \u00e8 colma; siamo di fronte ad una realt\u00e0 che mai avremmo immaginato di dover subire. Brindisi e il Salento trattati come piccoli borghi di periferia. Il perch\u00e9 \u00e8 presto detto: dal 14 luglio la stazione ferroviaria di Brindisi subir\u00e0 uno sfregio assurdo, sar\u00e0 disabilitata e cio\u00e8 non sar\u00e0 pi\u00f9 presenziata ma sar\u00e0 telecomandata da Bari.<\/p>\n<p>\u00c8 una scelta che Rete Ferroviaria Italiana fa sullo strascico di una presunta innovazione tecnologica. Cos\u00ec non va, non possiamo tacere e subire. Gi\u00e0 concettualmente non possiamo accettarlo perch\u00e9 \u00e8 una mancanza di rispetto inaudita ma entrando nello specifico non possiamo permettere che dieci persone perdano il posto di lavoro, cos\u00ec come \u00e8 incredibile che invece di migliorarlo il servizio, si peggiori, e si allunghino anche i tempi di movimentazione delle merci, mettendo in seria difficolt\u00e0 la competitivit\u00e0 dello scalo merci brindisino.<\/p>\n<p>Siamo di fronte ad una scelta dissennata che non pu\u00f2 passare in secondo piano, a tal proposito invitiamo tutte le autorit\u00e0 locali, tutti i politici salentini, ad attivarsi immediatamente per evitare l\u2019ennesimo scempio ai danni di Brindisi e del Salento. Il 14 luglio \u00e8 alle porte\u201d.<\/p>\n<fb:like href='https:\/\/www.leccecronaca.it\/index.php\/2019\/07\/10\/la-stazione-ferroviaria-di-brindisi-disabilitata\/' send='true' layout='button_count' show_faces='true' width='450' height='65' action='recommend' colorscheme='light' font='lucida grande'><\/fb:like><span class=\"fb_share\"><fb:like href=\"https:\/\/www.leccecronaca.it\/index.php\/2019\/07\/10\/la-stazione-ferroviaria-di-brindisi-disabilitata\/\" layout=\"button_count\"><\/fb:like><\/span>","protected":false},"excerpt":{"rendered":"<p>Riceviamo e volentieri pubblichiamo.\u00a0 Giuseppe Attanasi, coordinatore cittadino del Movimento Regione Salento, in merito alla decisione di Rete Ferroviaria Italiana di disabilitare la stazione di Brindisi, ci manda il seguente comunicato_______ La misura \u00e8 colma; siamo di fronte ad una realt\u00e0 che mai avremmo immaginato di dover subire. Brindisi e il Salento trattati come piccoli [&hellip;]<\/p>\n","protected":false},"author":4,"featured_media":156202,"comment_status":"open","ping_status":"closed","sticky":false,"template":"","format":"standard","meta":[],"categories":[69,36],"tags":[],"_links":{"self":[{"href":"https:\/\/www.leccecronaca.it\/index.php\/wp-json\/wp\/v2\/posts\/156201"}],"collection":[{"href":"https:\/\/www.leccecronaca.it\/index.php\/wp-json\/wp\/v2\/posts"}],"about":[{"href":"https:\/\/www.leccecronaca.it\/index.php\/wp-json\/wp\/v2\/types\/post"}],"author":[{"embeddable":true,"href":"https:\/\/www.leccecronaca.it\/index.php\/wp-json\/wp\/v2\/users\/4"}],"replies":[{"embeddable":true,"href":"https:\/\/www.leccecronaca.it\/index.php\/wp-json\/wp\/v2\/comments?post=156201"}],"version-history":[{"count":1,"href":"https:\/\/www.leccecronaca.it\/index.php\/wp-json\/wp\/v2\/posts\/156201\/revisions"}],"predecessor-version":[{"id":156203,"href":"https:\/\/www.leccecronaca.it\/index.php\/wp-json\/wp\/v2\/posts\/156201\/revisions\/156203"}],"wp:featuredmedia":[{"embeddable":true,"href":"https:\/\/www.leccecronaca.it\/index.php\/wp-json\/wp\/v2\/media\/156202"}],"wp:attachment":[{"href":"https:\/\/www.leccecronaca.it\/index.php\/wp-json\/wp\/v2\/media?parent=156201"}],"wp:term":[{"taxonomy":"category","embeddable":true,"href":"https:\/\/www.leccecronaca.it\/index.php\/wp-json\/wp\/v2\/categories?post=156201"},{"taxonomy":"post_tag","embeddable":true,"href":"https:\/\/www.leccecronaca.it\/index.php\/wp-json\/wp\/v2\/tags?post=156201"}],"curies":[{"name":"wp","href":"https:\/\/api.w.org\/{rel}","templated":true}]}}