{"id":156213,"date":"2019-07-10T13:06:48","date_gmt":"2019-07-10T11:06:48","guid":{"rendered":"http:\/\/www.leccecronaca.it\/?p=156213"},"modified":"2019-07-10T14:23:39","modified_gmt":"2019-07-10T12:23:39","slug":"la-risposta-del-sottosegretario-il-governo-da-i-numeri","status":"publish","type":"post","link":"https:\/\/www.leccecronaca.it\/index.php\/2019\/07\/10\/la-risposta-del-sottosegretario-il-governo-da-i-numeri\/","title":{"rendered":"LA RISPOSTA DEL SOTTOSEGRETARIO ALL&#8217;AMBIENTE SALVATORE MICILLO: IL GOVERNO DA&#8217; I NUMERI"},"content":{"rendered":"<p><img decoding=\"async\" loading=\"lazy\" class=\"alignnone size-full wp-image-156214\" src=\"https:\/\/www.leccecronaca.it\/wordpress\/wp-content\/uploads\/2019\/07\/sa-mi.jpg\" alt=\"\" width=\"724\" height=\"720\" srcset=\"https:\/\/www.leccecronaca.it\/wordpress\/wp-content\/uploads\/2019\/07\/sa-mi.jpg 724w, https:\/\/www.leccecronaca.it\/wordpress\/wp-content\/uploads\/2019\/07\/sa-mi-300x298.jpg 300w, https:\/\/www.leccecronaca.it\/wordpress\/wp-content\/uploads\/2019\/07\/sa-mi-150x150.jpg 150w, https:\/\/www.leccecronaca.it\/wordpress\/wp-content\/uploads\/2019\/07\/sa-mi-60x60.jpg 60w\" sizes=\"(max-width: 724px) 100vw, 724px\" \/>(Rdl)______La formula dei lavori parlamentari prevede una risposta immediata per questo tipo di interrogazioni. Il ministro Sergio Costa non c&#8217;era di persona, a rappresentarlo questa mattina c&#8217;era il sottosegretario\u00a0<strong>Salvatore Micillo<\/strong> (nella foto), 39 anni, di Giugliano in Campania, sempre in quota M5S.<\/p>\n<p>Che infatti ha risposto, assai in breve, novanta secondi in tutto, leggendo da un foglietto tutta una serie di riferimenti burocratici e rimandi tecnici, che gi\u00e0 di per s\u00e8 sono complicati da riferire in sede giornalistica, impossibili nella fattispecie causa l&#8217;audio basso della ripresa televisiva a nostra disposizione al momento, e la serie di numeri elencati uno dopo l&#8217;altro a proposito comunque di atti pregressi.<\/p>\n<p>Abbiamo chiesto comunque la trascrizione stenografica ufficiale della risposta del sottosegretario Micillo all&#8217; apposito ufficio della Camera dei Deputati, che ringraziamo per la consueta gentile e professionale collaborazione: solo che non sar\u00e0 disponibile prima di domani mattina, e allora domani mattina lo pubblicheremo in maniera integrale.<\/p>\n<p><em>&#8220;Per quanto riguarda la difformit\u00e0 del pozzo di spinta rispetto al progetto approvato, non \u00e8 dato ricavare le misure del pozzo di spinta di 14 x 12 x 8,15 riportate nell&#8217;atto esecutivo&#8221;<\/em> \u00e8 l&#8217;unica frase specifica fornita dal sottosegretario, che per il resto si \u00e8 ben guardato dall&#8217; affrontare valutazioni propriamente politiche sull&#8217;intera questione, per di pi\u00f9, pure su questo aspetto particolare, senza fornire spiegazione alcuna, sul perch\u00e8 non sia dato ricavare.<\/p>\n<p>Le interroganti si sono dette insoddisfatte della risposta avuta, rimarcando il fatto che <em>&#8220;gli interessi privati non possono venire prima della tutela ambientale e della sicurezza dei cittadini&#8221;.______<\/em><\/p>\n<p>LA RICERCA nel nostro articolo immediatamente precedente<\/p>\n<blockquote class=\"wp-embedded-content\" data-secret=\"f2grk5PDg5\"><p><a href=\"https:\/\/www.leccecronaca.it\/index.php\/2019\/07\/10\/il-gasdotto-va-bloccato-subito-interrogazione-al-ministro-sergio-costa-da-parte-di-sara-cunial-e-veronica-giannone-quello-che-abbiamo-segnalato-e-un-vero-e-proprio-reato-che-si-va-a-sommar\/\">&#8216;IL GASDOTTO VA BLOCCATO SUBITO!&#8217;. INTERROGAZIONE CHOC AL MINISTRO SERGIO COSTA, DA PARTE DI SARA CUNIAL E VERONICA GIANNONE: &#8220;&#8221;Quello che abbiamo segnalato \u00e8 un vero e proprio reato che si va a sommare alla lunga lista di infrazioni gi\u00e0 effettuate da Tap&#8221;<\/a><\/p><\/blockquote>\n<p><iframe class=\"wp-embedded-content\" sandbox=\"allow-scripts\" security=\"restricted\" style=\"position: absolute; clip: rect(1px, 1px, 1px, 1px);\" src=\"https:\/\/www.leccecronaca.it\/index.php\/2019\/07\/10\/il-gasdotto-va-bloccato-subito-interrogazione-al-ministro-sergio-costa-da-parte-di-sara-cunial-e-veronica-giannone-quello-che-abbiamo-segnalato-e-un-vero-e-proprio-reato-che-si-va-a-sommar\/embed\/#?secret=f2grk5PDg5\" data-secret=\"f2grk5PDg5\" width=\"500\" height=\"282\" title=\"&#8220;&#8216;IL GASDOTTO VA BLOCCATO SUBITO!&#8217;. INTERROGAZIONE CHOC AL MINISTRO SERGIO COSTA, DA PARTE DI SARA CUNIAL E VERONICA GIANNONE: &#8220;&#8221;Quello che abbiamo segnalato \u00e8 un vero e proprio reato che si va a sommare alla lunga lista di infrazioni gi\u00e0 effettuate da Tap&#8221;&#8221; &#8212; LecceCronaca.it\" frameborder=\"0\" marginwidth=\"0\" marginheight=\"0\" scrolling=\"no\"><\/iframe><\/p>\n<fb:like href='https:\/\/www.leccecronaca.it\/index.php\/2019\/07\/10\/la-risposta-del-sottosegretario-il-governo-da-i-numeri\/' send='true' layout='button_count' show_faces='true' width='450' height='65' action='recommend' colorscheme='light' font='lucida grande'><\/fb:like><span class=\"fb_share\"><fb:like href=\"https:\/\/www.leccecronaca.it\/index.php\/2019\/07\/10\/la-risposta-del-sottosegretario-il-governo-da-i-numeri\/\" layout=\"button_count\"><\/fb:like><\/span>","protected":false},"excerpt":{"rendered":"<p>(Rdl)______La formula dei lavori parlamentari prevede una risposta immediata per questo tipo di interrogazioni. Il ministro Sergio Costa non c&#8217;era di persona, a rappresentarlo questa mattina c&#8217;era il sottosegretario\u00a0Salvatore Micillo (nella foto), 39 anni, di Giugliano in Campania, sempre in quota M5S. Che infatti ha risposto, assai in breve, novanta secondi in tutto, leggendo da [&hellip;]<\/p>\n","protected":false},"author":4,"featured_media":156214,"comment_status":"open","ping_status":"closed","sticky":false,"template":"","format":"standard","meta":[],"categories":[69,76],"tags":[],"_links":{"self":[{"href":"https:\/\/www.leccecronaca.it\/index.php\/wp-json\/wp\/v2\/posts\/156213"}],"collection":[{"href":"https:\/\/www.leccecronaca.it\/index.php\/wp-json\/wp\/v2\/posts"}],"about":[{"href":"https:\/\/www.leccecronaca.it\/index.php\/wp-json\/wp\/v2\/types\/post"}],"author":[{"embeddable":true,"href":"https:\/\/www.leccecronaca.it\/index.php\/wp-json\/wp\/v2\/users\/4"}],"replies":[{"embeddable":true,"href":"https:\/\/www.leccecronaca.it\/index.php\/wp-json\/wp\/v2\/comments?post=156213"}],"version-history":[{"count":5,"href":"https:\/\/www.leccecronaca.it\/index.php\/wp-json\/wp\/v2\/posts\/156213\/revisions"}],"predecessor-version":[{"id":156221,"href":"https:\/\/www.leccecronaca.it\/index.php\/wp-json\/wp\/v2\/posts\/156213\/revisions\/156221"}],"wp:featuredmedia":[{"embeddable":true,"href":"https:\/\/www.leccecronaca.it\/index.php\/wp-json\/wp\/v2\/media\/156214"}],"wp:attachment":[{"href":"https:\/\/www.leccecronaca.it\/index.php\/wp-json\/wp\/v2\/media?parent=156213"}],"wp:term":[{"taxonomy":"category","embeddable":true,"href":"https:\/\/www.leccecronaca.it\/index.php\/wp-json\/wp\/v2\/categories?post=156213"},{"taxonomy":"post_tag","embeddable":true,"href":"https:\/\/www.leccecronaca.it\/index.php\/wp-json\/wp\/v2\/tags?post=156213"}],"curies":[{"name":"wp","href":"https:\/\/api.w.org\/{rel}","templated":true}]}}