{"id":156261,"date":"2019-07-12T00:04:44","date_gmt":"2019-07-11T22:04:44","guid":{"rendered":"http:\/\/www.leccecronaca.it\/?p=156261"},"modified":"2019-07-12T11:29:02","modified_gmt":"2019-07-12T09:29:02","slug":"in-una-geografia-dellanima-del-salento-leditore-stefano-donno-presenta-una-nuova-sua-iniziativa-le-passeggiate-creative-da-domenica-14","status":"publish","type":"post","link":"https:\/\/www.leccecronaca.it\/index.php\/2019\/07\/12\/in-una-geografia-dellanima-del-salento-leditore-stefano-donno-presenta-una-nuova-sua-iniziativa-le-passeggiate-creative-da-domenica-14\/","title":{"rendered":"IN UNA GEOGRAFIA DELL&#8217;ANIMA DEL SALENTO. L&#8217;EDITORE STEFANO DONNO PRESENTA UNA NUOVA SUA INIZIATIVA, LE PASSEGGIATE CREATIVE, DA DOMENICA 14"},"content":{"rendered":"<p><img decoding=\"async\" loading=\"lazy\" class=\"alignnone size-full wp-image-156262\" src=\"https:\/\/www.leccecronaca.it\/wordpress\/wp-content\/uploads\/2019\/07\/66444445_10220269467435668_7984254846469406720_n.jpg\" alt=\"\" width=\"960\" height=\"960\" srcset=\"https:\/\/www.leccecronaca.it\/wordpress\/wp-content\/uploads\/2019\/07\/66444445_10220269467435668_7984254846469406720_n.jpg 960w, https:\/\/www.leccecronaca.it\/wordpress\/wp-content\/uploads\/2019\/07\/66444445_10220269467435668_7984254846469406720_n-300x300.jpg 300w, https:\/\/www.leccecronaca.it\/wordpress\/wp-content\/uploads\/2019\/07\/66444445_10220269467435668_7984254846469406720_n-150x150.jpg 150w, https:\/\/www.leccecronaca.it\/wordpress\/wp-content\/uploads\/2019\/07\/66444445_10220269467435668_7984254846469406720_n-768x768.jpg 768w, https:\/\/www.leccecronaca.it\/wordpress\/wp-content\/uploads\/2019\/07\/66444445_10220269467435668_7984254846469406720_n-60x60.jpg 60w\" sizes=\"(max-width: 960px) 100vw, 960px\" \/>di <strong>Stefano Donno<\/strong>______<\/p>\n<p>Carissimi, per la prima volta nel Salento &#8220;le passeggiate creative&#8221;, nate dall&#8217;idea del poeta e giornalista comasco Pietro Berra. Ecco di che si tratta.<\/p>\n<p>&nbsp;<\/p>\n<p>Il Salento terra di transito e di tran(ce) \u201cterra del rimorso\u201d secondo il noto antropologo Ernesto De Martino, di attraversamenti, incroci, tradizioni e folklore, ma soprattutto fucina di letteratura e avventure editoriali che da qualche anno a questa parte hanno avuto la giusta attenzione sulle pagine della cronaca culturale nazionale.<\/p>\n<p>E pensare dunque il Salento non solo come una geografia dell\u2019anima, ma un luogo che per tappe deve e pu\u00f2 evocare e rievocare le narrazioni poetiche e letterarie di voci splendide, affascinanti e a volte terribili, che hanno arricchito queste latitudini (come Antonio Leonardo Verri, Claudia Ruggeri, Salvatore Toma, Girolamo Comi, Carmelo Bene, solo per citarne alcuni), significa entrare in profondit\u00e0 nelle viscere di questo territorio.<\/p>\n<p>Ed \u00e8 per questo che I Quaderni del Bardo Edizioni in occasione della prima regionale della raccolta di versi del poeta e giornalista comasco Pietro Berra dal titolo \u201cAtlante Salentino\u201d omaggio di grande poesia a questa terra, ha pensato di organizzare in una settimana pi\u00f9 che un vero e proprio tour di presentazione del volume, una serie di passeggiate letterarie (aperte gratuitamente a quanti vorranno intervenire) in luoghi significativi per l\u2019autore, che avranno ogni volta un ospite d\u2019eccezione (la studiosa e ricercatrice indipendente Annamaria Tarantino, il Prof. Giovanni Leuzzi, la teologa Luigina Arseni, la poetessa Eliana Forcignan\u00f2 e il ricercatore indipendente Raimondo Rod\u00eca) a illustrare le memorie letterarie e le bellezze dei luoghi del Salento. Aprir\u00e0 ogni incontro con una lettura di versi la poetessa cilena Mirna Ortiz Lopez autrice di Finestre \u201cVentanas\u201d (I Quaderni del Bardo Edizioni di Stefano Donno)<\/p>\n<p>Dichiara Pietro Berra : <em>\u201cC&#8217;\u00e8 una tradizione nel Salento, che merita di essere riscoperta come \u00e8 accaduto per la pizzica: quella poetica. Salvatore Toma e Claudia Ruggeri, Antonio Leonardo Verri e Stefano Coppola sono stati poeti estremi come la loro terra protesa tra Occidente e Oriente. &#8220;Atlante Salentino&#8221; \u00e8 un omaggio a tutto questo ed \u00e8 anche il tentativo di raccogliere l&#8217;invito, e la sfida, di un luogo che \u00e8 poesia esso stesso, di raggiungere con le parole le radici profonde degli ulivi, il vento che lavora le scogliere e le torri di guardia, i segni lasciati da innumerevoli popoli. &#8220;Atlante Salentino&#8221; \u00e8 un viaggio lungo 20 anni, dal 1998 al 2018, in questa terra estrema, con un nume tutelare che ogni tanto appare a fare da guida: Maria Corti\u201d.<\/em><\/p>\n<p>Prima Tappa &#8211; 14 luglio 2019 a Caprarica ore 20,00 via Roma 11 per I Luoghi D\u2019allerta del Fondo Verri nell\u2019ambito delle presentazioni In Corte Letteraria a cura di Paolo La Peruta con Raimondo Rodia e poi piccola visita al suggestivo atrio del Palazzo baronale sempre con Raimondo Rodia. Si parler\u00e0 anche di Antonio Leonardo Verri; anche con Elio Coriano (autore de La Solitudine del Giostraio edito da i Quaderni del Bardo Edizioni di Stefano Donno) e il Prof. Giovanni Leuzzi<\/p>\n<p>&nbsp;<\/p>\n<p>Seconda Tappa \u2013 15 luglio 2019 a Lecce a ore 18:30 presso Lbreria Palmieri, con Eliana Forcignan\u00f2 dove si parler\u00e0 anche di Claudia Ruggeri;<\/p>\n<p>&nbsp;<\/p>\n<p>Terza Tappa &#8211; 17 luglio 2019 a Otranto alle ore 19:00 piazza castello con Annamaria Tarantino riunione dei partecipanti dinanzi all\u2019atrio antistante la Cattedrale di Otranto. Si parler\u00e0 anche di Maria Corti e del suo amore per il Salento;<\/p>\n<p>&nbsp;<\/p>\n<p>Quarta Tappa &#8211; 18 luglio 2019 a Galugnano, ore 20.00 presso il menhir Lete con Raimondo Rodia . Si parler\u00e0 della memoria artistico\/culturale che le pietre custodiscono;<\/p>\n<p>&nbsp;<\/p>\n<p>Quinta Tappa &#8211; 19 luglio 2019 a Vaste, ore 19:30 Palazzo Baronale (Piazza Dante) la teologa e guida abilitata Luigina Arseni parler\u00e0 della cripta basiliana dei Santi Stefani, cos\u00ec denominata vi \u00e8 una triplice raffigurazione di Santo Stefano. Si parler\u00e0 dei tesori nascosti che il Salento custodisce sotto terra;<\/p>\n<p>Sesta Tappa &#8211; 20 luglio 2019 a Galatina, ore 20:00 presso piazza San Pietro sagrato della chiesa con Raimondo Rodia. Si parler\u00e0 di Ernesto De Martino e del morso del ragno.______<\/p>\n<p>&nbsp;<\/p>\n<p>&nbsp;<\/p>\n<p>Pietro Berra (Como, 1975) \u00e8 giornalista al quotidiano \u201cLa Provincia\u201d ed \u00e8 responsabile del supplemento culturale domenicale \u201cL\u2019Ordine\u201d . Ha collaborato con i settimanali \u201cDiario\u201d, \u201cPanorama\u201d e \u201cOggi\u201d. Ha pubblicato ventidue volumi tra poesia, narrativa e saggistica, con particolare attenzione per la storia contemporanea, la scrittura popolare e un approccio innovativo al turismo culturale.<\/p>\n<p>&nbsp;<\/p>\n<p>Mirna Ortiz Lopez &#8211; Mirna Ortiz Lopez, nata a Santiago del Cile nel 1982, nel 2015 si \u00e8 trasferita in Italia, sul lago di Como, per seguire le sue passioni, tra le quali la poesia, il disegno e l\u2019incisione. Tra i fondatori di Poetry and Discovery e di Passeggiate Creative, due progetti per diffondere la poesia. Per i Quaderni del Bardo Edizioni di Stefano Donno ha pubblicato Ventanas \u2013 Finestre<\/p>\n<p>mail \u2013 iquadernidelbardoed@libero.it<\/p>\n<p>&nbsp;<\/p>\n<p>&nbsp;<\/p>\n<p>&nbsp;<\/p>\n<p>&nbsp;<\/p>\n<fb:like href='https:\/\/www.leccecronaca.it\/index.php\/2019\/07\/12\/in-una-geografia-dellanima-del-salento-leditore-stefano-donno-presenta-una-nuova-sua-iniziativa-le-passeggiate-creative-da-domenica-14\/' send='true' layout='button_count' show_faces='true' width='450' height='65' action='recommend' colorscheme='light' font='lucida grande'><\/fb:like><span class=\"fb_share\"><fb:like href=\"https:\/\/www.leccecronaca.it\/index.php\/2019\/07\/12\/in-una-geografia-dellanima-del-salento-leditore-stefano-donno-presenta-una-nuova-sua-iniziativa-le-passeggiate-creative-da-domenica-14\/\" layout=\"button_count\"><\/fb:like><\/span>","protected":false},"excerpt":{"rendered":"<p>di Stefano Donno______ Carissimi, per la prima volta nel Salento &#8220;le passeggiate creative&#8221;, nate dall&#8217;idea del poeta e giornalista comasco Pietro Berra. Ecco di che si tratta. &nbsp; Il Salento terra di transito e di tran(ce) \u201cterra del rimorso\u201d secondo il noto antropologo Ernesto De Martino, di attraversamenti, incroci, tradizioni e folklore, ma soprattutto fucina [&hellip;]<\/p>\n","protected":false},"author":4,"featured_media":156262,"comment_status":"open","ping_status":"closed","sticky":false,"template":"","format":"standard","meta":[],"categories":[31,75,57],"tags":[],"_links":{"self":[{"href":"https:\/\/www.leccecronaca.it\/index.php\/wp-json\/wp\/v2\/posts\/156261"}],"collection":[{"href":"https:\/\/www.leccecronaca.it\/index.php\/wp-json\/wp\/v2\/posts"}],"about":[{"href":"https:\/\/www.leccecronaca.it\/index.php\/wp-json\/wp\/v2\/types\/post"}],"author":[{"embeddable":true,"href":"https:\/\/www.leccecronaca.it\/index.php\/wp-json\/wp\/v2\/users\/4"}],"replies":[{"embeddable":true,"href":"https:\/\/www.leccecronaca.it\/index.php\/wp-json\/wp\/v2\/comments?post=156261"}],"version-history":[{"count":4,"href":"https:\/\/www.leccecronaca.it\/index.php\/wp-json\/wp\/v2\/posts\/156261\/revisions"}],"predecessor-version":[{"id":156326,"href":"https:\/\/www.leccecronaca.it\/index.php\/wp-json\/wp\/v2\/posts\/156261\/revisions\/156326"}],"wp:featuredmedia":[{"embeddable":true,"href":"https:\/\/www.leccecronaca.it\/index.php\/wp-json\/wp\/v2\/media\/156262"}],"wp:attachment":[{"href":"https:\/\/www.leccecronaca.it\/index.php\/wp-json\/wp\/v2\/media?parent=156261"}],"wp:term":[{"taxonomy":"category","embeddable":true,"href":"https:\/\/www.leccecronaca.it\/index.php\/wp-json\/wp\/v2\/categories?post=156261"},{"taxonomy":"post_tag","embeddable":true,"href":"https:\/\/www.leccecronaca.it\/index.php\/wp-json\/wp\/v2\/tags?post=156261"}],"curies":[{"name":"wp","href":"https:\/\/api.w.org\/{rel}","templated":true}]}}