{"id":156269,"date":"2019-07-11T15:51:04","date_gmt":"2019-07-11T13:51:04","guid":{"rendered":"http:\/\/www.leccecronaca.it\/?p=156269"},"modified":"2019-07-11T16:00:21","modified_gmt":"2019-07-11T14:00:21","slug":"dalla-rivoluzione-copernicana-di-un-anno-fa-alla-visione-integrata-di-questa-mattina-continua-levoluzione-del-m5s-sulla-xylella-adesso-i-reimpianti-vanno-bene","status":"publish","type":"post","link":"https:\/\/www.leccecronaca.it\/index.php\/2019\/07\/11\/dalla-rivoluzione-copernicana-di-un-anno-fa-alla-visione-integrata-di-questa-mattina-continua-levoluzione-del-m5s-sulla-xylella-adesso-i-reimpianti-vanno-bene\/","title":{"rendered":"DALLA &#8216;RIVOLUZIONE COPERNICANA&#8217; DI UN ANNO FA, ALLA &#8216;VISIONE INTEGRATA&#8217; DI QUESTA MATTINA. CONTINUA L&#8217;EVOLUZIONE DEL M5S SULLA XYLELLA. ADESSO I REIMPIANTI DEGLI ULIVI VANNO BENE&#8230;"},"content":{"rendered":"<p>&nbsp;<\/p>\n<p><img decoding=\"async\" loading=\"lazy\" class=\"alignnone wp-image-156270 size-large\" src=\"https:\/\/www.leccecronaca.it\/wordpress\/wp-content\/uploads\/2019\/07\/foto-conferenza-1024x627.jpg\" alt=\"\" width=\"1024\" height=\"627\" srcset=\"https:\/\/www.leccecronaca.it\/wordpress\/wp-content\/uploads\/2019\/07\/foto-conferenza-1024x627.jpg 1024w, https:\/\/www.leccecronaca.it\/wordpress\/wp-content\/uploads\/2019\/07\/foto-conferenza-300x184.jpg 300w, https:\/\/www.leccecronaca.it\/wordpress\/wp-content\/uploads\/2019\/07\/foto-conferenza-768x470.jpg 768w, https:\/\/www.leccecronaca.it\/wordpress\/wp-content\/uploads\/2019\/07\/foto-conferenza-1536x941.jpg 1536w, https:\/\/www.leccecronaca.it\/wordpress\/wp-content\/uploads\/2019\/07\/foto-conferenza.jpg 2000w\" sizes=\"(max-width: 1024px) 100vw, 1024px\" \/>(g.p.)______<em>\u00a0\u201cNo a interventi spot, necessaria visione integrata dei problemi\u201d<\/em>. I consiglieri del\u00a0 Movimento 5 Stelle alla Regione Puglia hanno\u00a0presentato questa mattina in una conferenza stampa a Bari (nella foto) il loro\u00a0<em>\u201cstudio per la prefigurazione di scenari territoriali futuri nella ricostruzione del paesaggio dell\u2019olivo\u201d.<\/em><\/p>\n<p>Adesso i reimpianti vanno bene.\u00a0 Del resto, a Roma il decreto Centinaio degli abbattimenti e dei fitofarmaci l&#8217;hanno votato pure i loro deputati.<\/p>\n<p>Ora, i consiglieri regionali vogliono\u00a0<em>&#8220;individuare regole rigenerative e criteri d\u2019intervento per la ricostruzione del paesaggio storico dell\u2019olivo: infatti, attraverso l\u2019analisi strutturale e funzionale di questo paesaggio, si assume come obiettivo quello di orientare le pratiche del reimpianto dell\u2019olivo verso un progetto territoriale di paesaggio che sappia riconoscere e ricostruire le specificit\u00e0 dei caratteri persistenti di lunga durata, che denotano l\u2019individualit\u00e0 dei paesaggi dell\u2019olivo nel Salento&#8221;.\u00a0<\/em><\/p>\n<p>&nbsp;<\/p>\n<p>Cos\u00ec c&#8217;\u00e8 scritto nel documento. Che cosa significhi, gli estensori provano a spiegarlo cos\u00ec:\u00a0<em>\u201cIl lavoro esamina le condizioni strutturali e la rilevanza funzionale dell\u2019olivo in modo da individuare regole di riproducibilit\u00e0 e criteri d\u2019intervento propedeutici alla prefigurazione di scenari territoriali futuri nella ricostruzione di questo paesaggio. Sono stati evidenziati i fattori chiave del problema, per individuare opportune politiche e strategie d\u2019 intervento e definire operativamente i progetti territoriali con i quali sperimentare la ricostruzione sociale del paesaggio rurale.<\/em><\/p>\n<p><em>Lo studio pone il problema di guardare al futuro del territorio salentino attraverso\u00a0 un vero e proprio progetto territoriale di paesaggio, per garantire non solo la ricostruzione delle potenzialit\u00e0 produttive, ma anche la riproducibilit\u00e0 dei caratteri strutturali del territorio, la funzionalit\u00e0 e la razionalit\u00e0 ambientale del paesaggio rurale.<\/em><\/p>\n<p><em>Siamo convinti che una politica territoriale che intenda contribuire alla riqualificazione o alla ricostruzione del paesaggio rurale salentino, non possa tenere distinti i due principali aspetti del problema: quello socio-economico-produttivo e quello paesaggistico-ambientale. <\/em><\/p>\n<p><em>Siamo consapevoli, inoltre, che una politica tesa a integrare i diversi fattori in gioco non possa che partire dal presupposto che il paesaggio, oltre ad essere un bene pubblico, sia soprattutto una produzione collettiva, nella quale intervengono a diverso titolo una moltitudine di attori. <\/em><\/p>\n<p><em>Per questo risultano poco incisivi gli interventi spot praticabili dalle singole aziende agricole con il reimpianto dell\u2019olivo: in questi casi, infatti, \u00e8 importante orientare l\u2019azione su aree valutate e pianificate a questo scopo, in cui\u00a0 solo una visione integrata dei problemi pu\u00f2 rendere percepibile il raggiungimento di un duplice obiettivo: quello di riabilitare l\u2019economia legata a un settore produttivo strategico, come quello dell\u2019olivicoltura salentina, e, allo stesso tempo, quello di migliorare la qualit\u00e0 paesaggistica e ambientale dei luoghi devastati dal disseccamento degli olivi. <\/em><\/p>\n<p><em>Auspichiamo che il governo regionale, le associazioni di categoria e le diverse rappresentanze territoriali, prestino particolare attenzione alla necessit\u00e0 di integrare politiche settoriali e politiche territoriali per la ricostruzione della campagna contemporanea nel Salento. Crediamo, infatti, che il paesaggio rurale si configuri come una vera e propria risorsa economica sulla quale un territorio pu\u00f2 basare la sua valorizzazione e promozione, per ricostruire o accrescere la sua reputazione e per incrementare o affermare la sua attrattivit\u00e0 turistico-culturale. La sfida per i prossimi decenni \u00e8 quindi quella di innescare nuovi percorsi di sviluppo, integrando l\u2019economia dell\u2019impresa agricola multifunzionale con le politiche territoriali per il paesaggio rurale&#8221;.<\/em><\/p>\n<p><em>______<\/em><\/p>\n<p>L&#8217;APPROFONDIMENTO. Il documento integrale del M5S \u00e8 cosnultabile a questo link<\/p>\n<p>file:\/\/\/C:\/Users\/UTENTE\/Downloads\/Studio-propedeutico.pdf<\/p>\n<p>______<\/p>\n<p>LA RICERCA\u00a0 nei nostri articoli del 18 e del 21 maggio 2018<\/p>\n<blockquote class=\"wp-embedded-content\" data-secret=\"6ApBkwViwP\"><p><a href=\"https:\/\/www.leccecronaca.it\/index.php\/2018\/05\/12\/mo-pure-loro-tengono-la-xylella-an-capu-la-rivoluzione-copernicana-del-movimento-5-stelle-anche-sulla-xylella-da-partito-di-lotta-contro-la-frode-a-partito-di-governo-che-appoggia-la-confagric\/\">MO PURE LORO TENGONO LA XYLELLA AN CAPU. LA &#8216;RIVOLUZIONE COPERNICANA&#8217; DEL MOVIMENTO 5 STELLE ANCHE SULLA XYLELLA. DA PARTITO DI LOTTA CONTRO LA FRODE, A PARTITO DI GOVERNO, CHE APPOGGIA LA COLDIRETTI. ECCO LE INCREDIBILI DICHIARAZIONI DI OGGI, FRA GLI ALTRI, DI DIEGO DE LORENZIS, E CRISTIAN CASILI<\/a><\/p><\/blockquote>\n<p><iframe class=\"wp-embedded-content\" sandbox=\"allow-scripts\" security=\"restricted\" style=\"position: absolute; clip: rect(1px, 1px, 1px, 1px);\" src=\"https:\/\/www.leccecronaca.it\/index.php\/2018\/05\/12\/mo-pure-loro-tengono-la-xylella-an-capu-la-rivoluzione-copernicana-del-movimento-5-stelle-anche-sulla-xylella-da-partito-di-lotta-contro-la-frode-a-partito-di-governo-che-appoggia-la-confagric\/embed\/#?secret=6ApBkwViwP\" data-secret=\"6ApBkwViwP\" width=\"500\" height=\"282\" title=\"&#8220;MO PURE LORO TENGONO LA XYLELLA AN CAPU. LA &#8216;RIVOLUZIONE COPERNICANA&#8217; DEL MOVIMENTO 5 STELLE ANCHE SULLA XYLELLA. DA PARTITO DI LOTTA CONTRO LA FRODE, A PARTITO DI GOVERNO, CHE APPOGGIA LA COLDIRETTI. ECCO LE INCREDIBILI DICHIARAZIONI DI OGGI, FRA GLI ALTRI, DI DIEGO DE LORENZIS, E CRISTIAN CASILI&#8221; &#8212; LecceCronaca.it\" frameborder=\"0\" marginwidth=\"0\" marginheight=\"0\" scrolling=\"no\"><\/iframe><\/p>\n<blockquote class=\"wp-embedded-content\" data-secret=\"6xbZ4gC1dJ\"><p><a href=\"https:\/\/www.leccecronaca.it\/index.php\/2018\/05\/21\/i-10-punti-dei-cinque-stelle-casili-si-risponde-noi-tacciamo\/\">L&#8217; AFFAIRE XYLELLA \/ &#8216;LA RIVOLUZIONE COPERNICANA&#8217; \/ I DIECI PUNTI &#8211; AGGHIACCIANTI &#8211; DEI CINQUE STELLE: CRISTIAN CASILI SI RISPONDE DA SOLO. NOI TACCIAMO<\/a><\/p><\/blockquote>\n<p><iframe class=\"wp-embedded-content\" sandbox=\"allow-scripts\" security=\"restricted\" style=\"position: absolute; clip: rect(1px, 1px, 1px, 1px);\" src=\"https:\/\/www.leccecronaca.it\/index.php\/2018\/05\/21\/i-10-punti-dei-cinque-stelle-casili-si-risponde-noi-tacciamo\/embed\/#?secret=6xbZ4gC1dJ\" data-secret=\"6xbZ4gC1dJ\" width=\"500\" height=\"282\" title=\"&#8220;L&#8217; AFFAIRE XYLELLA \/ &#8216;LA RIVOLUZIONE COPERNICANA&#8217; \/ I DIECI PUNTI &#8211; AGGHIACCIANTI &#8211; DEI CINQUE STELLE: CRISTIAN CASILI SI RISPONDE DA SOLO. NOI TACCIAMO&#8221; &#8212; LecceCronaca.it\" frameborder=\"0\" marginwidth=\"0\" marginheight=\"0\" scrolling=\"no\"><\/iframe><\/p>\n<fb:like href='https:\/\/www.leccecronaca.it\/index.php\/2019\/07\/11\/dalla-rivoluzione-copernicana-di-un-anno-fa-alla-visione-integrata-di-questa-mattina-continua-levoluzione-del-m5s-sulla-xylella-adesso-i-reimpianti-vanno-bene\/' send='true' layout='button_count' show_faces='true' width='450' height='65' action='recommend' colorscheme='light' font='lucida grande'><\/fb:like><span class=\"fb_share\"><fb:like href=\"https:\/\/www.leccecronaca.it\/index.php\/2019\/07\/11\/dalla-rivoluzione-copernicana-di-un-anno-fa-alla-visione-integrata-di-questa-mattina-continua-levoluzione-del-m5s-sulla-xylella-adesso-i-reimpianti-vanno-bene\/\" layout=\"button_count\"><\/fb:like><\/span>","protected":false},"excerpt":{"rendered":"<p>&nbsp; (g.p.)______\u00a0\u201cNo a interventi spot, necessaria visione integrata dei problemi\u201d. I consiglieri del\u00a0 Movimento 5 Stelle alla Regione Puglia hanno\u00a0presentato questa mattina in una conferenza stampa a Bari (nella foto) il loro\u00a0\u201cstudio per la prefigurazione di scenari territoriali futuri nella ricostruzione del paesaggio dell\u2019olivo\u201d. Adesso i reimpianti vanno bene.\u00a0 Del resto, a Roma il decreto [&hellip;]<\/p>\n","protected":false},"author":4,"featured_media":156270,"comment_status":"open","ping_status":"closed","sticky":false,"template":"","format":"standard","meta":[],"categories":[69,76],"tags":[],"_links":{"self":[{"href":"https:\/\/www.leccecronaca.it\/index.php\/wp-json\/wp\/v2\/posts\/156269"}],"collection":[{"href":"https:\/\/www.leccecronaca.it\/index.php\/wp-json\/wp\/v2\/posts"}],"about":[{"href":"https:\/\/www.leccecronaca.it\/index.php\/wp-json\/wp\/v2\/types\/post"}],"author":[{"embeddable":true,"href":"https:\/\/www.leccecronaca.it\/index.php\/wp-json\/wp\/v2\/users\/4"}],"replies":[{"embeddable":true,"href":"https:\/\/www.leccecronaca.it\/index.php\/wp-json\/wp\/v2\/comments?post=156269"}],"version-history":[{"count":6,"href":"https:\/\/www.leccecronaca.it\/index.php\/wp-json\/wp\/v2\/posts\/156269\/revisions"}],"predecessor-version":[{"id":156276,"href":"https:\/\/www.leccecronaca.it\/index.php\/wp-json\/wp\/v2\/posts\/156269\/revisions\/156276"}],"wp:featuredmedia":[{"embeddable":true,"href":"https:\/\/www.leccecronaca.it\/index.php\/wp-json\/wp\/v2\/media\/156270"}],"wp:attachment":[{"href":"https:\/\/www.leccecronaca.it\/index.php\/wp-json\/wp\/v2\/media?parent=156269"}],"wp:term":[{"taxonomy":"category","embeddable":true,"href":"https:\/\/www.leccecronaca.it\/index.php\/wp-json\/wp\/v2\/categories?post=156269"},{"taxonomy":"post_tag","embeddable":true,"href":"https:\/\/www.leccecronaca.it\/index.php\/wp-json\/wp\/v2\/tags?post=156269"}],"curies":[{"name":"wp","href":"https:\/\/api.w.org\/{rel}","templated":true}]}}