{"id":156396,"date":"2019-07-13T16:37:10","date_gmt":"2019-07-13T14:37:10","guid":{"rendered":"http:\/\/www.leccecronaca.it\/?p=156396"},"modified":"2019-07-24T17:32:13","modified_gmt":"2019-07-24T15:32:13","slug":"centinaia-di-ulivi-secolari-dati-alle-fiamme-nel-salento-in-queste-ore-chi-lo-sta-facendo-e-perche-sono-queste-le-notizie-date-e-le-domande-poste-questo-pomeriggio-da-un-drammatico-ma-lucidissi","status":"publish","type":"post","link":"https:\/\/www.leccecronaca.it\/index.php\/2019\/07\/13\/centinaia-di-ulivi-secolari-dati-alle-fiamme-nel-salento-in-queste-ore-chi-lo-sta-facendo-e-perche-sono-queste-le-notizie-date-e-le-domande-poste-questo-pomeriggio-da-un-drammatico-ma-lucidissi\/","title":{"rendered":"CENTINAIA DI ULIVI SECOLARI DATI ALLE FIAMME NEL SALENTO IN QUESTE ORE. CHI LO STA FACENDO? E PERCHE&#8217;?"},"content":{"rendered":"<p><img decoding=\"async\" loading=\"lazy\" class=\"alignnone wp-image-156397\" src=\"https:\/\/www.leccecronaca.it\/wordpress\/wp-content\/uploads\/2019\/07\/torce.jpg\" alt=\"\" width=\"800\" height=\"800\" srcset=\"https:\/\/www.leccecronaca.it\/wordpress\/wp-content\/uploads\/2019\/07\/torce.jpg 540w, https:\/\/www.leccecronaca.it\/wordpress\/wp-content\/uploads\/2019\/07\/torce-300x300.jpg 300w, https:\/\/www.leccecronaca.it\/wordpress\/wp-content\/uploads\/2019\/07\/torce-150x150.jpg 150w, https:\/\/www.leccecronaca.it\/wordpress\/wp-content\/uploads\/2019\/07\/torce-60x60.jpg 60w\" sizes=\"(max-width: 800px) 100vw, 800px\" \/>(Rdl)______Lecce, 13 luglio 2019. 16.00. <span style=\"color: #ff0000;\"><strong><em>&#8220;C&#8217;\u00e8 una mano umana dietro gli inneschi.\u00a0Non \u00e8 una casualit\u00e0, c&#8217;\u00e8 una intenzionalit\u00e0 precisa dietro questi roghi. E la Coldiretti giustifica questo reato criminale&#8221;<\/em><\/strong>. <\/span><\/p>\n<p>Cos\u00ec il Popolo degli Ulivi, in un comunicato diffuso questo pomeriggio, a proposito degli incendi che stanno divorando centinaia di giganti secolari, scoppiati nel giro di pochi giorni, nelle zone di\u00a0 Torchiarolo, S. Pietro Vernotico, Presicce e lungo la statale Lecce-Maglie.<\/p>\n<p>Il comunicato ricorda quanto successo, solo poche settimane fa, all\u2019oliveto di Francesco Mastroleo: &#8220;sconosciuti si sono introdotti nella sua azienda ed hanno bruciato diversi olivi secolari. Un atto mafioso e intimidatorio, un segnale violento contro chi si batte per la difesa del territorio, dell\u2019economia locale, della cultura, della storia della nostra Terra&#8221;.<\/p>\n<p>Quali le motivazioni e quali i responsabili allora di queste azioni criminali?<\/p>\n<p><strong><em>&#8220;Apprendiamo da un quotidiano del 10 luglio che secondo il dr. Melcarne gli incendi non sarebbero dolosi: da dove proviene tale certezza? Coldiretti Puglia afferma, per\u00f2, che da maggio sono arrivate ai Vigili del Fuoco di Lecce &#8216;fino a 60 chiamate al giorno&#8217; per spegnere questi incendi non dolosi in campi &#8216;affetti da Xylella&#8217;. <\/em><\/strong><\/p>\n<p><strong><em>Muraglia, presidente Coldiretti Puglia, asserisce che ad &#8216;infiammare&#8217; la situazione esplosiva sono le difficolt\u00e0 burocratiche nell\u2019effettuare gli espianti degli olivi ammalati di CoDiRO (Complesso del disseccamento rapido dell\u2019olivo) ed il successivo reimpianto con le due variet\u00e0 \u2013 Leccino e Favolosa \u2013 destinate a sostituire gli oliveti tradizionali con impianti superintensivi a gestione industriale. <\/em><\/strong><\/p>\n<p><strong><em>Se i campi stanno &#8216;andando in fumo&#8217;, secondo Coldiretti la causa \u00e8 da ricercarsi nei cavilli della burocrazia lumaca che pretende addirittura di acquisire il parere della Soprintendenza per operazioni di trasformazione radicale del paesaggio all\u2019interno di zone vincolate (sic).<\/em><\/strong><\/p>\n<p><strong><em>Insomma, non solo una difesa d\u2019ufficio per i piromani, non solo ci si guarda bene dal condannare chi compie tali atti criminali contro il paesaggio, l\u2019economia locale, la bellezza e la vita ma, addirittura, si arriva a giustificare un reato!<\/em><\/strong><\/p>\n<p><strong><em>Questo non \u00e8 accettabile!&#8221;<\/em><\/strong><\/p>\n<p>Rincara poi la dose polemica, il comunicato, ricordano che <em>&#8220;da molti anni, da ancor prima che esplodesse l\u2019affaire Xylella, alcune organizzazioni di categoria spingevano per l\u2019eliminazione degli alberi secolari, ritenuti un ostacolo allo sviluppo di un\u2019olivicoltura competitiva sui mercati globali, e per la loro sostituzione con impianti super intensivi costituiti da spalliere produttive con cultivar brevettate&#8221;<\/em><\/p>\n<p>E&#8217; per questo che <em>&#8220;le associazioni di categorie citate hanno salutato con grande entusiasmo la Legge Centinaio sulle emergenze, che prevede la possibilit\u00e0 di andare in deroga ai vincoli normativi a difesa del paesaggio, dell\u2019ambiente e della salute.<\/em><\/p>\n<p>Ed \u00e8\u00a0 forse <em>&#8220;per assecondare tale obiettivo che, n\u00e9 le potenti organizzazioni professionali, n\u00e9 gli istituti di ricerca, che pure hanno ricevuto oltre 30 milioni di euro di soldi pubblici, hanno mai dato ai contadini una sola indicazione su come curare i suoli in oggettivo stato di desertificazione e gli alberi di olivo secolari disseccati, in quasi sei anni di cosiddetta &#8216;emergenza&#8217;? &#8220;<\/em><\/p>\n<p>Ancora, il comunicato cos\u00ec prosegue: <strong><span style=\"color: #0000ff;\"><em>&#8220;Anzi, attaccano e ridicolizzano coloro che ci provano, contando unicamente sulle proprie forze e non su finanziamenti pubblici milionari.<\/em><\/span><\/strong><\/p>\n<p><strong><span style=\"color: #0000ff;\"><em>In maniera ancora pi\u00f9 grave, alcune associazioni di categoria continuano ad affermare che le due variet\u00e0 imposte \u2013 Leccino e Favolosa &#8211; siano resistenti a Xylella, in contrasto con quanto afferma sia la Regione Puglia, nella Determina Osservatorio Fitosanitario n.591 del 13.07.2018, sia uno studio condotto dall\u2019Universit\u00e0 e dal CNR di Bari, pubblicato dall\u2019EFSA il 29 marzo 2016, ove si evidenzia la mancanza di dati scientifici che dimostrino la resistenza di tali variet\u00e0 sul medio e lungo periodo. Del resto, la realt\u00e0 dimostra che diverse piante di Leccino sono state gravemente colpite dal disseccamento.<\/em><\/span><\/strong><\/p>\n<p><strong><span style=\"color: #0000ff;\"><em>Le associazioni di categoria omettono anche di dire che i costi d\u2019impianto e di gestione degli oliveti intensivi e superintensivi sono talmente elevati da non essere alla portata di piccole e medie imprese. Tali investimenti possono essere sostenuti solo da grandi imprenditori su vaste superfici agricole e ci\u00f2 comporterebbe la svendita delle terre da parte dei piccoli contadini &#8211; che oggi possiedono la stragrande maggioranza dei terreni ad Olivo della provincia di Lecce &#8211; e la concentrazione della propriet\u00e0 fondiaria in poche mani\u2026.<\/em><\/span><\/strong><\/p>\n<p><strong><span style=\"color: #0000ff;\"><em>In pratica, ritornerebbe il latifondismo.<\/em><\/span><\/strong><\/p>\n<p><strong><span style=\"color: #0000ff;\"><em>Ecco il programma di &#8216;ricostituzione del patrimonio olivicolo&#8217;: n\u00e9 terra n\u00e9 lavoro nel futuro dei salentini \u2013 anche grazie alla meccanizzazione totale delle operazioni colturali previste nel super intensivo \u2013, n\u00e9 paesaggio n\u00e9 turismo per i cittadini, ma solo inquinamento, impoverimento ed espropriazione del territorio&#8221;.<\/em><\/span><\/strong><\/p>\n<p>Infine, gli appelli del Popolo degli Ulivi:<em> &#8220;Da tempo diciamo ai contadini e alla popolazione salentina di non credere a chi vuole lucrare sulla nostra terra, di non cadere nella trappola dell\u2019espianto\/reimpianto, perch\u00e9 questa non \u00e8 la soluzione del problema, bens\u00ec la causa.<\/em><\/p>\n<p><em>Invitiamo i cittadini tutti,\u00a0e in primo luogo i contadini, a farsi custodi attivi degli olivi, a segnalare immediatamente casi di incendi o anche di sradicamento degli alberi perch\u00e9 per eseguirli \u00e8 necessario avere l\u2019autorizzazione all\u2019espianto; diversamente si commetterebbe un reato molto grave!<\/em><\/p>\n<p><em><span style=\"color: #ff0000;\"><strong>Chiediamo alla magistratura\u00a0di indagare sulle dinamiche di questi incendi e di verificare la non casualit\u00e0 degli stessi;\u00a0di indagare su chi ha appiccato gli incendi ma anche su chi usa gli uliveti incendiati come motivazione per richiedere l\u2019accelerazione delle procedure di espianto e reimpianto.<\/strong><\/span><\/em><\/p>\n<p><em>Chiediamo alla Regione Puglia e alle autorit\u00e0 competenti\u00a0di non concedere le necessarie autorizzazioni a costituire nuovi impianti intensivi di olivi nei terreni devastati dalle fiamme;<\/em><\/p>\n<p><em>di applicare la norma dei terreni percorsi dal fuoco: nessuna costruzione, nessuna modifica urbanistica, nessuna modifica colturale per almeno 50 anni!<\/em><\/p>\n<p>&nbsp;<\/p>\n<p><em>Resistiamo! In difesa della Terra, dell\u2019umanit\u00e0, della democrazia, del futuro&#8221;.<\/em><\/p>\n<p><img decoding=\"async\" loading=\"lazy\" class=\"alignnone size-full wp-image-156398\" src=\"https:\/\/www.leccecronaca.it\/wordpress\/wp-content\/uploads\/2019\/07\/torcebis.jpg\" alt=\"\" width=\"720\" height=\"405\" srcset=\"https:\/\/www.leccecronaca.it\/wordpress\/wp-content\/uploads\/2019\/07\/torcebis.jpg 720w, https:\/\/www.leccecronaca.it\/wordpress\/wp-content\/uploads\/2019\/07\/torcebis-300x169.jpg 300w\" sizes=\"(max-width: 720px) 100vw, 720px\" \/><\/p>\n<p>&nbsp;<\/p>\n<p>&nbsp;<\/p>\n<fb:like href='https:\/\/www.leccecronaca.it\/index.php\/2019\/07\/13\/centinaia-di-ulivi-secolari-dati-alle-fiamme-nel-salento-in-queste-ore-chi-lo-sta-facendo-e-perche-sono-queste-le-notizie-date-e-le-domande-poste-questo-pomeriggio-da-un-drammatico-ma-lucidissi\/' send='true' layout='button_count' show_faces='true' width='450' height='65' action='recommend' colorscheme='light' font='lucida grande'><\/fb:like><span class=\"fb_share\"><fb:like href=\"https:\/\/www.leccecronaca.it\/index.php\/2019\/07\/13\/centinaia-di-ulivi-secolari-dati-alle-fiamme-nel-salento-in-queste-ore-chi-lo-sta-facendo-e-perche-sono-queste-le-notizie-date-e-le-domande-poste-questo-pomeriggio-da-un-drammatico-ma-lucidissi\/\" layout=\"button_count\"><\/fb:like><\/span>","protected":false},"excerpt":{"rendered":"<p>(Rdl)______Lecce, 13 luglio 2019. 16.00. &#8220;C&#8217;\u00e8 una mano umana dietro gli inneschi.\u00a0Non \u00e8 una casualit\u00e0, c&#8217;\u00e8 una intenzionalit\u00e0 precisa dietro questi roghi. E la Coldiretti giustifica questo reato criminale&#8221;. Cos\u00ec il Popolo degli Ulivi, in un comunicato diffuso questo pomeriggio, a proposito degli incendi che stanno divorando centinaia di giganti secolari, scoppiati nel giro di [&hellip;]<\/p>\n","protected":false},"author":4,"featured_media":156397,"comment_status":"open","ping_status":"closed","sticky":false,"template":"","format":"standard","meta":[],"categories":[69,76,36],"tags":[],"_links":{"self":[{"href":"https:\/\/www.leccecronaca.it\/index.php\/wp-json\/wp\/v2\/posts\/156396"}],"collection":[{"href":"https:\/\/www.leccecronaca.it\/index.php\/wp-json\/wp\/v2\/posts"}],"about":[{"href":"https:\/\/www.leccecronaca.it\/index.php\/wp-json\/wp\/v2\/types\/post"}],"author":[{"embeddable":true,"href":"https:\/\/www.leccecronaca.it\/index.php\/wp-json\/wp\/v2\/users\/4"}],"replies":[{"embeddable":true,"href":"https:\/\/www.leccecronaca.it\/index.php\/wp-json\/wp\/v2\/comments?post=156396"}],"version-history":[{"count":5,"href":"https:\/\/www.leccecronaca.it\/index.php\/wp-json\/wp\/v2\/posts\/156396\/revisions"}],"predecessor-version":[{"id":156658,"href":"https:\/\/www.leccecronaca.it\/index.php\/wp-json\/wp\/v2\/posts\/156396\/revisions\/156658"}],"wp:featuredmedia":[{"embeddable":true,"href":"https:\/\/www.leccecronaca.it\/index.php\/wp-json\/wp\/v2\/media\/156397"}],"wp:attachment":[{"href":"https:\/\/www.leccecronaca.it\/index.php\/wp-json\/wp\/v2\/media?parent=156396"}],"wp:term":[{"taxonomy":"category","embeddable":true,"href":"https:\/\/www.leccecronaca.it\/index.php\/wp-json\/wp\/v2\/categories?post=156396"},{"taxonomy":"post_tag","embeddable":true,"href":"https:\/\/www.leccecronaca.it\/index.php\/wp-json\/wp\/v2\/tags?post=156396"}],"curies":[{"name":"wp","href":"https:\/\/api.w.org\/{rel}","templated":true}]}}