{"id":156503,"date":"2019-07-17T00:04:14","date_gmt":"2019-07-16T22:04:14","guid":{"rendered":"http:\/\/www.leccecronaca.it\/?p=156503"},"modified":"2019-07-17T13:55:15","modified_gmt":"2019-07-17T11:55:15","slug":"il-festival-delle-parole-da-sabato-20","status":"publish","type":"post","link":"https:\/\/www.leccecronaca.it\/index.php\/2019\/07\/17\/il-festival-delle-parole-da-sabato-20\/","title":{"rendered":"IL FESTIVAL DELLE PAROLE DA SABATO 20"},"content":{"rendered":"<p><img decoding=\"async\" loading=\"lazy\" class=\"alignnone size-full wp-image-156504\" src=\"https:\/\/www.leccecronaca.it\/wordpress\/wp-content\/uploads\/2019\/07\/SP.jpg\" alt=\"\" width=\"679\" height=\"960\" srcset=\"https:\/\/www.leccecronaca.it\/wordpress\/wp-content\/uploads\/2019\/07\/SP.jpg 679w, https:\/\/www.leccecronaca.it\/wordpress\/wp-content\/uploads\/2019\/07\/SP-212x300.jpg 212w\" sizes=\"(max-width: 679px) 100vw, 679px\" \/>Riceviamo e volentieri pubblichiamo. Il\u00a0Circolo Didattico Ampolo di Surbo ci manda il seguente comunicato______<\/p>\n<p>La rete di scuole Incantiere, promotrice di una didattica innovativa della lingua e letteratura italiana, chiude il suo primo anno di attivit\u00e0 con una manifestazione aperta al territorio: il primo Festival delle Parole, quest\u2019anno dedicato all\u2019anniversario dello sbarco sulla luna.<\/p>\n<p>Il Festival inizier\u00e0 proprio nella serata del 20 luglio, con un reading letterario dedicato alla luna; brani tratti da romanzi, poesie, novelle e fiabe dedicate alla luna saranno lette ad alta voce da docenti, studenti e appassionati lettori, non mancher\u00e0 anche l\u2019occasione, per chi voglia mettersi in gioco, di proporsi per una lettura condivisa.<\/p>\n<p>Tutto nel suggestivo scenario di Canali Creativi, provinciale Vignacastrisi &#8211; Castro.<\/p>\n<p>Ingresso libero.<\/p>\n<p>La sera del 21 luglio, sempre a Canali Creativi, la rete dar\u00e0 palcoscenico ai giovanissimi protagonisti del circolo didattico Principe di Piemonte di Maglie con una performance teatrale delle classi terze; pi\u00f9 tardi sar\u00e0 la volta dei giovanissimi autori del laboratorio di scrittura creativa del circolo didattico Vincenzo Ampolo di Surbo e del loro racconto a pi\u00f9 mani.<\/p>\n<p>Interverranno nella serata: la prof.ssa Paola Leone, Unisalento, con il suo progetto multiculturale Tommaso e l\u2019anguria, la prof.ssa Ada Fiore, che presenter\u00e0 Kalopolis, il dott. Raffaele Bissanti, con il suo libro sulle tradizioni della valle della Cupa, la maestra Antonella Miccoli, con il libro nato dall\u2019esperienza in classe e dedicato a Galileo Galilei e la maestra Giulia Reale con il suo racconto dedicato alla luna.<\/p>\n<p>Le giornate del 22 e 23 luglio, invece, vedranno i soli docenti impegnati in un\u2019intensa attivit\u00e0 di formazione dedicata alla riflessione su metodi e percorsi didattici.<\/p>\n<p>Gli incontri di formazione si terranno presso STUDIUM 2000, Unisalento, in collaborazione con il Centro Interdipartimentale di Innovazione Didattica. Si parte il 22 luglio, con riflessioni e percorsi conoscitivi sul Reading and Writing Workshop, condivisione di attivit\u00e0 e strategie gi\u00e0 sperimentate in aula, laboratori e momenti di confronto, tra e con docenti della rete.<\/p>\n<p>Il 23 luglio il Festival ospita l\u2019Autore, gi\u00e0 vincitore di numerosi premi, Gabriele Clima; la formazione proposta \u201cEmpatia, relazione, identit\u00e0. I libri per l\u2019infanzia come percorsi educativi per bambini e adulti\u201d offrir\u00e0 ulteriori occasioni di riflessioni e dialogo alla comunit\u00e0 di docenti coinvolta.<\/p>\n<p>Il Festival delle Parole\u2026 Lunatiche, occasione di crescita e di incontro per tutto il territorio, ha il patrocinio del Consiglio Regionale della Puglia.<br \/>\nPartner dell\u2019evento il Centro Interdipartimentale di Innovazione Didattica.<\/p>\n<p>Si ringrazia per la competente disponibilit\u00e0 Esp\u00e8ro, Servizi Formativi Avanzati, il prof. Salvatore Colazzo, Dipartimento di Storia, Societ\u00e0 e Studi sull&#8217;uomo.<br \/>\nL\u2019illustrazione del Festival\u00a0(nella foto) \u00e8 opera dell\u2019artista Chiara Spinelli.<\/p>\n<p>\u201cIncantiere &#8211; nota la Dirigente Scolastica della scuola capofila, prof.ssa M. T. Capone della D.D. Vincenzo Ampolo di Surbo (LE) &#8211; \u00e8 il nome di questa rete di scuole (una ventina su tutto il territorio nazionale, di ogni ordine e grado n.d.r.) e ha in s\u00e9 una doppia anima: la riflessione sulla realt\u00e0 di continua crescita e trasformazione della scuola, un cantiere appunto, dove proposte, progetti, professionalit\u00e0 sono sempre al lavoro e in movimento, e l\u2019idea degli incanti che da sempre la letteratura offre a tutti, strumento di evasione da una realt\u00e0 complessa e caotica, ma anche, e soprattutto qui al sud, veicolo di scoperta, riconoscimento e affermazione di identit\u00e0, interessi, valori\u201d<br \/>\nBuona lettura e\u2026 buona luna a tutti!<\/p>\n<p><img decoding=\"async\" loading=\"lazy\" class=\"alignnone size-full wp-image-156535\" src=\"https:\/\/www.leccecronaca.it\/wordpress\/wp-content\/uploads\/2019\/07\/loca.jpg\" alt=\"\" width=\"678\" height=\"960\" srcset=\"https:\/\/www.leccecronaca.it\/wordpress\/wp-content\/uploads\/2019\/07\/loca.jpg 678w, https:\/\/www.leccecronaca.it\/wordpress\/wp-content\/uploads\/2019\/07\/loca-212x300.jpg 212w\" sizes=\"(max-width: 678px) 100vw, 678px\" \/><\/p>\n<p>&#8212;<\/p>\n<p>&#8212;<\/p>\n<fb:like href='https:\/\/www.leccecronaca.it\/index.php\/2019\/07\/17\/il-festival-delle-parole-da-sabato-20\/' send='true' layout='button_count' show_faces='true' width='450' height='65' action='recommend' colorscheme='light' font='lucida grande'><\/fb:like><span class=\"fb_share\"><fb:like href=\"https:\/\/www.leccecronaca.it\/index.php\/2019\/07\/17\/il-festival-delle-parole-da-sabato-20\/\" layout=\"button_count\"><\/fb:like><\/span>","protected":false},"excerpt":{"rendered":"<p>Riceviamo e volentieri pubblichiamo. Il\u00a0Circolo Didattico Ampolo di Surbo ci manda il seguente comunicato______ La rete di scuole Incantiere, promotrice di una didattica innovativa della lingua e letteratura italiana, chiude il suo primo anno di attivit\u00e0 con una manifestazione aperta al territorio: il primo Festival delle Parole, quest\u2019anno dedicato all\u2019anniversario dello sbarco sulla luna. Il [&hellip;]<\/p>\n","protected":false},"author":4,"featured_media":156504,"comment_status":"open","ping_status":"closed","sticky":false,"template":"","format":"standard","meta":[],"categories":[31,75,36],"tags":[],"_links":{"self":[{"href":"https:\/\/www.leccecronaca.it\/index.php\/wp-json\/wp\/v2\/posts\/156503"}],"collection":[{"href":"https:\/\/www.leccecronaca.it\/index.php\/wp-json\/wp\/v2\/posts"}],"about":[{"href":"https:\/\/www.leccecronaca.it\/index.php\/wp-json\/wp\/v2\/types\/post"}],"author":[{"embeddable":true,"href":"https:\/\/www.leccecronaca.it\/index.php\/wp-json\/wp\/v2\/users\/4"}],"replies":[{"embeddable":true,"href":"https:\/\/www.leccecronaca.it\/index.php\/wp-json\/wp\/v2\/comments?post=156503"}],"version-history":[{"count":2,"href":"https:\/\/www.leccecronaca.it\/index.php\/wp-json\/wp\/v2\/posts\/156503\/revisions"}],"predecessor-version":[{"id":156536,"href":"https:\/\/www.leccecronaca.it\/index.php\/wp-json\/wp\/v2\/posts\/156503\/revisions\/156536"}],"wp:featuredmedia":[{"embeddable":true,"href":"https:\/\/www.leccecronaca.it\/index.php\/wp-json\/wp\/v2\/media\/156504"}],"wp:attachment":[{"href":"https:\/\/www.leccecronaca.it\/index.php\/wp-json\/wp\/v2\/media?parent=156503"}],"wp:term":[{"taxonomy":"category","embeddable":true,"href":"https:\/\/www.leccecronaca.it\/index.php\/wp-json\/wp\/v2\/categories?post=156503"},{"taxonomy":"post_tag","embeddable":true,"href":"https:\/\/www.leccecronaca.it\/index.php\/wp-json\/wp\/v2\/tags?post=156503"}],"curies":[{"name":"wp","href":"https:\/\/api.w.org\/{rel}","templated":true}]}}