{"id":156615,"date":"2019-07-19T15:01:15","date_gmt":"2019-07-19T13:01:15","guid":{"rendered":"http:\/\/www.leccecronaca.it\/?p=156615"},"modified":"2019-07-19T15:03:47","modified_gmt":"2019-07-19T13:03:47","slug":"si-inaugura-a-santa-caterina-la-mostra-di-ugo-tapparini-dedicata-alla-luna-nel-giorno-del-mezzo-secolo-dalla-conquista","status":"publish","type":"post","link":"https:\/\/www.leccecronaca.it\/index.php\/2019\/07\/19\/si-inaugura-a-santa-caterina-la-mostra-di-ugo-tapparini-dedicata-alla-luna-nel-giorno-del-mezzo-secolo-dalla-conquista\/","title":{"rendered":"SI INAUGURA A SANTA CATERINA LA MOSTRA DI TAPPARINI DEDICATA ALLA LUNA, MEZZO SECOLO DOPO LA &#8216;CONQUISTA&#8217;"},"content":{"rendered":"<p><img decoding=\"async\" loading=\"lazy\" class=\"alignnone size-full wp-image-156616\" src=\"https:\/\/www.leccecronaca.it\/wordpress\/wp-content\/uploads\/2019\/07\/una-luna-di-miele.jpg\" alt=\"\" width=\"3698\" height=\"4619\" \/>di <strong>Raffaele Polo<\/strong>______<\/p>\n<p>Una &#8216;location&#8217; inusuale per questa mostra intitolata a\u00a0<strong><em>\u201cLa Luna\u201d<\/em><\/strong> di <strong>Vittorio Tapparin<\/strong>i, a Santa Caterina, da sabato 20 luglio, ore 20.30.<\/p>\n<p>Il Maestro sceglie la costa jonica e il rinomato ristorante Jazzy per collocare le sue ultime composizioni, dedicate in particolare alla luna e alla sua conquista (si fa per dire&#8230;) avvenuta anni fa, proprio in questi giorni. Ma \u00e8 la Luna dei poeti e dei sognatori che trova casa nelle opere della nuova collezione di Vittorio Tapparini, presentata nel giorno del cinquantesimo anniversario dell\u2019allunaggio del 20 luglio 1969.<\/p>\n<p>Enormi spicchi di Luna crescente e calante emergono tra le opere dell\u2019artista per ricordare di coltivare sogni d\u2019amore, nutrire la poesia dell\u2019essere vivi, compiere piccoli viaggi, fuori e dentro di s\u00e9, alla ricerca di pace, calore umano, passione e forti sentimenti.<\/p>\n<p>La Luna lass\u00f9 diventa in queste tele del maestro leccese la terra promessa su cui ricominciare: un artista poeta \u00e8 sempre avvezzo a sognare e <em>\u201csa sperare l\u2019impossibile\/anche quando \u00e8 disperato\u201d<\/em> (come diceva Rodari).<\/p>\n<p>&nbsp;<\/p>\n<p>\u201cUna Luna di miele\u201d \u00e8 un invito a mettere al centro la speranza e la voglia di costruire una stagione migliore: la Luna \u00e8 il simbolo del sogno e se \u00e8 di miele richiama anche dolcezza e amore. E una nuova voglia di vivere e di amare, se stessi e gli altri, pu\u00f2 partire dalla poesia di una tela visionaria, capace di colorare la vita e portare energia e nuova linfa nel cammino quotidiano.<\/p>\n<p>&nbsp;<\/p>\n<p>\u00c8 infatti un personale inno alla vita questa nuova collezione pop presentata in questa mostra di Tapparini composta da tele ad olio, da piccole a medie e grandi dimensioni, che si potr\u00e0 visitare ogni giorno, nelle ore serali, da sabato 20 luglio al 31 agosto a Santa Caterina di Nard\u00f2, nella piazzetta centrale della marina, presso i locali del Jazzy, in via Cant\u00f9 5<\/p>\n<p>. Anche quest\u2019anno, in mancanza di spazi espositivi a Lecce, l\u2019arte va al mare e diventa un regalo da cogliere al volo per chi, anche in vacanza, ha voglia di cultura.<\/p>\n<p>I piccoli uomini colorati del maestro Tapparini, viaggiatori indefessi alla ricerca di nuove vie di fuga, regalano in queste tele il sogno di un proprio personale viaggio, anche alla conquista del magico satellite terrestre.<\/p>\n<p>Abitano uno spazio vitale dove incontrarsi senza niente altro addosso che se stessi, senza distrazioni se non quelle sentimentali, le pi\u00f9 belle e le pi\u00f9 vere.<\/p>\n<p>Cuori e stelle infatti continuano ad illuminare il cammino di questa poetica, che ha incontrato in molte tele anche scorci mozzafiato di paesaggi meridionali, costiere fiorite, piccole piazze e territori incantati dove riprendere a costruire il futuro reinventando un mondo pi\u00f9 lento e silenzioso, pi\u00f9 a misura d\u2019uomo, pi\u00f9 colorato, pacifico. Tra le opere spuntano anche barchette di carta con i colori della solidariet\u00e0, e tanta voglia di invertire le tendenze di un mondo sempre pi\u00f9 sordo e cieco verso i valori umani pi\u00f9 importanti.<\/p>\n<p>&nbsp;<\/p>\n<p>L\u2019arte del maestro leccese continua ad essere coraggiosa, e del tutto anacronistica rispetto ad un piatto panorama contemporaneo dove trionfano comodi linguaggi astratti, concettuali, centrati sui dolori umani. Tapparini ha archiviato tra le cose \u201cvecchie\u201d queste ricerche (che pure gli sono appartenute) e oggi, superate fasi informali, materiche, gestuali, esprime una contemporaneit\u00e0 emergente, di respiro semplice e figurativo: partendo dalla sua terra, il Salento, racconta la mediterraneit\u00e0 nell\u2019aria e una nuova idea di futuro.<\/p>\n<p>Mediterranea \u00e8 infatti oggi una cultura pop senza confini e senza muri, unita dall\u2019essenza pi\u00f9 intima dell\u2019umanit\u00e0, uguale ad ogni latitudine: \u00e8 una ricerca della felicit\u00e0 non poggiata su miraggi economici, ma sui sentimenti e i valori pi\u00f9 importanti della vita vera. La scelta di una movida di colori in cui tutti possano riconoscersi parte da qui.<\/p>\n<p>Spiega Vittorio Tapparini:\u00a0<em>\u201cQuesta nuova mostra, che riprende il tema delle precedenti, entra in un nuovo filone pop dedicato all\u2019amore, a chi \u00e8 innamorato, a chi ha voglia di innamorarsi e a chi ama la vita, con i suoi colori, con le sue fantasie, con i suoi sogni e le sue gioie. <\/em><\/p>\n<p><em>I miei quadri sono semplici e complessi al tempo stesso, cos\u00ec come la vita, e lasciano a tutti nel cuore l\u2019idea della possibilit\u00e0 di un nuovo inizio. La speranza \u00e8 che la mia emozione si trasferisca in un altro cuore e in questa emozione trionfi amore, gioia di vivere e un\u2019allegria contagiosa su cui costruire futuro. Quando l\u2019uomo coltiva un sogno interiore si rivolge da sempre alla Luna, romantica compagna di illusioni e poesie che da lass\u00f9 ci invita a credere che qualcosa di pi\u00f9 grande \u00e8 possibile<\/em>\u201d.<\/p>\n<p>&nbsp;<\/p>\n<fb:like href='https:\/\/www.leccecronaca.it\/index.php\/2019\/07\/19\/si-inaugura-a-santa-caterina-la-mostra-di-ugo-tapparini-dedicata-alla-luna-nel-giorno-del-mezzo-secolo-dalla-conquista\/' send='true' layout='button_count' show_faces='true' width='450' height='65' action='recommend' colorscheme='light' font='lucida grande'><\/fb:like><span class=\"fb_share\"><fb:like href=\"https:\/\/www.leccecronaca.it\/index.php\/2019\/07\/19\/si-inaugura-a-santa-caterina-la-mostra-di-ugo-tapparini-dedicata-alla-luna-nel-giorno-del-mezzo-secolo-dalla-conquista\/\" layout=\"button_count\"><\/fb:like><\/span>","protected":false},"excerpt":{"rendered":"<p>di Raffaele Polo______ Una &#8216;location&#8217; inusuale per questa mostra intitolata a\u00a0\u201cLa Luna\u201d di Vittorio Tapparini, a Santa Caterina, da sabato 20 luglio, ore 20.30. Il Maestro sceglie la costa jonica e il rinomato ristorante Jazzy per collocare le sue ultime composizioni, dedicate in particolare alla luna e alla sua conquista (si fa per dire&#8230;) avvenuta [&hellip;]<\/p>\n","protected":false},"author":4,"featured_media":156616,"comment_status":"open","ping_status":"closed","sticky":false,"template":"","format":"standard","meta":[],"categories":[31,75],"tags":[],"_links":{"self":[{"href":"https:\/\/www.leccecronaca.it\/index.php\/wp-json\/wp\/v2\/posts\/156615"}],"collection":[{"href":"https:\/\/www.leccecronaca.it\/index.php\/wp-json\/wp\/v2\/posts"}],"about":[{"href":"https:\/\/www.leccecronaca.it\/index.php\/wp-json\/wp\/v2\/types\/post"}],"author":[{"embeddable":true,"href":"https:\/\/www.leccecronaca.it\/index.php\/wp-json\/wp\/v2\/users\/4"}],"replies":[{"embeddable":true,"href":"https:\/\/www.leccecronaca.it\/index.php\/wp-json\/wp\/v2\/comments?post=156615"}],"version-history":[{"count":4,"href":"https:\/\/www.leccecronaca.it\/index.php\/wp-json\/wp\/v2\/posts\/156615\/revisions"}],"predecessor-version":[{"id":156620,"href":"https:\/\/www.leccecronaca.it\/index.php\/wp-json\/wp\/v2\/posts\/156615\/revisions\/156620"}],"wp:featuredmedia":[{"embeddable":true,"href":"https:\/\/www.leccecronaca.it\/index.php\/wp-json\/wp\/v2\/media\/156616"}],"wp:attachment":[{"href":"https:\/\/www.leccecronaca.it\/index.php\/wp-json\/wp\/v2\/media?parent=156615"}],"wp:term":[{"taxonomy":"category","embeddable":true,"href":"https:\/\/www.leccecronaca.it\/index.php\/wp-json\/wp\/v2\/categories?post=156615"},{"taxonomy":"post_tag","embeddable":true,"href":"https:\/\/www.leccecronaca.it\/index.php\/wp-json\/wp\/v2\/tags?post=156615"}],"curies":[{"name":"wp","href":"https:\/\/api.w.org\/{rel}","templated":true}]}}