{"id":156643,"date":"2019-07-19T19:52:51","date_gmt":"2019-07-19T17:52:51","guid":{"rendered":"http:\/\/www.leccecronaca.it\/?p=156643"},"modified":"2019-07-19T19:54:35","modified_gmt":"2019-07-19T17:54:35","slug":"corri-vai-non-ti-fermare-un-nome-nuovo-per-una-nuova-vita-per-m49-il-ministro-propone-papillon-leccecronaca-it-preferirebbe-frank","status":"publish","type":"post","link":"https:\/\/www.leccecronaca.it\/index.php\/2019\/07\/19\/corri-vai-non-ti-fermare-un-nome-nuovo-per-una-nuova-vita-per-m49-il-ministro-propone-papillon-leccecronaca-it-preferirebbe-frank\/","title":{"rendered":"CORRI VAI NON TI FERMARE \/ UN NOME NUOVO, PER LA NUOVA VITA COMINCIATA DA M49: IL MINISTRO PROPONE Papillon, leccecronaca.it PREFERIREBBE Frank"},"content":{"rendered":"<p><img decoding=\"async\" loading=\"lazy\" class=\"alignnone size-full wp-image-156645\" src=\"https:\/\/www.leccecronaca.it\/wordpress\/wp-content\/uploads\/2019\/07\/Escape-From-Alcatraz-1024x576.jpg\" alt=\"\" width=\"1024\" height=\"576\" srcset=\"https:\/\/www.leccecronaca.it\/wordpress\/wp-content\/uploads\/2019\/07\/Escape-From-Alcatraz-1024x576.jpg 1024w, https:\/\/www.leccecronaca.it\/wordpress\/wp-content\/uploads\/2019\/07\/Escape-From-Alcatraz-1024x576-300x169.jpg 300w, https:\/\/www.leccecronaca.it\/wordpress\/wp-content\/uploads\/2019\/07\/Escape-From-Alcatraz-1024x576-768x432.jpg 768w\" sizes=\"(max-width: 1024px) 100vw, 1024px\" \/>(g.p.)______Nessuna nuova, buona nuova.\u00a0M49 \u00e8 sempre libero e da cinque giorni rivive la sua vita in libert\u00e0, che gli avevano negato, rinchiudendolo in un lager, da cui se, pur impossibile a credersi, \u00e8 fuggito.<\/p>\n<p>Torna sul caso che continua ad appassionare gli Italiani il ministro per l&#8217; Ambiente Sergio Costa, che, via social e a Sky tv, dice:\u00a0<em>\u201cContinuo a seguire con apprensione la fuga di\u00a0#M49, anche in contatto con le autorit\u00e0 locali. Ispra ha mandato i suoi tecnici e stiamo interloquendo con la provincia per evitare che l&#8217;orso venga ammazzato.\u00a0Non ammazzatelo, non lo merita\u201d.<\/em><\/p>\n<p>Poi, dal momento che quella sigla da gulag che gli hanno affibbiato non piace neanche a lui, pure in considerazione della popolarit\u00e0 oramai acquisita, propone di ribattezzarlo, e lancia per questo il nome di <em>Papillon.<\/em> Chiaro il riferimento al film omonimo del\u00a01973 di Franklin J. Schaffner, con Steve McQueen e Dustin Hoffman, che racconta le epiche avventura di Henri Charri\u00e8re, detto Papillon, condannato alla detenzione a vita nella famigerata colonia penale dell&#8217;Isola del Diavolo\u00a0nella\u00a0Guyana francese.<\/p>\n<p>Il nome \u00e8 bello, c&#8217;\u00e8 attinenza, ma nell&#8217;immaginario collettivo l&#8217; evasione impossibile per antonomasia \u00e8 quella raccontata dal film del\u00a01979\u00a0diretto da\u00a0Don Siegel &#8216;Fuga da Alcatraz&#8217; con\u00a0Clint Eastwood nei panni di Frank Morris\u00a0(nella foto di scena).<\/p>\n<p>Inoltre, <em>Frank<\/em>, leccecronaca.it chiamerebbe cos\u00ec M49, era finito nella prigione pi\u00f9 &#8216;sicura&#8217; perch\u00e9 ribelle, dopo essere stato arrestato perch\u00e9 rubava, per necessit\u00e0&#8230;.Infine, dopo l&#8217;evasione, non \u00e8 stato mai pi\u00f9 catturato&#8230;\u00a0______<\/p>\n<p>LA RICERCA nei nostri articoli dei giorni scorsi<\/p>\n<blockquote class=\"wp-embedded-content\" data-secret=\"qT9OPS0lEE\"><p><a href=\"https:\/\/www.leccecronaca.it\/index.php\/2019\/07\/15\/la-storia-orso-m49-fuga-per-la-liberta-e-ora-corri-vai-non-ti-fermare\/\">LA STORIA \/ ORSO  M49, FUGA PER LA LIBERTA&#8217;. E ORA CORRI VAI NON TI FERMARE&#8230;<\/a><\/p><\/blockquote>\n<p><iframe class=\"wp-embedded-content\" sandbox=\"allow-scripts\" security=\"restricted\" style=\"position: absolute; clip: rect(1px, 1px, 1px, 1px);\" src=\"https:\/\/www.leccecronaca.it\/index.php\/2019\/07\/15\/la-storia-orso-m49-fuga-per-la-liberta-e-ora-corri-vai-non-ti-fermare\/embed\/#?secret=qT9OPS0lEE\" data-secret=\"qT9OPS0lEE\" width=\"500\" height=\"282\" title=\"&#8220;LA STORIA \/ ORSO  M49, FUGA PER LA LIBERTA&#8217;. E ORA CORRI VAI NON TI FERMARE&#8230;&#8221; &#8212; LecceCronaca.it\" frameborder=\"0\" marginwidth=\"0\" marginheight=\"0\" scrolling=\"no\"><\/iframe><\/p>\n<blockquote class=\"wp-embedded-content\" data-secret=\"B9GvE1roBw\"><p><a href=\"https:\/\/www.leccecronaca.it\/index.php\/2019\/07\/16\/la-fuga-da-alcatraz-di-m49-corri-vai-non-ti-fermare\/\">LA FUGA DA ALCATRAZ DI M49. CORRI VAI NON TI FERMARE<\/a><\/p><\/blockquote>\n<p><iframe class=\"wp-embedded-content\" sandbox=\"allow-scripts\" security=\"restricted\" style=\"position: absolute; clip: rect(1px, 1px, 1px, 1px);\" src=\"https:\/\/www.leccecronaca.it\/index.php\/2019\/07\/16\/la-fuga-da-alcatraz-di-m49-corri-vai-non-ti-fermare\/embed\/#?secret=B9GvE1roBw\" data-secret=\"B9GvE1roBw\" width=\"500\" height=\"282\" title=\"&#8220;LA FUGA DA ALCATRAZ DI M49. CORRI VAI NON TI FERMARE&#8221; &#8212; LecceCronaca.it\" frameborder=\"0\" marginwidth=\"0\" marginheight=\"0\" scrolling=\"no\"><\/iframe><\/p>\n<blockquote class=\"wp-embedded-content\" data-secret=\"o8Dj0Indg8\"><p><a href=\"https:\/\/www.leccecronaca.it\/index.php\/2019\/07\/17\/corri-vai-non-ti-fermare-m49-e-sempre-libero-questa-mattina-sono-andati-nei-boschi-insieme-a-lui-i-bambini-delle-colonie-montane\/\">CORRI VAI NON TI FERMARE \/ M49 E&#8217; SEMPRE VIVO E SEMPRE LIBERO. QUESTA MATTINA SONO ANDATI NEI BOSCHI INSIEME A LUI I BAMBINI DELLE COLONIE MONTANE<\/a><\/p><\/blockquote>\n<p><iframe class=\"wp-embedded-content\" sandbox=\"allow-scripts\" security=\"restricted\" style=\"position: absolute; clip: rect(1px, 1px, 1px, 1px);\" src=\"https:\/\/www.leccecronaca.it\/index.php\/2019\/07\/17\/corri-vai-non-ti-fermare-m49-e-sempre-libero-questa-mattina-sono-andati-nei-boschi-insieme-a-lui-i-bambini-delle-colonie-montane\/embed\/#?secret=o8Dj0Indg8\" data-secret=\"o8Dj0Indg8\" width=\"500\" height=\"282\" title=\"&#8220;CORRI VAI NON TI FERMARE \/ M49 E&#8217; SEMPRE VIVO E SEMPRE LIBERO. QUESTA MATTINA SONO ANDATI NEI BOSCHI INSIEME A LUI I BAMBINI DELLE COLONIE MONTANE&#8221; &#8212; LecceCronaca.it\" frameborder=\"0\" marginwidth=\"0\" marginheight=\"0\" scrolling=\"no\"><\/iframe><\/p>\n<p>&nbsp;<\/p>\n<h2 class=\"post-title\"><\/h2>\n<fb:like href='https:\/\/www.leccecronaca.it\/index.php\/2019\/07\/19\/corri-vai-non-ti-fermare-un-nome-nuovo-per-una-nuova-vita-per-m49-il-ministro-propone-papillon-leccecronaca-it-preferirebbe-frank\/' send='true' layout='button_count' show_faces='true' width='450' height='65' action='recommend' colorscheme='light' font='lucida grande'><\/fb:like><span class=\"fb_share\"><fb:like href=\"https:\/\/www.leccecronaca.it\/index.php\/2019\/07\/19\/corri-vai-non-ti-fermare-un-nome-nuovo-per-una-nuova-vita-per-m49-il-ministro-propone-papillon-leccecronaca-it-preferirebbe-frank\/\" layout=\"button_count\"><\/fb:like><\/span>","protected":false},"excerpt":{"rendered":"<p>(g.p.)______Nessuna nuova, buona nuova.\u00a0M49 \u00e8 sempre libero e da cinque giorni rivive la sua vita in libert\u00e0, che gli avevano negato, rinchiudendolo in un lager, da cui se, pur impossibile a credersi, \u00e8 fuggito. Torna sul caso che continua ad appassionare gli Italiani il ministro per l&#8217; Ambiente Sergio Costa, che, via social e a [&hellip;]<\/p>\n","protected":false},"author":4,"featured_media":156645,"comment_status":"open","ping_status":"closed","sticky":false,"template":"","format":"standard","meta":[],"categories":[69,76],"tags":[],"_links":{"self":[{"href":"https:\/\/www.leccecronaca.it\/index.php\/wp-json\/wp\/v2\/posts\/156643"}],"collection":[{"href":"https:\/\/www.leccecronaca.it\/index.php\/wp-json\/wp\/v2\/posts"}],"about":[{"href":"https:\/\/www.leccecronaca.it\/index.php\/wp-json\/wp\/v2\/types\/post"}],"author":[{"embeddable":true,"href":"https:\/\/www.leccecronaca.it\/index.php\/wp-json\/wp\/v2\/users\/4"}],"replies":[{"embeddable":true,"href":"https:\/\/www.leccecronaca.it\/index.php\/wp-json\/wp\/v2\/comments?post=156643"}],"version-history":[{"count":2,"href":"https:\/\/www.leccecronaca.it\/index.php\/wp-json\/wp\/v2\/posts\/156643\/revisions"}],"predecessor-version":[{"id":156647,"href":"https:\/\/www.leccecronaca.it\/index.php\/wp-json\/wp\/v2\/posts\/156643\/revisions\/156647"}],"wp:featuredmedia":[{"embeddable":true,"href":"https:\/\/www.leccecronaca.it\/index.php\/wp-json\/wp\/v2\/media\/156645"}],"wp:attachment":[{"href":"https:\/\/www.leccecronaca.it\/index.php\/wp-json\/wp\/v2\/media?parent=156643"}],"wp:term":[{"taxonomy":"category","embeddable":true,"href":"https:\/\/www.leccecronaca.it\/index.php\/wp-json\/wp\/v2\/categories?post=156643"},{"taxonomy":"post_tag","embeddable":true,"href":"https:\/\/www.leccecronaca.it\/index.php\/wp-json\/wp\/v2\/tags?post=156643"}],"curies":[{"name":"wp","href":"https:\/\/api.w.org\/{rel}","templated":true}]}}