{"id":156874,"date":"2019-07-26T10:56:47","date_gmt":"2019-07-26T08:56:47","guid":{"rendered":"http:\/\/www.leccecronaca.it\/?p=156874"},"modified":"2019-07-26T13:29:07","modified_gmt":"2019-07-26T11:29:07","slug":"una-chiesa-e-il-suo-cielo-questa-sera-a-copertino-protagoniste-le-stelle","status":"publish","type":"post","link":"https:\/\/www.leccecronaca.it\/index.php\/2019\/07\/26\/una-chiesa-e-il-suo-cielo-questa-sera-a-copertino-protagoniste-le-stelle\/","title":{"rendered":"CON &#8220;UNA CHIESA E IL SUO CIELO&#8221; QUESTA SERA A COPERTINO PROTAGONISTE LE STELLE"},"content":{"rendered":"<p><img decoding=\"async\" loading=\"lazy\" class=\"alignnone size-full wp-image-156876\" src=\"https:\/\/www.leccecronaca.it\/wordpress\/wp-content\/uploads\/2019\/07\/IMG-20190723-WA0017.jpg\" alt=\"\" width=\"836\" height=\"830\" srcset=\"https:\/\/www.leccecronaca.it\/wordpress\/wp-content\/uploads\/2019\/07\/IMG-20190723-WA0017.jpg 836w, https:\/\/www.leccecronaca.it\/wordpress\/wp-content\/uploads\/2019\/07\/IMG-20190723-WA0017-300x298.jpg 300w, https:\/\/www.leccecronaca.it\/wordpress\/wp-content\/uploads\/2019\/07\/IMG-20190723-WA0017-150x150.jpg 150w, https:\/\/www.leccecronaca.it\/wordpress\/wp-content\/uploads\/2019\/07\/IMG-20190723-WA0017-768x762.jpg 768w, https:\/\/www.leccecronaca.it\/wordpress\/wp-content\/uploads\/2019\/07\/IMG-20190723-WA0017-60x60.jpg 60w\" sizes=\"(max-width: 836px) 100vw, 836px\" \/>(Rdl)_______Dopo il grande successo della &#8220;Notte bianca dei Bambini&#8221;, l&#8217;evento che ha dato avvio al folto calendario dell&#8217;Estate Copertinese, svoltosi ieri sera in Piazza del Popolo con grande entusiasmo e partecipazione di pubblico, questa sera si replica, spostando la location nell&#8217;area antistante la Chiesa di Santa Maria di Casole, che sorge a pochi chilometri dal centro abitato di Copertino, con annessi i resti dell&#8217;antico convento.<\/p>\n<p>Questa affascinante chiesa \u00e8 nata per mano dei monaci basiliani nel quinto secolo dopo Cristo e fa parte da sempre del tessuto sociale e storico copertinese.<\/p>\n<p>Il luogo, carico di un particolare fascino antico, ritorna a essere, come nella prima edizione, \u201cUna Chiesa ed il suo Cielo\u201d, sito ideale per l\u2019osservazione delle stelle.<br \/>\nL\u2019associazione Laboratorio di Idee Vico Serpe , infatti, propone ancora una volta, con il patrocinio del Comune di Copertino, il connubio perfetto tra musica, stelle e storia.<\/p>\n<p>L\u2019appuntamento \u00e8 per questa sera, a partire dalle ore 21:00. Per l&#8217;occasione la chiesa sar\u00e0 aperta al pubblico e una guida racconter\u00e0 la sua storia, crocevia di sapere, santit\u00e0, luogo di silenzio e studio.<\/p>\n<p>Durante la serata sar\u00e0 possibile degustare prodotti tipici locali e ascoltare dell\u2019ottima musica.<\/p>\n<p><img decoding=\"async\" loading=\"lazy\" class=\"alignnone size-full wp-image-156875\" src=\"https:\/\/www.leccecronaca.it\/wordpress\/wp-content\/uploads\/2019\/07\/IMG-20190722-WA0010.jpg\" alt=\"\" width=\"1120\" height=\"1600\" srcset=\"https:\/\/www.leccecronaca.it\/wordpress\/wp-content\/uploads\/2019\/07\/IMG-20190722-WA0010.jpg 1120w, https:\/\/www.leccecronaca.it\/wordpress\/wp-content\/uploads\/2019\/07\/IMG-20190722-WA0010-210x300.jpg 210w, https:\/\/www.leccecronaca.it\/wordpress\/wp-content\/uploads\/2019\/07\/IMG-20190722-WA0010-717x1024.jpg 717w, https:\/\/www.leccecronaca.it\/wordpress\/wp-content\/uploads\/2019\/07\/IMG-20190722-WA0010-768x1097.jpg 768w, https:\/\/www.leccecronaca.it\/wordpress\/wp-content\/uploads\/2019\/07\/IMG-20190722-WA0010-1075x1536.jpg 1075w\" sizes=\"(max-width: 1120px) 100vw, 1120px\" \/><\/p>\n<fb:like href='https:\/\/www.leccecronaca.it\/index.php\/2019\/07\/26\/una-chiesa-e-il-suo-cielo-questa-sera-a-copertino-protagoniste-le-stelle\/' send='true' layout='button_count' show_faces='true' width='450' height='65' action='recommend' colorscheme='light' font='lucida grande'><\/fb:like><span class=\"fb_share\"><fb:like href=\"https:\/\/www.leccecronaca.it\/index.php\/2019\/07\/26\/una-chiesa-e-il-suo-cielo-questa-sera-a-copertino-protagoniste-le-stelle\/\" layout=\"button_count\"><\/fb:like><\/span>","protected":false},"excerpt":{"rendered":"<p>(Rdl)_______Dopo il grande successo della &#8220;Notte bianca dei Bambini&#8221;, l&#8217;evento che ha dato avvio al folto calendario dell&#8217;Estate Copertinese, svoltosi ieri sera in Piazza del Popolo con grande entusiasmo e partecipazione di pubblico, questa sera si replica, spostando la location nell&#8217;area antistante la Chiesa di Santa Maria di Casole, che sorge a pochi chilometri dal [&hellip;]<\/p>\n","protected":false},"author":4,"featured_media":156876,"comment_status":"open","ping_status":"closed","sticky":false,"template":"","format":"standard","meta":[],"categories":[31,75],"tags":[],"_links":{"self":[{"href":"https:\/\/www.leccecronaca.it\/index.php\/wp-json\/wp\/v2\/posts\/156874"}],"collection":[{"href":"https:\/\/www.leccecronaca.it\/index.php\/wp-json\/wp\/v2\/posts"}],"about":[{"href":"https:\/\/www.leccecronaca.it\/index.php\/wp-json\/wp\/v2\/types\/post"}],"author":[{"embeddable":true,"href":"https:\/\/www.leccecronaca.it\/index.php\/wp-json\/wp\/v2\/users\/4"}],"replies":[{"embeddable":true,"href":"https:\/\/www.leccecronaca.it\/index.php\/wp-json\/wp\/v2\/comments?post=156874"}],"version-history":[{"count":3,"href":"https:\/\/www.leccecronaca.it\/index.php\/wp-json\/wp\/v2\/posts\/156874\/revisions"}],"predecessor-version":[{"id":156879,"href":"https:\/\/www.leccecronaca.it\/index.php\/wp-json\/wp\/v2\/posts\/156874\/revisions\/156879"}],"wp:featuredmedia":[{"embeddable":true,"href":"https:\/\/www.leccecronaca.it\/index.php\/wp-json\/wp\/v2\/media\/156876"}],"wp:attachment":[{"href":"https:\/\/www.leccecronaca.it\/index.php\/wp-json\/wp\/v2\/media?parent=156874"}],"wp:term":[{"taxonomy":"category","embeddable":true,"href":"https:\/\/www.leccecronaca.it\/index.php\/wp-json\/wp\/v2\/categories?post=156874"},{"taxonomy":"post_tag","embeddable":true,"href":"https:\/\/www.leccecronaca.it\/index.php\/wp-json\/wp\/v2\/tags?post=156874"}],"curies":[{"name":"wp","href":"https:\/\/api.w.org\/{rel}","templated":true}]}}