{"id":156884,"date":"2019-07-26T14:38:34","date_gmt":"2019-07-26T12:38:34","guid":{"rendered":"http:\/\/www.leccecronaca.it\/?p=156884"},"modified":"2019-07-26T14:47:08","modified_gmt":"2019-07-26T12:47:08","slug":"la-notte-della-taranta-contaminata-e-snaturata-il-ruolo-politico-ed-economico-della-regione-come-leccecronaca-it-anche-il-consigliere-regionale-del-m5s-tony-trevisi-per-anni-ha-fatto-tante-doman","status":"publish","type":"post","link":"https:\/\/www.leccecronaca.it\/index.php\/2019\/07\/26\/la-notte-della-taranta-contaminata-e-snaturata-il-ruolo-politico-ed-economico-della-regione-come-leccecronaca-it-anche-il-consigliere-regionale-del-m5s-tony-trevisi-per-anni-ha-fatto-tante-doman\/","title":{"rendered":"LA NOTTE DELLA TARANTA &#8216;SNATURATA&#8217;. IL RUOLO DELLA REGIONE. COME leccecronaca.it ANCHE IL CONSIGLIERE REGIONALE DEL M5S TONY TREVISI, ORA LEGGERMENTE ALTERATO, HA FATTO TANTE DOMANDE E NON HA AVUTO NESSUNA RISPOSTA. LUI PERO&#8217; PER LEGGE HA DIRITTO ALL&#8217;ACCESSO AGLI ATTI. GUARDI LE CARTE, E POI CI DICA&#8230;"},"content":{"rendered":"<p><img decoding=\"async\" loading=\"lazy\" class=\"wp-image-156885\" src=\"https:\/\/www.leccecronaca.it\/wordpress\/wp-content\/uploads\/2019\/07\/massimo-manera-con-michele-emiliano-nella-conferenza-stampa-del-25-agosto-2017.jpg\" alt=\"\" width=\"800\" height=\"605\" srcset=\"https:\/\/www.leccecronaca.it\/wordpress\/wp-content\/uploads\/2019\/07\/massimo-manera-con-michele-emiliano-nella-conferenza-stampa-del-25-agosto-2017.jpg 513w, https:\/\/www.leccecronaca.it\/wordpress\/wp-content\/uploads\/2019\/07\/massimo-manera-con-michele-emiliano-nella-conferenza-stampa-del-25-agosto-2017-300x227.jpg 300w\" sizes=\"(max-width: 800px) 100vw, 800px\" \/><\/p>\n<p>Riceviamo e volentieri pubblichiamo. Il consigliere regionale del M5S Antonio Trevisi ci manda il seguente comunicato (nella foto di copertina, il presidente della Regione Puglia Michele Emiliano e il presidente della Fondazione Massimo Manera)_______<\/p>\n<p><em>\u201cOrmai l\u2019intento con cui \u00e8 nata la Notte della Taranta \u00e8 stato del tutto snaturato. Oggi assistiamo a una deriva sempre pi\u00f9 commerciale che nulla ha a che vedere con la valorizzazione del patrimonio culturale del nostro territorio. Per questo, continuo a chiedere in che termini, anche economici, la Regione Puglia abbia\u00a0 contribuito alla realizzazione della manifestazione e quale ruolo ricoprano oggi il Consiglio di Amministrazione ed il Comitato Scientifico nell\u2019organizzazione della manifestazione\u201d. <\/em><\/p>\n<p>Cos\u00ec il consigliere del Movimento 5 Stelle Antonio Trevisi, che gi\u00e0 nel 2016 aveva depositato un\u2019interrogazione rivolta all\u2019assessore al Bilancio, Raffaele Piemontese e all\u2019allora assessore allo Sviluppo economico, Loredana Capone\u00a0 e che oggi, a distanza di anni continua a non avere risposte e per questo presenter\u00e0 nei prossimi giorni una nuova interrogazione e una richiesta di accesso agli atti.<\/p>\n<p>La Regione \u00e8 socio della Fondazione \u201cNotte della Taranta\u201d ma dopo le dimissioni del consigliere regionale Sergio Blasi nel 2015 non ha designato il suo rappresentante in seno al consiglio di amministrazione della Fondazione.<\/p>\n<p>&nbsp;<\/p>\n<p><em>\u201c\u00c8 singolare che la Regione ancora oggi non abbia una rappresentanza nella Fondazione. Una Fondazione che contribuisce all\u2019immagine del nostro territorio e che oggi sta snaturando la parte culturale e identitaria della manifestazione a vantaggio unicamente di un settore commerciale. Come risulta inoltre emarginato<\/em> &#8211; rileva il consigliere &#8211;<em> il consiglio scientifico, nominato nel 2012, da cui nel 2016 si sono dimessi Eugenio Imbriani e Sandro Cappelletto, accusando i vertici della Fondazione di disinteresse nei confronti della realizzazione di iniziative culturali proposte dal Consiglio ed affermando che \u2018il gigantismo del festival divora la quasi totalit\u00e0 delle risorse della Fondazione\u2019. <\/em><\/p>\n<p><em>Si riscontra inoltre una composizione anomala del CdA della Fondazione Notte della Taranta, oggi costituito solo da tre membri, tutti sindaci di comuni afferenti ad un unico e solo socio della fondazione (l&#8217;Unione dei Comuni della Grecia Salentina). Tre sindaci per altro che, secondo la legge Madia, non potrebbero sedere e deliberare\u00a0 in quel Consiglio d&#8217;amministrazione\u201d.\u00a0<\/em><\/p>\n<p>\u00c8 necessario fare chiarezza anche alla luce delle recenti dichiarazioni della senatrice Borgonzoni che nella conferenza stampa dello scorso 9 luglio al Mibac ha annunciato la volont\u00e0 del ministero di candidare la pizzica all\u2019iscrizione nel patrimonio culturale immateriale dell\u2019Unesco.<\/p>\n<p><em>\u201cUn approfondimento da parte della Regione mi sembra dovuto<\/em> &#8211; conclude Trevisi &#8211; <em>non possiamo permettere che questa manifestazione perda i valori per cui \u00e8 nata\u201d.\u00a0_______\u00a0<\/em><\/p>\n<p>L&#8217; APPROFONDIMENTO nei nostri tre ultimi articoli, del 4, 25 e 26 giugno corsi<\/p>\n<blockquote class=\"wp-embedded-content\" data-secret=\"x2B9AyHMTe\"><p><a href=\"https:\/\/www.leccecronaca.it\/index.php\/2019\/06\/04\/de-martino-e-belen-massimo-manera-risponda-per-favore\/\">LA BRILLANTE IDEA DI PORTARE BELEN E DE MARTINO AL CONCERTONE: MASSIMO MANERA RISPONDA, PER FAVORE<\/a><\/p><\/blockquote>\n<p><iframe class=\"wp-embedded-content\" sandbox=\"allow-scripts\" security=\"restricted\" style=\"position: absolute; clip: rect(1px, 1px, 1px, 1px);\" src=\"https:\/\/www.leccecronaca.it\/index.php\/2019\/06\/04\/de-martino-e-belen-massimo-manera-risponda-per-favore\/embed\/#?secret=x2B9AyHMTe\" data-secret=\"x2B9AyHMTe\" width=\"500\" height=\"282\" title=\"&#8220;LA BRILLANTE IDEA DI PORTARE BELEN E DE MARTINO AL CONCERTONE: MASSIMO MANERA RISPONDA, PER FAVORE&#8221; &#8212; LecceCronaca.it\" frameborder=\"0\" marginwidth=\"0\" marginheight=\"0\" scrolling=\"no\"><\/iframe><\/p>\n<p>&nbsp;<\/p>\n<blockquote class=\"wp-embedded-content\" data-secret=\"eNbHdY7fg5\"><p><a href=\"https:\/\/www.leccecronaca.it\/index.php\/2019\/06\/25\/stilisti-milanesi-e-banchieri-torinesi-dirette-rai-in-stile-isola-dei-famosi-iniziative-sedicenti-ambientali-con-i-soldi-dei-cittadini-contaminazione-dopo-contaminazione-ora-non-solo-piu-musica\/\">STILISTI MILANESI E BANCHIERI TORINESI. DIRETTE RAI IN STILE ISOLA DEI FAMOSI. INIZIATIVE SEDICENTI AMBIENTALI, CON I SOLDI DEI CITTADINI. CONTAMINAZIONE DOPO CONTAMINAZIONE, ORA NON SOLO PIU&#8217; MUSICALI, LA SCONFORTANTE DERIVA DELLA NOTTE DELLA TARANTA PARE INARRESTABILE. MA PER MASSIMO MANERA VA BENE COSI&#8217;<\/a><\/p><\/blockquote>\n<p><iframe class=\"wp-embedded-content\" sandbox=\"allow-scripts\" security=\"restricted\" style=\"position: absolute; clip: rect(1px, 1px, 1px, 1px);\" src=\"https:\/\/www.leccecronaca.it\/index.php\/2019\/06\/25\/stilisti-milanesi-e-banchieri-torinesi-dirette-rai-in-stile-isola-dei-famosi-iniziative-sedicenti-ambientali-con-i-soldi-dei-cittadini-contaminazione-dopo-contaminazione-ora-non-solo-piu-musica\/embed\/#?secret=eNbHdY7fg5\" data-secret=\"eNbHdY7fg5\" width=\"500\" height=\"282\" title=\"&#8220;STILISTI MILANESI E BANCHIERI TORINESI. DIRETTE RAI IN STILE ISOLA DEI FAMOSI. INIZIATIVE SEDICENTI AMBIENTALI, CON I SOLDI DEI CITTADINI. CONTAMINAZIONE DOPO CONTAMINAZIONE, ORA NON SOLO PIU&#8217; MUSICALI, LA SCONFORTANTE DERIVA DELLA NOTTE DELLA TARANTA PARE INARRESTABILE. MA PER MASSIMO MANERA VA BENE COSI&#8217;&#8221; &#8212; LecceCronaca.it\" frameborder=\"0\" marginwidth=\"0\" marginheight=\"0\" scrolling=\"no\"><\/iframe><\/p>\n<blockquote class=\"wp-embedded-content\" data-secret=\"kjJvqo80iW\"><p><a href=\"https:\/\/www.leccecronaca.it\/index.php\/2019\/06\/26\/angelo-cruciani\/\">&#8220;Vivo fra Los Angeles, Shangai e Milano&#8230;Tutto il mondo \u00e8 casa mia. E nel Salento ci vengo in vacanza&#8230;&#8221;. leccecronaca.it HA INTERVISTATO IN ESCLUSIVA ANGELO CRUCIANI, LO STILISTA INTERNAZIONALE AUTORE DELLE T -SHIRT UFFICIALI DELLA NOTTE DELLA TARANTA<\/a><\/p><\/blockquote>\n<p><iframe class=\"wp-embedded-content\" sandbox=\"allow-scripts\" security=\"restricted\" style=\"position: absolute; clip: rect(1px, 1px, 1px, 1px);\" src=\"https:\/\/www.leccecronaca.it\/index.php\/2019\/06\/26\/angelo-cruciani\/embed\/#?secret=kjJvqo80iW\" data-secret=\"kjJvqo80iW\" width=\"500\" height=\"282\" title=\"&#8220;&#8220;Vivo fra Los Angeles, Shangai e Milano&#8230;Tutto il mondo \u00e8 casa mia. E nel Salento ci vengo in vacanza&#8230;&#8221;. leccecronaca.it HA INTERVISTATO IN ESCLUSIVA ANGELO CRUCIANI, LO STILISTA INTERNAZIONALE AUTORE DELLE T -SHIRT UFFICIALI DELLA NOTTE DELLA TARANTA&#8221; &#8212; LecceCronaca.it\" frameborder=\"0\" marginwidth=\"0\" marginheight=\"0\" scrolling=\"no\"><\/iframe><\/p>\n<fb:like href='https:\/\/www.leccecronaca.it\/index.php\/2019\/07\/26\/la-notte-della-taranta-contaminata-e-snaturata-il-ruolo-politico-ed-economico-della-regione-come-leccecronaca-it-anche-il-consigliere-regionale-del-m5s-tony-trevisi-per-anni-ha-fatto-tante-doman\/' send='true' layout='button_count' show_faces='true' width='450' height='65' action='recommend' colorscheme='light' font='lucida grande'><\/fb:like><span class=\"fb_share\"><fb:like href=\"https:\/\/www.leccecronaca.it\/index.php\/2019\/07\/26\/la-notte-della-taranta-contaminata-e-snaturata-il-ruolo-politico-ed-economico-della-regione-come-leccecronaca-it-anche-il-consigliere-regionale-del-m5s-tony-trevisi-per-anni-ha-fatto-tante-doman\/\" layout=\"button_count\"><\/fb:like><\/span>","protected":false},"excerpt":{"rendered":"<p>Riceviamo e volentieri pubblichiamo. Il consigliere regionale del M5S Antonio Trevisi ci manda il seguente comunicato (nella foto di copertina, il presidente della Regione Puglia Michele Emiliano e il presidente della Fondazione Massimo Manera)_______ \u201cOrmai l\u2019intento con cui \u00e8 nata la Notte della Taranta \u00e8 stato del tutto snaturato. Oggi assistiamo a una deriva sempre [&hellip;]<\/p>\n","protected":false},"author":4,"featured_media":156885,"comment_status":"open","ping_status":"closed","sticky":false,"template":"","format":"standard","meta":[],"categories":[69,31,76],"tags":[],"_links":{"self":[{"href":"https:\/\/www.leccecronaca.it\/index.php\/wp-json\/wp\/v2\/posts\/156884"}],"collection":[{"href":"https:\/\/www.leccecronaca.it\/index.php\/wp-json\/wp\/v2\/posts"}],"about":[{"href":"https:\/\/www.leccecronaca.it\/index.php\/wp-json\/wp\/v2\/types\/post"}],"author":[{"embeddable":true,"href":"https:\/\/www.leccecronaca.it\/index.php\/wp-json\/wp\/v2\/users\/4"}],"replies":[{"embeddable":true,"href":"https:\/\/www.leccecronaca.it\/index.php\/wp-json\/wp\/v2\/comments?post=156884"}],"version-history":[{"count":7,"href":"https:\/\/www.leccecronaca.it\/index.php\/wp-json\/wp\/v2\/posts\/156884\/revisions"}],"predecessor-version":[{"id":156892,"href":"https:\/\/www.leccecronaca.it\/index.php\/wp-json\/wp\/v2\/posts\/156884\/revisions\/156892"}],"wp:featuredmedia":[{"embeddable":true,"href":"https:\/\/www.leccecronaca.it\/index.php\/wp-json\/wp\/v2\/media\/156885"}],"wp:attachment":[{"href":"https:\/\/www.leccecronaca.it\/index.php\/wp-json\/wp\/v2\/media?parent=156884"}],"wp:term":[{"taxonomy":"category","embeddable":true,"href":"https:\/\/www.leccecronaca.it\/index.php\/wp-json\/wp\/v2\/categories?post=156884"},{"taxonomy":"post_tag","embeddable":true,"href":"https:\/\/www.leccecronaca.it\/index.php\/wp-json\/wp\/v2\/tags?post=156884"}],"curies":[{"name":"wp","href":"https:\/\/api.w.org\/{rel}","templated":true}]}}