{"id":157206,"date":"2019-08-04T20:00:10","date_gmt":"2019-08-04T18:00:10","guid":{"rendered":"http:\/\/www.leccecronaca.it\/?p=157206"},"modified":"2019-08-05T17:47:10","modified_gmt":"2019-08-05T15:47:10","slug":"attenti-a-non-prendere-un-granchio-azzurro","status":"publish","type":"post","link":"https:\/\/www.leccecronaca.it\/index.php\/2019\/08\/04\/attenti-a-non-prendere-un-granchio-azzurro\/","title":{"rendered":"ATTENTI A NON PRENDERE UN GRANCHIO (AZZURRO)"},"content":{"rendered":"<p><img decoding=\"async\" loading=\"lazy\" class=\"alignnone size-full wp-image-157207\" src=\"https:\/\/www.leccecronaca.it\/wordpress\/wp-content\/uploads\/2019\/08\/Granchio-azzurro.jpeg\" alt=\"\" width=\"1035\" height=\"1072\" srcset=\"https:\/\/www.leccecronaca.it\/wordpress\/wp-content\/uploads\/2019\/08\/Granchio-azzurro.jpeg 1035w, https:\/\/www.leccecronaca.it\/wordpress\/wp-content\/uploads\/2019\/08\/Granchio-azzurro-290x300.jpeg 290w, https:\/\/www.leccecronaca.it\/wordpress\/wp-content\/uploads\/2019\/08\/Granchio-azzurro-989x1024.jpeg 989w, https:\/\/www.leccecronaca.it\/wordpress\/wp-content\/uploads\/2019\/08\/Granchio-azzurro-768x795.jpeg 768w\" sizes=\"(max-width: 1035px) 100vw, 1035px\" \/>Riceviamo e volentieri pubblichiamo. ATA -PC ci manda il seguente comunicato_______<\/p>\n<p>A dare l\u2019allarme \u00e8 la Vice Presidente dell\u2019Associazione ATA-PC Lecce, la dott.ssa Primula Meo, che da oltre 10 anni si occupa attivamente di salvaguardia dell&#8217;ambiente e protezione degli animali.<\/p>\n<p>Dopo aver ricevuto numerose segnalazioni da parte dei bagnanti che hanno avvistato il famigerato \u201cGranchio azzurro\u201d sulla riva delle spiagge di Torre Rinalda e Spiaggiabella, e conoscendo l&#8217;aggressivit\u00e0 di questa specie aliena che, a causa dell&#8217;intensificarsi del traffico marittimo trans-oceanico e dell\u2019aumento della temperatura, sta colonizzando il nostro mare \u2013 afferma Primula Meo \u2013 ho ritenuto opportuno segnalarne la presenza nelle marine leccesi agli organi di stampa affinch\u00e9 i bagnanti prestino molta attenzione, controllando soprattutto i bambini che, scambiandolo per un comune granchio autoctono, potrebbero ferirsi sia per la forza con cui stringe le sue chele taglienti sia per la presenza di spine acuminate sul carapace.<\/p>\n<p>Purtroppo \u2013 continua la Dott.ssa Meo \u2013 il \u201cGranchio azzurro\u201d \u00e8 una specie aliena che ha invaso il Mar Mediterraneo e minaccia la biodiversit\u00e0 autoctona in quanto \u00e8 in grado di predare altri crostacei, molluschi, pesci e, addirittura, distruggere le reti e altra attrezzatura di pesca.<\/p>\n<p>Il Dott. Maurizio Pinna, ricercatore di ecologia dell\u2019Universit\u00e0 del Salento e coordinatore scientifico del progetto Interreg-Adrion denominato IMPRECO, contattato per l\u2019occasione dalla dott.ssa Meo, ha confermato quanto gi\u00e0 sopra esposto e ha aggiunto che \u201cla presenza nel Mare Adriatico del granchio alieno proveniente dal Golfo del Messico -Callinectes sapidus- non \u00e8 una novit\u00e0. L&#8217;aumento della temperatura e l&#8217;assenza di predatori naturali facilitano la capacit\u00e0 di questa specie di incrementare la propria densit\u00e0 ed estendere l&#8217;areale di distribuzione fino ad invadere anche le zone di balneazione. Lungo le coste di Grecia e Albania, il Granchio azzurro \u00e9 ormai una forte minaccia per il mantenimento della biodiversit\u00e0 autoctona e per la pesca, principale servizio ecosistemico per la popolazione costiera di questi Paesi. Per questi motivi si stanno predisponendo le prime azioni pilota rivolte alla mitigazione degli impatti negativi di questa specie aliena. Nel Salento la presenza del Granchio azzurro \u00e8 ben conosciuta e studiata negli ambienti acquatici di transizione, come ad esempio nella Laguna di Acquatina, ma dalle recenti segnalazioni non si pu\u00f2 escludere che possa determinare impatti negativi anche su altri servizi ecosistemici, arrecando fastidio a bagnanti e turisti non adeguatamente informati\u201d.<\/p>\n<p>Per cui \u2013 conclude Primula Meo \u2013 si consiglia di elevare il livello di attenzione e continuare a segnalare eventuali ulteriori avvistamenti alla mail atapc.lecce@yahoo.com allegando una foto.<\/p>\n<fb:like href='https:\/\/www.leccecronaca.it\/index.php\/2019\/08\/04\/attenti-a-non-prendere-un-granchio-azzurro\/' send='true' layout='button_count' show_faces='true' width='450' height='65' action='recommend' colorscheme='light' font='lucida grande'><\/fb:like><span class=\"fb_share\"><fb:like href=\"https:\/\/www.leccecronaca.it\/index.php\/2019\/08\/04\/attenti-a-non-prendere-un-granchio-azzurro\/\" layout=\"button_count\"><\/fb:like><\/span>","protected":false},"excerpt":{"rendered":"<p>Riceviamo e volentieri pubblichiamo. ATA -PC ci manda il seguente comunicato_______ A dare l\u2019allarme \u00e8 la Vice Presidente dell\u2019Associazione ATA-PC Lecce, la dott.ssa Primula Meo, che da oltre 10 anni si occupa attivamente di salvaguardia dell&#8217;ambiente e protezione degli animali. Dopo aver ricevuto numerose segnalazioni da parte dei bagnanti che hanno avvistato il famigerato \u201cGranchio [&hellip;]<\/p>\n","protected":false},"author":4,"featured_media":157207,"comment_status":"open","ping_status":"closed","sticky":false,"template":"","format":"standard","meta":[],"categories":[69,36],"tags":[],"_links":{"self":[{"href":"https:\/\/www.leccecronaca.it\/index.php\/wp-json\/wp\/v2\/posts\/157206"}],"collection":[{"href":"https:\/\/www.leccecronaca.it\/index.php\/wp-json\/wp\/v2\/posts"}],"about":[{"href":"https:\/\/www.leccecronaca.it\/index.php\/wp-json\/wp\/v2\/types\/post"}],"author":[{"embeddable":true,"href":"https:\/\/www.leccecronaca.it\/index.php\/wp-json\/wp\/v2\/users\/4"}],"replies":[{"embeddable":true,"href":"https:\/\/www.leccecronaca.it\/index.php\/wp-json\/wp\/v2\/comments?post=157206"}],"version-history":[{"count":2,"href":"https:\/\/www.leccecronaca.it\/index.php\/wp-json\/wp\/v2\/posts\/157206\/revisions"}],"predecessor-version":[{"id":157240,"href":"https:\/\/www.leccecronaca.it\/index.php\/wp-json\/wp\/v2\/posts\/157206\/revisions\/157240"}],"wp:featuredmedia":[{"embeddable":true,"href":"https:\/\/www.leccecronaca.it\/index.php\/wp-json\/wp\/v2\/media\/157207"}],"wp:attachment":[{"href":"https:\/\/www.leccecronaca.it\/index.php\/wp-json\/wp\/v2\/media?parent=157206"}],"wp:term":[{"taxonomy":"category","embeddable":true,"href":"https:\/\/www.leccecronaca.it\/index.php\/wp-json\/wp\/v2\/categories?post=157206"},{"taxonomy":"post_tag","embeddable":true,"href":"https:\/\/www.leccecronaca.it\/index.php\/wp-json\/wp\/v2\/tags?post=157206"}],"curies":[{"name":"wp","href":"https:\/\/api.w.org\/{rel}","templated":true}]}}