{"id":157273,"date":"2019-08-07T11:43:25","date_gmt":"2019-08-07T09:43:25","guid":{"rendered":"http:\/\/www.leccecronaca.it\/?p=157273"},"modified":"2019-08-07T14:57:18","modified_gmt":"2019-08-07T12:57:18","slug":"sveglia-lecce-da-lista-civica-a-movimento-politico","status":"publish","type":"post","link":"https:\/\/www.leccecronaca.it\/index.php\/2019\/08\/07\/sveglia-lecce-da-lista-civica-a-movimento-politico\/","title":{"rendered":"SVEGLIA LECCE, DA LISTA CIVICA A MOVIMENTO POLITICO"},"content":{"rendered":"<p><img decoding=\"async\" loading=\"lazy\" class=\"alignnone size-full wp-image-157274\" src=\"https:\/\/www.leccecronaca.it\/wordpress\/wp-content\/uploads\/2019\/08\/GO.jpg\" alt=\"\" width=\"830\" height=\"830\" srcset=\"https:\/\/www.leccecronaca.it\/wordpress\/wp-content\/uploads\/2019\/08\/GO.jpg 830w, https:\/\/www.leccecronaca.it\/wordpress\/wp-content\/uploads\/2019\/08\/GO-300x300.jpg 300w, https:\/\/www.leccecronaca.it\/wordpress\/wp-content\/uploads\/2019\/08\/GO-150x150.jpg 150w, https:\/\/www.leccecronaca.it\/wordpress\/wp-content\/uploads\/2019\/08\/GO-768x768.jpg 768w, https:\/\/www.leccecronaca.it\/wordpress\/wp-content\/uploads\/2019\/08\/GO-60x60.jpg 60w\" sizes=\"(max-width: 830px) 100vw, 830px\" \/>Riceviamo e volentieri pubblichiamo. Il consigliere comunale di Sveglia Lecce Giovanni Occhineri\u00a0 (nella foto) ci scrive_______<\/p>\n<p>Due anni fa, quando mi fu chiesto di candidarmi, non pensavo che sarei stato uno degli attori protagonisti di un vero e proprio fenomeno politico \u201ccivico\u201c che, a Lecce, avrebbe poi fatto la storia.<br \/>\nSveglia Lecce \u00e8 nata da un\u2019intuizione politica di Alessandro Delli Noci che ha intravisto la voglia dei giovani leccesi di essere attivi nella vita amministrativa della citt\u00e0 e che, al contempo, ha capito che i cittadini avevano necessit\u00e0 di vedere all\u2019opera nuovi volti, contrapposti alle vecchie logiche partitocratiche dei soliti noti.<\/p>\n<p>Dopo un primo risultato, quello del 2017, entusiasmante,\u00a0oggi\u00a0Sveglia Lecce \u00e8 una realt\u00e0 affermata, avendo conseguito nelle elezioni che si sono appena concluse, un risultato straordinario, un 5% che nessuno degli addetti ai lavori si poteva aspettare; la rappresentanza che\u00a0oggi\u00a0la nostra formazione porta all\u2019interno dell\u2019amministrazione comunale, con l\u2019ingresso di due Consiglieri e con la nomina di un Assessore, \u00e8 il manifesto di una nuova classe dirigente che avanza e che si afferma, frutto di un lavoro che, in soli due anni, l\u2019associazione Sveglia Lecce ha svolto, in campo sociale e politico, con dedizione e passione.<\/p>\n<p>L\u2019attenzione dimostrata verso le categorie pi\u00f9 deboli e verso gli stati di necessit\u00e0 pi\u00f9 urgenti ha messo in luce una nuova sensibilit\u00e0, un nuovo modo di intendere la politica che ha attratto nuova linfa, ha generato un bel capitale umano che, all\u2019interno della lista messa in campo alle scorse elezioni, ha fatto la differenza.<\/p>\n<p>Anche sul piano personale, essere\u00a0oggi\u00a0Consigliere comunale, dopo l\u2019esperienza da presidente di Sveglia Lecce, rappresenta il frutto del lavoro di quegli amici dell\u2019associazione che hanno dedicato il loro tempo, con la sola voglia di poter avanzare proposte utili alla collettivit\u00e0.<br \/>\nOggi\u00a0Sveglia Lecce, con l\u2019entusiasmo dei nuovi arrivati che subito hanno voluto abbracciare la nostra realt\u00e0 civica, nella totale trasversalit\u00e0 rispetto alle posizioni politiche tradizionalmente intese, si appresta a diventare Movimento Politico, pronto ad affermare e consolidare i principi della solidariet\u00e0, della legalit\u00e0, della sostenibilit\u00e0 ambientale: ci\u00f2 che ci deve stare a cuore \u00e8 migliorare la qualit\u00e0 della vita dei nostri concittadini, oltre che la fruibilit\u00e0 di chiunque, a vario titolo, viva la citt\u00e0.<\/p>\n<p>Per tutto questo, sono orgoglioso di essere, all\u2019interno del Consiglio comunale,\u00a0Capogruppo\u00a0di questa formazione civica che continuer\u00e0 a far parlare di s\u00e9 per la bont\u00e0 delle proposte che verranno avanzate, anche e soprattutto con il sostegno di chi si impegna, in modo disinteressato ed entusiasmante, dietro le quinte.<\/p>\n<p>&nbsp;<\/p>\n<fb:like href='https:\/\/www.leccecronaca.it\/index.php\/2019\/08\/07\/sveglia-lecce-da-lista-civica-a-movimento-politico\/' send='true' layout='button_count' show_faces='true' width='450' height='65' action='recommend' colorscheme='light' font='lucida grande'><\/fb:like><span class=\"fb_share\"><fb:like href=\"https:\/\/www.leccecronaca.it\/index.php\/2019\/08\/07\/sveglia-lecce-da-lista-civica-a-movimento-politico\/\" layout=\"button_count\"><\/fb:like><\/span>","protected":false},"excerpt":{"rendered":"<p>Riceviamo e volentieri pubblichiamo. Il consigliere comunale di Sveglia Lecce Giovanni Occhineri\u00a0 (nella foto) ci scrive_______ Due anni fa, quando mi fu chiesto di candidarmi, non pensavo che sarei stato uno degli attori protagonisti di un vero e proprio fenomeno politico \u201ccivico\u201c che, a Lecce, avrebbe poi fatto la storia. Sveglia Lecce \u00e8 nata da [&hellip;]<\/p>\n","protected":false},"author":4,"featured_media":157274,"comment_status":"open","ping_status":"closed","sticky":false,"template":"","format":"standard","meta":[],"categories":[76,36],"tags":[],"_links":{"self":[{"href":"https:\/\/www.leccecronaca.it\/index.php\/wp-json\/wp\/v2\/posts\/157273"}],"collection":[{"href":"https:\/\/www.leccecronaca.it\/index.php\/wp-json\/wp\/v2\/posts"}],"about":[{"href":"https:\/\/www.leccecronaca.it\/index.php\/wp-json\/wp\/v2\/types\/post"}],"author":[{"embeddable":true,"href":"https:\/\/www.leccecronaca.it\/index.php\/wp-json\/wp\/v2\/users\/4"}],"replies":[{"embeddable":true,"href":"https:\/\/www.leccecronaca.it\/index.php\/wp-json\/wp\/v2\/comments?post=157273"}],"version-history":[{"count":2,"href":"https:\/\/www.leccecronaca.it\/index.php\/wp-json\/wp\/v2\/posts\/157273\/revisions"}],"predecessor-version":[{"id":157297,"href":"https:\/\/www.leccecronaca.it\/index.php\/wp-json\/wp\/v2\/posts\/157273\/revisions\/157297"}],"wp:featuredmedia":[{"embeddable":true,"href":"https:\/\/www.leccecronaca.it\/index.php\/wp-json\/wp\/v2\/media\/157274"}],"wp:attachment":[{"href":"https:\/\/www.leccecronaca.it\/index.php\/wp-json\/wp\/v2\/media?parent=157273"}],"wp:term":[{"taxonomy":"category","embeddable":true,"href":"https:\/\/www.leccecronaca.it\/index.php\/wp-json\/wp\/v2\/categories?post=157273"},{"taxonomy":"post_tag","embeddable":true,"href":"https:\/\/www.leccecronaca.it\/index.php\/wp-json\/wp\/v2\/tags?post=157273"}],"curies":[{"name":"wp","href":"https:\/\/api.w.org\/{rel}","templated":true}]}}