{"id":157702,"date":"2019-08-20T17:31:09","date_gmt":"2019-08-20T15:31:09","guid":{"rendered":"http:\/\/www.leccecronaca.it\/?p=157702"},"modified":"2019-08-20T19:14:49","modified_gmt":"2019-08-20T17:14:49","slug":"la-canzone-dellamore-perduto-conte-a-salvini-insieme-a-te-non-ci-sto-piu-salvini-a-conte-ricominciamo-anzi-no-renzi-io-vorrei-non-vorrei-ma-se-vuoi","status":"publish","type":"post","link":"https:\/\/www.leccecronaca.it\/index.php\/2019\/08\/20\/la-canzone-dellamore-perduto-conte-a-salvini-insieme-a-te-non-ci-sto-piu-salvini-a-conte-ricominciamo-anzi-no-renzi-io-vorrei-non-vorrei-ma-se-vuoi\/","title":{"rendered":"LA CANZONE DELL&#8217;AMORE PERDUTO. CONTE A SALVINI: INSIEME A TE NON CI STO PIU&#8217;. SALVINI A CONTE: RICOMINCIAMO. ANZI NO. RENZI: IO VORREI, NON VORREI, MA SE VUOI&#8230;QUESTO GOVERNO E&#8217; FINITO COSI&#8217;"},"content":{"rendered":"<p><img decoding=\"async\" loading=\"lazy\" class=\"alignnone wp-image-157703\" src=\"https:\/\/www.leccecronaca.it\/wordpress\/wp-content\/uploads\/2019\/08\/GC.jpg\" alt=\"\" width=\"800\" height=\"356\" srcset=\"https:\/\/www.leccecronaca.it\/wordpress\/wp-content\/uploads\/2019\/08\/GC.jpg 540w, https:\/\/www.leccecronaca.it\/wordpress\/wp-content\/uploads\/2019\/08\/GC-300x133.jpg 300w\" sizes=\"(max-width: 800px) 100vw, 800px\" \/>(g.p.)_______Finisce un&#8217;esperienza politica, crolla il governo, e volano gli stracci.<\/p>\n<p><em>&#8220;Il ministro dell\u2019Interno ha seguito un comportamento dettato da interessi personali e di partito<\/em>&#8220;, dice <strong>Giuseppe Conte<\/strong>, al primo affondo polemico del suo intervento, ha parlato per quasi un&#8217;ora, in apertura del dibattito in Senato sulla crisi politica, cominciato alle ore 15 e ancora in corso di svolgimento mentre scriviamo. Ma \u00e8 niente, rispetto a quello che gli dir\u00e0 subito dopo.<\/p>\n<p>La notizia \u00e8 quella data dallo stesso presidente del Consiglio: <em>&#8220;La mozione di sfiducia presentata, tanti comportamenti della Lega di questi giorni, mi impongono di interrompere qui questa esperienza di governo.<\/em><\/p>\n<p><em>Mi recher\u00f2 alla fine di questo dibattito dal presidente della Repubblica per rassegnargli le mie dimissioni&#8221;.<\/em><\/p>\n<p>Quindi non ci sar\u00e0 nessuna votazione su mozioni di sfiducia e con le dimissioni del primo ministro cadr\u00e0 l&#8217;intero esecutivo, che rimane per\u00f2 in carica, ministri compresi, per il disbrigo degli affari correnti, fino alla formazione del nuovo.<\/p>\n<p>Ma la sostanza del suo intervento \u00e8 stato un attacco durissimo a Matteo Salvini. Gli d\u00e0 del tu e lo\u00a0 sommerge di offese, lo chiama\u00a0incapace irresponsabile, irrispettoso, irriguardoso, autoritario,\u00a0 usurpatore, opportunista.<\/p>\n<p>Ma come?, dir\u00e0 pi\u00f9 tardi Ignazio La Russa, se davvero Salvini \u00e8 cos\u00ec, Conte ci ha messo quattordici mesi per accorgersene, e lo dice solo adesso?<\/p>\n<p>&nbsp;<\/p>\n<p>Ma Conte, puntiglioso, tignoso, ci \u00e8 andato gi\u00f9 duro, col suo vice:\u00a0&#8220;<em>Hai annunciato questa crisi chiedendo pieni poteri, e poi ti ho sentito evocare le piazze a tuo sostegno: beh, questa tua concezione mi preoccupa&#8221;<\/em>, \u00e8 una delle frasi pi\u00f9 pacate.<\/p>\n<p>E ancora: <em>&#8220;Hai fatto le consultazioni con le parti sociali da solo.<\/em><\/p>\n<p><em>Non ti sei presentato in Senato quando si discuteva della questione del tuo partito in Russia.<\/em><\/p>\n<p><em>E\u2019 sbagliato come fai tu accostare simboli religiosi a manifestazioni politiche<\/em>&#8220;.<\/p>\n<p>E via di questo passo.<\/p>\n<p>&nbsp;<\/p>\n<p>Subito dopo tocca a <strong>Matteo Salvini<\/strong>, che, con un chiaro significato simbolico, lascia i banchi del governo per andare a parlare da quelli del suo partito.<\/p>\n<p><em>&#8220;Rifarei tutto quello che ho fatto&#8221;<\/em>, inizia cos\u00ec, e poi prosegue: <em>&#8220;Chi ha paura del giudizio del popolo non \u00e8 un uomo libero, ha paura di mollare la poltrona, per rimetterla nelle mani degli elettori&#8221;.<\/em><\/p>\n<p>Replica e rilancia<em>: &#8220;I toni usati e le accuse lanciate non sono accettabili da parte di un presidente del Consiglio.La responsabilit\u00e0 della crisi sono di chi per mesi ha bloccato o ha tentato sistematicamente di bloccare le nostre iniziative&#8221;.<\/em><\/p>\n<p>E precisa: <em>&#8220;C\u2019era gi\u00e0 un accordo sottotraccia con il PD.\u00a0I vostri referenti sono la Merkel e Macron, il nostro unico interlocutore \u00e8 il popolo sovrano&#8221;<\/em>.<\/p>\n<p>Cita Cicerone sulla libert\u00e0, Virgilio sull\u2019amore, Giovanni Paolo II sulla fiducia.<\/p>\n<p>E conclude in nemmeno mezz&#8217;ora: <em>&#8220;Solo noi abbiamo un\u2019idea di futuro.<\/em><\/p>\n<p><em>C\u2019\u00e8 un accordo di potere e di spartizione.<\/em><\/p>\n<p><em>Se \u00e8 davvero cos\u00ec, ditelo. Se no, tagliamo prima i parlamentari, tagliamo le tasse, facciamo una manovra finanziaria coraggiosa, e poi andiamo a votare.<\/em><\/p>\n<p><em>Se invece volete andare a governare con Renzi, Boschi e Lotti, almeno ditelo, e spiegatelo agli Italiani&#8221;.<\/em><\/p>\n<p>&nbsp;<\/p>\n<p>Per terzo, e solo apparentemente \u00e8 un ordine parlamentare, in realt\u00e0 segna le posizioni in transito degli attori protagonisti di questa fase politica, parla <strong>Matteo Renzi<\/strong>.<\/p>\n<p>Si richiama, per spiegare l&#8217;atteggiamento del suo partito, ad una <em>&#8220;assunzione di responsabilit\u00e0 verso le istituzioni&#8221;<\/em>, e accusa: <em>&#8220;Quelli della Lega sono i responsabili del clima di odio che si \u00e8 diffuso nel Paese&#8221;<\/em>.\u00a0Cita il Vangelo secondo Matteo, sul dare a chi ha bisogno. E conclude: <em>&#8220;Occorre un governo che eviti l\u2019aumento dell\u2019 iva.\u00a0Non si pu\u00f2 andare a votare in autunno. C&#8217;\u00e8 un serio pericolo di recessione. Comunque siamo felici che sia finita l&#8217;esperienza di un governo populista&#8221;.<\/em><\/p>\n<p>Da questa sera il cerino ancora acceso sar\u00e0 nelle mani di Sergio Mattarella.<\/p>\n<p>&nbsp;<\/p>\n<p>&nbsp;<\/p>\n<p>&nbsp;<\/p>\n<p>&nbsp;<\/p>\n<p>&nbsp;<\/p>\n<p>&nbsp;<\/p>\n<p>&nbsp;<\/p>\n<p>&nbsp;<\/p>\n<p>&nbsp;<\/p>\n<p>&nbsp;<\/p>\n<p>&nbsp;<\/p>\n<p>&nbsp;<\/p>\n<fb:like href='https:\/\/www.leccecronaca.it\/index.php\/2019\/08\/20\/la-canzone-dellamore-perduto-conte-a-salvini-insieme-a-te-non-ci-sto-piu-salvini-a-conte-ricominciamo-anzi-no-renzi-io-vorrei-non-vorrei-ma-se-vuoi\/' send='true' layout='button_count' show_faces='true' width='450' height='65' action='recommend' colorscheme='light' font='lucida grande'><\/fb:like><span class=\"fb_share\"><fb:like href=\"https:\/\/www.leccecronaca.it\/index.php\/2019\/08\/20\/la-canzone-dellamore-perduto-conte-a-salvini-insieme-a-te-non-ci-sto-piu-salvini-a-conte-ricominciamo-anzi-no-renzi-io-vorrei-non-vorrei-ma-se-vuoi\/\" layout=\"button_count\"><\/fb:like><\/span>","protected":false},"excerpt":{"rendered":"<p>(g.p.)_______Finisce un&#8217;esperienza politica, crolla il governo, e volano gli stracci. &#8220;Il ministro dell\u2019Interno ha seguito un comportamento dettato da interessi personali e di partito&#8220;, dice Giuseppe Conte, al primo affondo polemico del suo intervento, ha parlato per quasi un&#8217;ora, in apertura del dibattito in Senato sulla crisi politica, cominciato alle ore 15 e ancora in [&hellip;]<\/p>\n","protected":false},"author":4,"featured_media":157703,"comment_status":"open","ping_status":"closed","sticky":false,"template":"","format":"standard","meta":[],"categories":[69,76],"tags":[],"_links":{"self":[{"href":"https:\/\/www.leccecronaca.it\/index.php\/wp-json\/wp\/v2\/posts\/157702"}],"collection":[{"href":"https:\/\/www.leccecronaca.it\/index.php\/wp-json\/wp\/v2\/posts"}],"about":[{"href":"https:\/\/www.leccecronaca.it\/index.php\/wp-json\/wp\/v2\/types\/post"}],"author":[{"embeddable":true,"href":"https:\/\/www.leccecronaca.it\/index.php\/wp-json\/wp\/v2\/users\/4"}],"replies":[{"embeddable":true,"href":"https:\/\/www.leccecronaca.it\/index.php\/wp-json\/wp\/v2\/comments?post=157702"}],"version-history":[{"count":8,"href":"https:\/\/www.leccecronaca.it\/index.php\/wp-json\/wp\/v2\/posts\/157702\/revisions"}],"predecessor-version":[{"id":157714,"href":"https:\/\/www.leccecronaca.it\/index.php\/wp-json\/wp\/v2\/posts\/157702\/revisions\/157714"}],"wp:featuredmedia":[{"embeddable":true,"href":"https:\/\/www.leccecronaca.it\/index.php\/wp-json\/wp\/v2\/media\/157703"}],"wp:attachment":[{"href":"https:\/\/www.leccecronaca.it\/index.php\/wp-json\/wp\/v2\/media?parent=157702"}],"wp:term":[{"taxonomy":"category","embeddable":true,"href":"https:\/\/www.leccecronaca.it\/index.php\/wp-json\/wp\/v2\/categories?post=157702"},{"taxonomy":"post_tag","embeddable":true,"href":"https:\/\/www.leccecronaca.it\/index.php\/wp-json\/wp\/v2\/tags?post=157702"}],"curies":[{"name":"wp","href":"https:\/\/api.w.org\/{rel}","templated":true}]}}