{"id":157759,"date":"2019-08-22T16:46:06","date_gmt":"2019-08-22T14:46:06","guid":{"rendered":"http:\/\/www.leccecronaca.it\/?p=157759"},"modified":"2019-08-22T16:52:10","modified_gmt":"2019-08-22T14:52:10","slug":"coldiretti-puglia-interviene-nuovamente-sugli-incendi","status":"publish","type":"post","link":"https:\/\/www.leccecronaca.it\/index.php\/2019\/08\/22\/coldiretti-puglia-interviene-nuovamente-sugli-incendi\/","title":{"rendered":"COLDIRETTI NUOVAMENTE SUI ROGHI DEGLI ULIVI"},"content":{"rendered":"<p><img decoding=\"async\" loading=\"lazy\" class=\"alignnone size-full wp-image-157760\" src=\"https:\/\/www.leccecronaca.it\/wordpress\/wp-content\/uploads\/2019\/08\/torce.jpg\" alt=\"\" width=\"540\" height=\"540\" srcset=\"https:\/\/www.leccecronaca.it\/wordpress\/wp-content\/uploads\/2019\/08\/torce.jpg 540w, https:\/\/www.leccecronaca.it\/wordpress\/wp-content\/uploads\/2019\/08\/torce-300x300.jpg 300w, https:\/\/www.leccecronaca.it\/wordpress\/wp-content\/uploads\/2019\/08\/torce-150x150.jpg 150w, https:\/\/www.leccecronaca.it\/wordpress\/wp-content\/uploads\/2019\/08\/torce-60x60.jpg 60w\" sizes=\"(max-width: 540px) 100vw, 540px\" \/>(Rdl)______Pubblichiamo qui di seguito integralmente il comunicato diffuso questa mattina tramite Facebook da Coldiretti Puglia. Lo facciamo seguire dai nostri tre ultimi articoli sulla questione specifica.\u00a0_______<\/p>\n<p>Nel solo mese di luglio sono stati 70 gli interventi dei VVF per sedare incendi in tutti i comuni della provincia di Lecce che hanno mandato in fumo 1300 ulivi, una corsa febbrile anche per questioni di sicurezza nelle aree rurali del Salento. A darne notizia \u00e8 Coldiretti Puglia sulla base dei dati ufficiali forniti dal Comando Provinciale dei Vigili del Fuoco di Lecce, secondo cui dei 1300 ulivi coinvolti negli incendi, il numero pi\u00f9 rilevante si concentra a Ugento, mentre sono andati distrutti 500 ulivi nel comune di Tricase in un unico rogo. Agli interventi effettuati dai VVF vanno sommati quelli della Protezione Civile che ha spento il rogo in un mese di 900 ulivi solo a Ugento, solo quelli di confine per arrestare gli incendi e non farli propagare nelle campagne vicine, mentre in pieno campo non riescono ad intervenire per scarsit\u00e0 di mezzi, spiega Coldiretti.<br \/>\n\u201cSono migliaia gli ulivi bruciati da maggio ad oggi in provinciale di Lecce nei campi abbandonati con gli alberi ormai secchi e morti per la Xylella, con un rilevante problema sicurezza nelle campagne abbandonate e piene di erbe infestanti secche\u201d, denuncia Savino Muraglia, presidente di Coldiretti Puglia. \u201cQuanto sta accadendo in provincia di Lecce \u00e8 vergognoso \u2013 aggiunge Muraglia &#8211; perch\u00e9 oltre ad aver subito un danno incalcolabile al patrimonio olivicolo, gli agricoltori non riescono ancora ad espiantare e reimpiantare per fanta interpretazioni del Decreto Emergenze in agricoltura che contiene tutte le deroghe ai vincoli che impedivano lo svellimento volontario delle piante morte per cui le campagne sono ormai abbandonate e il conseguente reimpianto\u201d, conclude il presidente Muraglia.<br \/>\n\u201cPer intervenire su un singolo albero andato a fuoco servono circa 300 litri d\u2019acqua\u201d, spiega Gianni Cantele, presidente di Coldiretti Lecce. \u201cLa vastit\u00e0 e numerosit\u00e0 degli incendi non \u00e8 gestibile con gli scarsi mezzi ordinari che vigili del fuoco e protezione civile hanno a disposizione. E\u2019 una situazione fuori controllo con il paesaggio lunare del Salento, dove campeggiano ulivi ormai morti da anni, che si sta trasformando nel girone dantesco dell\u2019inferno, dove le fiamme divampano per colpa dell\u2019abbandono in cui versano i campi pieni di sterpaglie e infestanti secche, riducendo gli ulivi in torce gigantesche\u201d, insiste il presidente Cantele.<br \/>\n\u201cGli agricoltori chiedono da anni interventi decisi per espiantare, reimpiantare e far rinascere le aree colpite, dopo anni di annunci, promesse, rimpalli di responsabilit\u00e0 e la mancanza di impegni concreti \u2013 aggiunge Cantele &#8211; per la ricostituzione del patrimonio olivicolo distrutto, mentre non sanno come comportarsi per realizzare nuovi impianti resistenti e tornare a lavorare e produrre. Oggi l\u2019abbandono dei campi \u00e8 un dramma enorme. E\u2019 impensabile che, ottenuto il Decreto Emergenze che consente gli espianti, ora sia la volta di cavilli burocratici che impediscono il reimpianto. A distanza di 6 anni dal primo ulivo infetto su cui \u00e8 stata conclamata la presenza della malattia, gli agricoltori salentini sono ancora ingabbiati e abbandonati al loro destino e ogni giorno al danno si aggiunge un\u2019altra beffa\u201d, conclude il presidente Cantele._______<\/p>\n<p>LA RICERCA nei nostri articoli del 13, 24 e 25 luglio scorso<\/p>\n<blockquote class=\"wp-embedded-content\" data-secret=\"XAmdoC1dQH\"><p><a href=\"https:\/\/www.leccecronaca.it\/index.php\/2019\/07\/13\/centinaia-di-ulivi-secolari-dati-alle-fiamme-nel-salento-in-queste-ore-chi-lo-sta-facendo-e-perche-sono-queste-le-notizie-date-e-le-domande-poste-questo-pomeriggio-da-un-drammatico-ma-lucidissi\/\">CENTINAIA DI ULIVI SECOLARI DATI ALLE FIAMME NEL SALENTO IN QUESTE ORE. CHI LO STA FACENDO? E PERCHE&#8217;?<\/a><\/p><\/blockquote>\n<p><iframe class=\"wp-embedded-content\" sandbox=\"allow-scripts\" security=\"restricted\" style=\"position: absolute; clip: rect(1px, 1px, 1px, 1px);\" src=\"https:\/\/www.leccecronaca.it\/index.php\/2019\/07\/13\/centinaia-di-ulivi-secolari-dati-alle-fiamme-nel-salento-in-queste-ore-chi-lo-sta-facendo-e-perche-sono-queste-le-notizie-date-e-le-domande-poste-questo-pomeriggio-da-un-drammatico-ma-lucidissi\/embed\/#?secret=XAmdoC1dQH\" data-secret=\"XAmdoC1dQH\" width=\"500\" height=\"282\" title=\"&#8220;CENTINAIA DI ULIVI SECOLARI DATI ALLE FIAMME NEL SALENTO IN QUESTE ORE. CHI LO STA FACENDO? E PERCHE&#8217;?&#8221; &#8212; LecceCronaca.it\" frameborder=\"0\" marginwidth=\"0\" marginheight=\"0\" scrolling=\"no\"><\/iframe><\/p>\n<blockquote class=\"wp-embedded-content\" data-secret=\"F1AvMcF6PL\"><p><a href=\"https:\/\/www.leccecronaca.it\/index.php\/2019\/07\/24\/espiantare-reimpiantare-lemergenza-incendi-di-coldiretti\/\">\u201cInterventi decisi per espiantare, reimpiantare\u201d, L&#8217;EMERGENZA INCENDI DI COLDIRETTI<\/a><\/p><\/blockquote>\n<p><iframe class=\"wp-embedded-content\" sandbox=\"allow-scripts\" security=\"restricted\" style=\"position: absolute; clip: rect(1px, 1px, 1px, 1px);\" src=\"https:\/\/www.leccecronaca.it\/index.php\/2019\/07\/24\/espiantare-reimpiantare-lemergenza-incendi-di-coldiretti\/embed\/#?secret=F1AvMcF6PL\" data-secret=\"F1AvMcF6PL\" width=\"500\" height=\"282\" title=\"&#8220;\u201cInterventi decisi per espiantare, reimpiantare\u201d, L&#8217;EMERGENZA INCENDI DI COLDIRETTI&#8221; &#8212; LecceCronaca.it\" frameborder=\"0\" marginwidth=\"0\" marginheight=\"0\" scrolling=\"no\"><\/iframe><\/p>\n<blockquote class=\"wp-embedded-content\" data-secret=\"A10pDKh6XW\"><p><a href=\"https:\/\/www.leccecronaca.it\/index.php\/2019\/07\/25\/la-testimonianza\/\">LA TESTIMONIANZA \/ HO VISTO GLI ULIVI BRUCIATI A UNO A UNO. DI NOTTE IL CIELO DIVENTA ROSSO DALLE FIAMME, E I POMPIERI NEMMENO INTERVENGONO<\/a><\/p><\/blockquote>\n<p><iframe class=\"wp-embedded-content\" sandbox=\"allow-scripts\" security=\"restricted\" style=\"position: absolute; clip: rect(1px, 1px, 1px, 1px);\" src=\"https:\/\/www.leccecronaca.it\/index.php\/2019\/07\/25\/la-testimonianza\/embed\/#?secret=A10pDKh6XW\" data-secret=\"A10pDKh6XW\" width=\"500\" height=\"282\" title=\"&#8220;LA TESTIMONIANZA \/ HO VISTO GLI ULIVI BRUCIATI A UNO A UNO. DI NOTTE IL CIELO DIVENTA ROSSO DALLE FIAMME, E I POMPIERI NEMMENO INTERVENGONO&#8221; &#8212; LecceCronaca.it\" frameborder=\"0\" marginwidth=\"0\" marginheight=\"0\" scrolling=\"no\"><\/iframe><\/p>\n<fb:like href='https:\/\/www.leccecronaca.it\/index.php\/2019\/08\/22\/coldiretti-puglia-interviene-nuovamente-sugli-incendi\/' send='true' layout='button_count' show_faces='true' width='450' height='65' action='recommend' colorscheme='light' font='lucida grande'><\/fb:like><span class=\"fb_share\"><fb:like href=\"https:\/\/www.leccecronaca.it\/index.php\/2019\/08\/22\/coldiretti-puglia-interviene-nuovamente-sugli-incendi\/\" layout=\"button_count\"><\/fb:like><\/span>","protected":false},"excerpt":{"rendered":"<p>(Rdl)______Pubblichiamo qui di seguito integralmente il comunicato diffuso questa mattina tramite Facebook da Coldiretti Puglia. Lo facciamo seguire dai nostri tre ultimi articoli sulla questione specifica.\u00a0_______ Nel solo mese di luglio sono stati 70 gli interventi dei VVF per sedare incendi in tutti i comuni della provincia di Lecce che hanno mandato in fumo 1300 [&hellip;]<\/p>\n","protected":false},"author":4,"featured_media":157760,"comment_status":"open","ping_status":"closed","sticky":false,"template":"","format":"standard","meta":[],"categories":[69,76],"tags":[],"_links":{"self":[{"href":"https:\/\/www.leccecronaca.it\/index.php\/wp-json\/wp\/v2\/posts\/157759"}],"collection":[{"href":"https:\/\/www.leccecronaca.it\/index.php\/wp-json\/wp\/v2\/posts"}],"about":[{"href":"https:\/\/www.leccecronaca.it\/index.php\/wp-json\/wp\/v2\/types\/post"}],"author":[{"embeddable":true,"href":"https:\/\/www.leccecronaca.it\/index.php\/wp-json\/wp\/v2\/users\/4"}],"replies":[{"embeddable":true,"href":"https:\/\/www.leccecronaca.it\/index.php\/wp-json\/wp\/v2\/comments?post=157759"}],"version-history":[{"count":3,"href":"https:\/\/www.leccecronaca.it\/index.php\/wp-json\/wp\/v2\/posts\/157759\/revisions"}],"predecessor-version":[{"id":157763,"href":"https:\/\/www.leccecronaca.it\/index.php\/wp-json\/wp\/v2\/posts\/157759\/revisions\/157763"}],"wp:featuredmedia":[{"embeddable":true,"href":"https:\/\/www.leccecronaca.it\/index.php\/wp-json\/wp\/v2\/media\/157760"}],"wp:attachment":[{"href":"https:\/\/www.leccecronaca.it\/index.php\/wp-json\/wp\/v2\/media?parent=157759"}],"wp:term":[{"taxonomy":"category","embeddable":true,"href":"https:\/\/www.leccecronaca.it\/index.php\/wp-json\/wp\/v2\/categories?post=157759"},{"taxonomy":"post_tag","embeddable":true,"href":"https:\/\/www.leccecronaca.it\/index.php\/wp-json\/wp\/v2\/tags?post=157759"}],"curies":[{"name":"wp","href":"https:\/\/api.w.org\/{rel}","templated":true}]}}