{"id":157767,"date":"2019-08-22T18:00:22","date_gmt":"2019-08-22T16:00:22","guid":{"rendered":"http:\/\/www.leccecronaca.it\/?p=157767"},"modified":"2019-08-22T18:12:01","modified_gmt":"2019-08-22T16:12:01","slug":"attesa-per-la-decisione-di-sergio-mattarella","status":"publish","type":"post","link":"https:\/\/www.leccecronaca.it\/index.php\/2019\/08\/22\/attesa-per-la-decisione-di-sergio-mattarella\/","title":{"rendered":"ATTESA PER LA DECISIONE DI SERGIO MATTARELLA"},"content":{"rendered":"<p><img decoding=\"async\" loading=\"lazy\" class=\"alignnone size-full wp-image-157768\" src=\"https:\/\/www.leccecronaca.it\/wordpress\/wp-content\/uploads\/2019\/08\/29669.jpg\" alt=\"\" width=\"750\" height=\"500\" srcset=\"https:\/\/www.leccecronaca.it\/wordpress\/wp-content\/uploads\/2019\/08\/29669.jpg 750w, https:\/\/www.leccecronaca.it\/wordpress\/wp-content\/uploads\/2019\/08\/29669-300x200.jpg 300w\" sizes=\"(max-width: 750px) 100vw, 750px\" \/>(Rdl)______Si sono concluse pochi minuti fa con i rappresentanti dei partiti maggiori, nell&#8217;ordine crescente Fratelli d\u2019Italia, Pd, Forza Italia, Lega e\u00a0 M5S, le consultazioni al Quirinale, cominciate ieri, per la soluzione della crisi politica, seguita alle dimissioni del presidente del Consiglio Giuseppe Conte. Il presidente della Repubblica sta ora valutando in maniera organica quanto emerso dai colloqui. Sono numerose le ipotesi ancora tutte in piedi, fra cui, sulla base della situazione, del resto in continua evoluzione, Sergio Mattarella effettuer\u00e0 la sua scelta. La decisione \u00e8 attesa nelle prossime ore, probabilmente gi\u00e0 in serata.<\/p>\n<p>&nbsp;<\/p>\n<p>&nbsp;<\/p>\n<fb:like href='https:\/\/www.leccecronaca.it\/index.php\/2019\/08\/22\/attesa-per-la-decisione-di-sergio-mattarella\/' send='true' layout='button_count' show_faces='true' width='450' height='65' action='recommend' colorscheme='light' font='lucida grande'><\/fb:like><span class=\"fb_share\"><fb:like href=\"https:\/\/www.leccecronaca.it\/index.php\/2019\/08\/22\/attesa-per-la-decisione-di-sergio-mattarella\/\" layout=\"button_count\"><\/fb:like><\/span>","protected":false},"excerpt":{"rendered":"<p>(Rdl)______Si sono concluse pochi minuti fa con i rappresentanti dei partiti maggiori, nell&#8217;ordine crescente Fratelli d\u2019Italia, Pd, Forza Italia, Lega e\u00a0 M5S, le consultazioni al Quirinale, cominciate ieri, per la soluzione della crisi politica, seguita alle dimissioni del presidente del Consiglio Giuseppe Conte. Il presidente della Repubblica sta ora valutando in maniera organica quanto emerso [&hellip;]<\/p>\n","protected":false},"author":4,"featured_media":157768,"comment_status":"open","ping_status":"closed","sticky":false,"template":"","format":"standard","meta":[],"categories":[69,76],"tags":[],"_links":{"self":[{"href":"https:\/\/www.leccecronaca.it\/index.php\/wp-json\/wp\/v2\/posts\/157767"}],"collection":[{"href":"https:\/\/www.leccecronaca.it\/index.php\/wp-json\/wp\/v2\/posts"}],"about":[{"href":"https:\/\/www.leccecronaca.it\/index.php\/wp-json\/wp\/v2\/types\/post"}],"author":[{"embeddable":true,"href":"https:\/\/www.leccecronaca.it\/index.php\/wp-json\/wp\/v2\/users\/4"}],"replies":[{"embeddable":true,"href":"https:\/\/www.leccecronaca.it\/index.php\/wp-json\/wp\/v2\/comments?post=157767"}],"version-history":[{"count":2,"href":"https:\/\/www.leccecronaca.it\/index.php\/wp-json\/wp\/v2\/posts\/157767\/revisions"}],"predecessor-version":[{"id":157770,"href":"https:\/\/www.leccecronaca.it\/index.php\/wp-json\/wp\/v2\/posts\/157767\/revisions\/157770"}],"wp:featuredmedia":[{"embeddable":true,"href":"https:\/\/www.leccecronaca.it\/index.php\/wp-json\/wp\/v2\/media\/157768"}],"wp:attachment":[{"href":"https:\/\/www.leccecronaca.it\/index.php\/wp-json\/wp\/v2\/media?parent=157767"}],"wp:term":[{"taxonomy":"category","embeddable":true,"href":"https:\/\/www.leccecronaca.it\/index.php\/wp-json\/wp\/v2\/categories?post=157767"},{"taxonomy":"post_tag","embeddable":true,"href":"https:\/\/www.leccecronaca.it\/index.php\/wp-json\/wp\/v2\/tags?post=157767"}],"curies":[{"name":"wp","href":"https:\/\/api.w.org\/{rel}","templated":true}]}}