{"id":157794,"date":"2019-08-23T19:45:58","date_gmt":"2019-08-23T17:45:58","guid":{"rendered":"http:\/\/www.leccecronaca.it\/?p=157794"},"modified":"2019-08-24T10:30:55","modified_gmt":"2019-08-24T08:30:55","slug":"come-si-cambia-per-non-morire-photogallery","status":"publish","type":"post","link":"https:\/\/www.leccecronaca.it\/index.php\/2019\/08\/23\/come-si-cambia-per-non-morire-photogallery\/","title":{"rendered":"COME SI CAMBIA PER NON MORIRE &#8211; photogallery"},"content":{"rendered":"<p><img decoding=\"async\" loading=\"lazy\" class=\"alignnone size-full wp-image-157803\" src=\"https:\/\/www.leccecronaca.it\/wordpress\/wp-content\/uploads\/2019\/08\/cover.jpg\" alt=\"\" width=\"960\" height=\"717\" srcset=\"https:\/\/www.leccecronaca.it\/wordpress\/wp-content\/uploads\/2019\/08\/cover.jpg 960w, https:\/\/www.leccecronaca.it\/wordpress\/wp-content\/uploads\/2019\/08\/cover-300x224.jpg 300w, https:\/\/www.leccecronaca.it\/wordpress\/wp-content\/uploads\/2019\/08\/cover-768x574.jpg 768w, https:\/\/www.leccecronaca.it\/wordpress\/wp-content\/uploads\/2019\/08\/cover-400x300.jpg 400w\" sizes=\"(max-width: 960px) 100vw, 960px\" \/>(g.p.)______<em>&#8220;&#8216;C&#8217; \u00e8 stata un&#8217;<span style=\"color: #ff0000;\"><strong>ampia convergenza, seria,<\/strong><\/span> <span style=\"color: #ff0000;\"><strong>sui punti dell&#8217;agenda ambientale<\/strong><\/span> e sociale&#8221;<\/em>. Lo\u00a0 ha dichiarato questo pomeriggio il capogruppo Pd alla Camera dei Deputati Graziano Delrio al termine dell&#8217;incontro, durato un&#8217;ora e mezzo, con la delegazione M5S con cui i due partiti hanno avviato le trattative ufficiali per la formazione del nuovo governo, da presentare marted\u00ec 27 al presidente della Repubblica Sergio Mattarella.\u00a0<em>&#8220;Abbiamo chiesto che questa interlocuzione sia l&#8217;unica come condizione per affrontare gli ulteriori punti che, a livello preliminare, non presentano ostacoli insormontabili&#8221;<\/em>, il commento del vicesegretario del Pd Andrea Orlando.<\/p>\n<p>Niente dirette streaming, &#8216;stavolta, per il M5s, ci sono solamente i brevi commenti finali del capogruppo alla Camera, Francesco D\u2019Uva, <em>&#8220;Sui rispettivi punti non mi sembra ci siano problemi di sorta&#8221;<\/em>, e del\u00a0capogruppo al Senato, Stefano\u2009Patuanelli<strong>:<\/strong>\u00a0<em>&#8220;Questo tavolo non ha posto ostacoli insormontabili&#8221;.\u00a0______<\/em><\/p>\n<p>Lecce, 27 dicembre 2013<img decoding=\"async\" loading=\"lazy\" class=\"alignnone size-full wp-image-157796\" src=\"https:\/\/www.leccecronaca.it\/wordpress\/wp-content\/uploads\/2019\/08\/12.jpg\" alt=\"\" width=\"937\" height=\"624\" srcset=\"https:\/\/www.leccecronaca.it\/wordpress\/wp-content\/uploads\/2019\/08\/12.jpg 937w, https:\/\/www.leccecronaca.it\/wordpress\/wp-content\/uploads\/2019\/08\/12-300x200.jpg 300w, https:\/\/www.leccecronaca.it\/wordpress\/wp-content\/uploads\/2019\/08\/12-768x511.jpg 768w\" sizes=\"(max-width: 937px) 100vw, 937px\" \/><\/p>\n<p>CONTESTATO il sottosegretario\u00a0<span style=\"color: #000000;\">al\u00a0Ministero dello Sviluppo Economico\u00a0del\u00a0Governo Governo Letta Claudio De Vincenti venuto a illustrare le &#8216;opportunit\u00e0&#8217; offerte al Salento dalla costruzione del gasdotto\u00a0Tap______<\/span><\/p>\n<p>&nbsp;<\/p>\n<p>San Foca, 15 maggio 2014<\/p>\n<p><img decoding=\"async\" loading=\"lazy\" class=\"alignnone size-full wp-image-157797\" src=\"https:\/\/www.leccecronaca.it\/wordpress\/wp-content\/uploads\/2019\/08\/san-foca-11.jpg\" alt=\"\" width=\"593\" height=\"472\" srcset=\"https:\/\/www.leccecronaca.it\/wordpress\/wp-content\/uploads\/2019\/08\/san-foca-11.jpg 593w, https:\/\/www.leccecronaca.it\/wordpress\/wp-content\/uploads\/2019\/08\/san-foca-11-300x239.jpg 300w\" sizes=\"(max-width: 593px) 100vw, 593px\" \/><\/p>\n<p>MOBILITATI\u00a0Silvia Benedetti, Michele dell\u2019Orco, Alessandro Di Battista, Dalila Nesci, Manlio Di Stefano, Giuseppe L\u2019Abbate, Emanuele Scagliusi,\u00a0 Maurizio Buccarella, Daniela Donno, Barbara Lezzi e Diego De Lorenzis, in un sopralluogo diretto sulla spiaggia dell&#8217;approdo del gasdotto voluto dal Pd.\u00a0______<\/p>\n<p>&nbsp;<\/p>\n<p>Taranto,\u00a0 9 novembre 2014<\/p>\n<p><img decoding=\"async\" loading=\"lazy\" class=\"alignnone size-full wp-image-157807\" src=\"https:\/\/www.leccecronaca.it\/wordpress\/wp-content\/uploads\/2019\/08\/tri.jpeg\" alt=\"\" width=\"630\" height=\"315\" srcset=\"https:\/\/www.leccecronaca.it\/wordpress\/wp-content\/uploads\/2019\/08\/tri.jpeg 630w, https:\/\/www.leccecronaca.it\/wordpress\/wp-content\/uploads\/2019\/08\/tri-300x150.jpeg 300w, https:\/\/www.leccecronaca.it\/wordpress\/wp-content\/uploads\/2019\/08\/tri-600x300.jpeg 600w\" sizes=\"(max-width: 630px) 100vw, 630px\" \/><\/p>\n<p>&nbsp;<\/p>\n<p>DETERMINATI contro <em>&#8220;i signori delle trivelle e il governo di Matteo Renzi&#8221;<\/em>, gli attivisti, e i parlamentari\u00a0Alessandro Di Battista, Alberto Airola, Daniela Donno, Rosa D\u2019Amato, Maurizio Buccarella, Carlo Martelli, Nicola Morra, Giuseppe L\u2019Abbate, e Alberto Zolezzi: <em>&#8220;Noi diciamo\u00a0stop alle trivellazioni!\u00a0Il governo di Matteo Renzi ha deciso di tendere una mano alle compagnie petrolifere.\u00a0Queste parti del provvedimento sembrano scritte sotto dettatura delle aziende produttrici di idrocarburi ed \u00e8 evidente la volont\u00e0 di favorire i petrolieri ignorando la ricaduta che ne conseguirebbe in termini di danno ambientale&#8221;.\u00a0<\/em>______<\/p>\n<p>Casalabate, 4 luglio 2015<\/p>\n<p><img decoding=\"async\" loading=\"lazy\" class=\"alignnone size-full wp-image-157798\" src=\"https:\/\/www.leccecronaca.it\/wordpress\/wp-content\/uploads\/2019\/08\/casa.jpg\" alt=\"\" width=\"1032\" height=\"581\" srcset=\"https:\/\/www.leccecronaca.it\/wordpress\/wp-content\/uploads\/2019\/08\/casa.jpg 1032w, https:\/\/www.leccecronaca.it\/wordpress\/wp-content\/uploads\/2019\/08\/casa-300x169.jpg 300w, https:\/\/www.leccecronaca.it\/wordpress\/wp-content\/uploads\/2019\/08\/casa-1024x576.jpg 1024w, https:\/\/www.leccecronaca.it\/wordpress\/wp-content\/uploads\/2019\/08\/casa-768x432.jpg 768w\" sizes=\"(max-width: 1032px) 100vw, 1032px\" \/><\/p>\n<p>PROPOSITIVI\u00a0\u00a0i parlamentari Daniela Donno e Barbara Lezzi, e il consigliere regionale Cristian Casili, per chiedere al governo Renzi<\/p>\n<p><em>\u2013 DEMOCRAZIA PARTECIPATA: Introdurre strumenti che consentano la partecipazione diretta dei cittadini nelle scelte amministrative;<\/em><\/p>\n<p><em>-AMBIENTE E TRIVELLE:\u00a0-Gi\u00f9 le mani dal nostro mare: risorsa unica per il Salento, forza trainante del turismo e dell\u2019indotto enogastronomico di eccellenza della nostra terra.<\/em><\/p>\n<p><em>-AFFAIRE XYLELLA: un nemico spesso invisibile cerca di distruggere il nostro territorio, colpendo i nostri ulivi, simbolo della vita e baluardo delle nostre tradizioni. Stop pesticidi ed eradicazioni selvagge.<\/em>______<\/p>\n<p>&nbsp;<\/p>\n<p>San Foca, 2 aprile 2017<\/p>\n<p><img decoding=\"async\" loading=\"lazy\" class=\"alignnone size-full wp-image-157800\" src=\"https:\/\/www.leccecronaca.it\/wordpress\/wp-content\/uploads\/2019\/08\/adb.jpg\" alt=\"\" width=\"540\" height=\"960\" srcset=\"https:\/\/www.leccecronaca.it\/wordpress\/wp-content\/uploads\/2019\/08\/adb.jpg 540w, https:\/\/www.leccecronaca.it\/wordpress\/wp-content\/uploads\/2019\/08\/adb-169x300.jpg 169w\" sizes=\"(max-width: 540px) 100vw, 540px\" \/><\/p>\n<p>CATEGORICO Alessandro Di Battista contro il gasdotto Tap e chi lo ha voluto:\u00a0<em>\u201cPrima o poi ci faranno votare: e quando saremo al governo, lo bloccheremo definitivamente in due settimane. Non esiste un Pd buono e un Pd cattivo, come nei telefilm americani ci sono i poliziotti buoni e quelli cattivi; questi sono tutti cattivi, tutti in malafede\u201d.\u00a0<\/em>______<\/p>\n<p>BARI, 23 dicembre 2016<\/p>\n<p><img decoding=\"async\" loading=\"lazy\" class=\"alignnone size-full wp-image-157801\" src=\"https:\/\/www.leccecronaca.it\/wordpress\/wp-content\/uploads\/2019\/08\/Emiliano.jpg\" alt=\"\" width=\"3216\" height=\"2136\" \/><\/p>\n<p>PROPOSITIVO nei confronti del presidente Michele Emiliano, in assemblea, il consigliere regionale Antonio Trevisi:\u00a0<em>\u201cSappiamo che la centrale Enel di Cerano e l\u2019Ilva non possono essere pi\u00f9 riconvertite a gas come dimostrato da dati tecnici, economici e scientifici. Si tratta di impianti che sono nati a carbone e non starebbero sul mercato senza l\u2019uso di questo combustibile inquinante. Ribadiamo ancora una volta con forza come la sola strada percorribile sia quella della chiusura senza se e senza ma.<\/em><\/p>\n<p><em>L\u2019unica priorit\u00e0 \u00e8 salvare la vita dei cittadini rispetto agli interessi politici delle lobby, delle ecomafie e delle multinazionali. <\/em><\/p>\n<p><em>Abbiamo gi\u00e0 dimostrato e continueremo a farlo con sempre pi\u00f9 impegno che le possibilit\u00e0 di riconversione industriale ci sono e sono molto diverse da quelle proposte dalla giunta regionale. Il 18 settembre in Fiera del Levante si \u00e8 tenuto il primo appuntamento della campagna \u2018Riconvertire si pu\u00f2\u2019 lanciata dal M5S . Durante il convegno sono intervenuti Asier Abaunza, assessore all\u2019Urbanistica di Bilbao (Spagna), Gregor Boldt, WMR (Germania) e Maciej Filipowicz, Lodz (Polonia). che hanno portato la loro testimonianza sulla riconversione delle aree industriali in crisi che sono diventate, ad esempio, aree dedicate al sociale.\u201d______<\/em><\/p>\n<p>&nbsp;<\/p>\n<p>Taranto, 6 giugno 2017<br \/>\n<img decoding=\"async\" loading=\"lazy\" class=\"alignnone size-full wp-image-157802\" src=\"https:\/\/www.leccecronaca.it\/wordpress\/wp-content\/uploads\/2019\/08\/bg-ta.jpg\" alt=\"\" width=\"480\" height=\"800\" srcset=\"https:\/\/www.leccecronaca.it\/wordpress\/wp-content\/uploads\/2019\/08\/bg-ta.jpg 480w, https:\/\/www.leccecronaca.it\/wordpress\/wp-content\/uploads\/2019\/08\/bg-ta-180x300.jpg 180w\" sizes=\"(max-width: 480px) 100vw, 480px\" \/><\/p>\n<p>INCAZZATO Beppe Grillo, vela do io l&#8217;Ilva&#8230; &#8220;<em>Io non dovrei gridare\u2026\u201d,<\/em>\u00a0e si blocca, all\u2019 inizio del suo comizio, un attimo, quando gi\u00e0 si stava facendo prendere dall\u2019 enfasi, con due-tre &#8216;cazzo\u201d che gli erano gi\u00e0 venuti fuori, ricordando i bambini, tenuti sigillati nelle scuole, che dovrebbero essere allenati all\u2019 apnea per non respirare, e la chiesa con la ciminiera dietro, dopo il giro fatto nel pomeriggio al quartiere Tamburi. Poi rilancia il concetto dei cittadini che diventano controllori, in\u00a0 luogo del\u00a0<em>\u201cbanditismo<\/em>\u201d delle societ\u00e0 private e di capitali.\u00a0______<\/p>\n<p>LA RICERCA nel nostro articolo di ieri<\/p>\n<blockquote class=\"wp-embedded-content\" data-secret=\"9LBG2EAsAo\"><p><a href=\"https:\/\/www.leccecronaca.it\/index.php\/2019\/08\/22\/ultimora-sergio-mattarella-da-il-fischio-di-inizio-del-grande-inciucio-fra-m5s-e-pd\/\">ULTIM&#8217;ORA \/ SERGIO MATTARELLA DA&#8217; IL FISCHIO DI INIZIO DEL GRANDE INCIUCIO FRA M5S E PD<\/a><\/p><\/blockquote>\n<p><iframe class=\"wp-embedded-content\" sandbox=\"allow-scripts\" security=\"restricted\" style=\"position: absolute; clip: rect(1px, 1px, 1px, 1px);\" src=\"https:\/\/www.leccecronaca.it\/index.php\/2019\/08\/22\/ultimora-sergio-mattarella-da-il-fischio-di-inizio-del-grande-inciucio-fra-m5s-e-pd\/embed\/#?secret=9LBG2EAsAo\" data-secret=\"9LBG2EAsAo\" width=\"500\" height=\"282\" title=\"&#8220;ULTIM&#8217;ORA \/ SERGIO MATTARELLA DA&#8217; IL FISCHIO DI INIZIO DEL GRANDE INCIUCIO FRA M5S E PD&#8221; &#8212; LecceCronaca.it\" frameborder=\"0\" marginwidth=\"0\" marginheight=\"0\" scrolling=\"no\"><\/iframe><\/p>\n<fb:like href='https:\/\/www.leccecronaca.it\/index.php\/2019\/08\/23\/come-si-cambia-per-non-morire-photogallery\/' send='true' layout='button_count' show_faces='true' width='450' height='65' action='recommend' colorscheme='light' font='lucida grande'><\/fb:like><span class=\"fb_share\"><fb:like href=\"https:\/\/www.leccecronaca.it\/index.php\/2019\/08\/23\/come-si-cambia-per-non-morire-photogallery\/\" layout=\"button_count\"><\/fb:like><\/span>","protected":false},"excerpt":{"rendered":"<p>(g.p.)______&#8220;&#8216;C&#8217; \u00e8 stata un&#8217;ampia convergenza, seria, sui punti dell&#8217;agenda ambientale e sociale&#8221;. Lo\u00a0 ha dichiarato questo pomeriggio il capogruppo Pd alla Camera dei Deputati Graziano Delrio al termine dell&#8217;incontro, durato un&#8217;ora e mezzo, con la delegazione M5S con cui i due partiti hanno avviato le trattative ufficiali per la formazione del nuovo governo, da presentare [&hellip;]<\/p>\n","protected":false},"author":4,"featured_media":157803,"comment_status":"open","ping_status":"closed","sticky":false,"template":"","format":"standard","meta":[],"categories":[69,76],"tags":[],"_links":{"self":[{"href":"https:\/\/www.leccecronaca.it\/index.php\/wp-json\/wp\/v2\/posts\/157794"}],"collection":[{"href":"https:\/\/www.leccecronaca.it\/index.php\/wp-json\/wp\/v2\/posts"}],"about":[{"href":"https:\/\/www.leccecronaca.it\/index.php\/wp-json\/wp\/v2\/types\/post"}],"author":[{"embeddable":true,"href":"https:\/\/www.leccecronaca.it\/index.php\/wp-json\/wp\/v2\/users\/4"}],"replies":[{"embeddable":true,"href":"https:\/\/www.leccecronaca.it\/index.php\/wp-json\/wp\/v2\/comments?post=157794"}],"version-history":[{"count":6,"href":"https:\/\/www.leccecronaca.it\/index.php\/wp-json\/wp\/v2\/posts\/157794\/revisions"}],"predecessor-version":[{"id":157818,"href":"https:\/\/www.leccecronaca.it\/index.php\/wp-json\/wp\/v2\/posts\/157794\/revisions\/157818"}],"wp:featuredmedia":[{"embeddable":true,"href":"https:\/\/www.leccecronaca.it\/index.php\/wp-json\/wp\/v2\/media\/157803"}],"wp:attachment":[{"href":"https:\/\/www.leccecronaca.it\/index.php\/wp-json\/wp\/v2\/media?parent=157794"}],"wp:term":[{"taxonomy":"category","embeddable":true,"href":"https:\/\/www.leccecronaca.it\/index.php\/wp-json\/wp\/v2\/categories?post=157794"},{"taxonomy":"post_tag","embeddable":true,"href":"https:\/\/www.leccecronaca.it\/index.php\/wp-json\/wp\/v2\/tags?post=157794"}],"curies":[{"name":"wp","href":"https:\/\/api.w.org\/{rel}","templated":true}]}}