{"id":158232,"date":"2019-09-16T00:02:59","date_gmt":"2019-09-15T22:02:59","guid":{"rendered":"http:\/\/www.leccecronaca.it\/?p=158232"},"modified":"2019-09-16T08:37:45","modified_gmt":"2019-09-16T06:37:45","slug":"a-taranto-martedi-17-un-film-sul-padrone-del-mostro","status":"publish","type":"post","link":"https:\/\/www.leccecronaca.it\/index.php\/2019\/09\/16\/a-taranto-martedi-17-un-film-sul-padrone-del-mostro\/","title":{"rendered":"A TARANTO MARTEDI&#8217; 17 UN FILM SUL PADRONE DEL MOSTRO, IL RICCHISSIMO LAKSHMI MITTAL"},"content":{"rendered":"<p><img decoding=\"async\" loading=\"lazy\" class=\"alignnone size-full wp-image-158233\" src=\"https:\/\/www.leccecronaca.it\/wordpress\/wp-content\/uploads\/2019\/09\/anmi.jpg\" alt=\"\" width=\"770\" height=\"433\" srcset=\"https:\/\/www.leccecronaca.it\/wordpress\/wp-content\/uploads\/2019\/09\/anmi.jpg 770w, https:\/\/www.leccecronaca.it\/wordpress\/wp-content\/uploads\/2019\/09\/anmi-300x169.jpg 300w, https:\/\/www.leccecronaca.it\/wordpress\/wp-content\/uploads\/2019\/09\/anmi-768x432.jpg 768w\" sizes=\"(max-width: 770px) 100vw, 770px\" \/>(Rdl)______Marted\u00ec 17 settembre 2019, alle ore 20.30, a Taranto,\u00a0piazzale di via Savino, angolo via Cimitero &#8211; rione Tamburi &#8211; ci sar\u00e0 la proiezione all\u2019aperto del film: <strong><em>\u2018Mittal, il volto nascosto dell\u2019Impero\u2019<\/em><\/strong>, alla\u00a0presenza del regista J\u00e9r\u00f4me Fritel.<br \/>\nPresenta Alessio Giannone, alias Pinuccio.<br \/>\nIngresso libero.<\/p>\n<p>La serata \u00e8 organizzata dalle associazioni\u00a0PeaceLink, Sonora, Isde Massafra, Giustizia per Taranto, Associazione Giorgio Forever, Genitori Tarantini, Art is in the house, Palazzo Ulmo.<\/p>\n<p>&nbsp;<\/p>\n<p>Il documentario \u00e8 un\u2019iniziativa indipendente, nata dalla collaborazione della rete di associazioni e attori locali che desiderano tenere alti l\u2019informazione e il dibattito pubblico a Taranto.<br \/>\nIl film \u00e8 frutto della lunga ricerca del regista J\u00e9r\u00f4me Fritel su\u00a0<strong>Lakshmi Mittal\u00a0<\/strong>(nella foto), 69 anni, nato a\u00a0Rajgarh, in India,\u00a0imprenditore multimiliardario che opera a Londra, con un patrimonio netto di dieci miliardi e settecento milioni di dollari.<\/p>\n<p>Ne ripercorre la scalata che da zero l\u2019ha reso in quindici anni il primo produttore d\u2019acciaio mondiale, nonch\u00e9 la terza persona pi\u00f9 ricca del pianeta.<br \/>\nLa biografia dell&#8217;uomo che ha cambiato la storia della siderurgia dopo la caduta del Comunismo, si erge a simbolo del mondo industriale e delle sue conseguenze sociali e ambientali.<br \/>\nIl viaggio di Fritel nell&#8217;impero di Mittal copre i quattro angoli del globo e d\u00e0 voce per la prima volta ai suoi collaboratori storici e attuali. A partire dagli investimenti nelle acciaierie decadenti dell\u2019Europa dell\u2019Est nel 1996, fino all\u2019entrata monopolistica in Europa con l\u2019acquisizione di Arcelor &#8211; Europa della cui crisi sar\u00e0 uno dei principali\u00a0fautori, e tutt\u2019ora in aperta tensione con Bruxelles.<\/p>\n<p>La traiettoria di Fritel diventa un viaggio geografico e temporale di cui cercare i confini apre interrogativi importanti sul futuro.<br \/>\nUn invitato speciale dialoga con questo complesso personaggio. Alessio Giannone alias Pinuccio continua il viaggio di Fritel e ci porta a Taranto.<\/p>\n<p>&nbsp;<\/p>\n<fb:like href='https:\/\/www.leccecronaca.it\/index.php\/2019\/09\/16\/a-taranto-martedi-17-un-film-sul-padrone-del-mostro\/' send='true' layout='button_count' show_faces='true' width='450' height='65' action='recommend' colorscheme='light' font='lucida grande'><\/fb:like><span class=\"fb_share\"><fb:like href=\"https:\/\/www.leccecronaca.it\/index.php\/2019\/09\/16\/a-taranto-martedi-17-un-film-sul-padrone-del-mostro\/\" layout=\"button_count\"><\/fb:like><\/span>","protected":false},"excerpt":{"rendered":"<p>(Rdl)______Marted\u00ec 17 settembre 2019, alle ore 20.30, a Taranto,\u00a0piazzale di via Savino, angolo via Cimitero &#8211; rione Tamburi &#8211; ci sar\u00e0 la proiezione all\u2019aperto del film: \u2018Mittal, il volto nascosto dell\u2019Impero\u2019, alla\u00a0presenza del regista J\u00e9r\u00f4me Fritel. Presenta Alessio Giannone, alias Pinuccio. Ingresso libero. La serata \u00e8 organizzata dalle associazioni\u00a0PeaceLink, Sonora, Isde Massafra, Giustizia per Taranto, [&hellip;]<\/p>\n","protected":false},"author":4,"featured_media":158233,"comment_status":"open","ping_status":"closed","sticky":false,"template":"","format":"standard","meta":[],"categories":[69,31,75,76],"tags":[],"_links":{"self":[{"href":"https:\/\/www.leccecronaca.it\/index.php\/wp-json\/wp\/v2\/posts\/158232"}],"collection":[{"href":"https:\/\/www.leccecronaca.it\/index.php\/wp-json\/wp\/v2\/posts"}],"about":[{"href":"https:\/\/www.leccecronaca.it\/index.php\/wp-json\/wp\/v2\/types\/post"}],"author":[{"embeddable":true,"href":"https:\/\/www.leccecronaca.it\/index.php\/wp-json\/wp\/v2\/users\/4"}],"replies":[{"embeddable":true,"href":"https:\/\/www.leccecronaca.it\/index.php\/wp-json\/wp\/v2\/comments?post=158232"}],"version-history":[{"count":2,"href":"https:\/\/www.leccecronaca.it\/index.php\/wp-json\/wp\/v2\/posts\/158232\/revisions"}],"predecessor-version":[{"id":158620,"href":"https:\/\/www.leccecronaca.it\/index.php\/wp-json\/wp\/v2\/posts\/158232\/revisions\/158620"}],"wp:featuredmedia":[{"embeddable":true,"href":"https:\/\/www.leccecronaca.it\/index.php\/wp-json\/wp\/v2\/media\/158233"}],"wp:attachment":[{"href":"https:\/\/www.leccecronaca.it\/index.php\/wp-json\/wp\/v2\/media?parent=158232"}],"wp:term":[{"taxonomy":"category","embeddable":true,"href":"https:\/\/www.leccecronaca.it\/index.php\/wp-json\/wp\/v2\/categories?post=158232"},{"taxonomy":"post_tag","embeddable":true,"href":"https:\/\/www.leccecronaca.it\/index.php\/wp-json\/wp\/v2\/tags?post=158232"}],"curies":[{"name":"wp","href":"https:\/\/api.w.org\/{rel}","templated":true}]}}