{"id":158259,"date":"2019-09-06T11:34:09","date_gmt":"2019-09-06T09:34:09","guid":{"rendered":"http:\/\/www.leccecronaca.it\/?p=158259"},"modified":"2019-09-06T14:07:24","modified_gmt":"2019-09-06T12:07:24","slug":"il-ruolo-delluniversita-nella-citta-futura","status":"publish","type":"post","link":"https:\/\/www.leccecronaca.it\/index.php\/2019\/09\/06\/il-ruolo-delluniversita-nella-citta-futura\/","title":{"rendered":"IL RUOLO DELL&#8217;UNIVERSITA&#8217; NELLA CITTA&#8217; FUTURA"},"content":{"rendered":"<p><img decoding=\"async\" loading=\"lazy\" class=\"alignnone size-full wp-image-158260\" src=\"https:\/\/www.leccecronaca.it\/wordpress\/wp-content\/uploads\/2019\/09\/rettorato-e1436191235138.jpg\" alt=\"\" width=\"741\" height=\"439\" srcset=\"https:\/\/www.leccecronaca.it\/wordpress\/wp-content\/uploads\/2019\/09\/rettorato-e1436191235138.jpg 741w, https:\/\/www.leccecronaca.it\/wordpress\/wp-content\/uploads\/2019\/09\/rettorato-e1436191235138-300x178.jpg 300w\" sizes=\"(max-width: 741px) 100vw, 741px\" \/>Riceviamo e volentieri pubblichiamo. I\u00a0Cobas &#8211; Comitati di Base della Scuola, Universit\u00e0 e Ricerca &#8211; hanno scritto al sindaco della citt\u00e0 di Lecce e al rettore dell&#8217; Universit\u00e0 del Salento una lettera aperta, che ci mandano per conoscenza______<\/p>\n<p>Lecce \u201ccitt\u00e0 universitaria\u201d?<\/p>\n<p>LETTERA APERTA al<\/p>\n<p>Sindaco di Lecce &#8211; Carlo Salvemini &#8211;\u00a0Rettore in carica \u2013 Prof. Vincenzo Zara &#8211;\u00a0\u00a0 \u00a0 \u00a0 \u00a0 \u00a0 \u00a0 \u00a0 \u00a0 \u00a0 \u00a0 \u00a0 \u00a0 \u00a0 \u00a0 \u00a0 \u00a0 \u00a0 \u00a0 \u00a0 Futuro Rettore \u2013 Prof. Fabio Pollice<\/p>\n<p style=\"font-weight: 400;\">Negli ultimi giorni \u00e8 tornato centrale sulle pagine della stampa locale il tema di \u201cLecce citt\u00e0 universitaria\u201d. Grazie infatti ai dati forniti dal consigliere di amministrazione di ADISU Puglia, dott. Marco Cataldo, \u00e8 ora possibile quantificare in 33,6 milioni di euro, in linea di massima, il guadagno che la popolazione studentesca universitaria salentina garantisce ogni anno alla citt\u00e0 di Lecce. Dati cui il sindaco Salvemini ha fatto eco, ribadendo di essere intenzionato ad intervenire in modo concreto per trasformare, fuori dagli slogan, Lecce in una citt\u00e0 universitaria.<\/p>\n<p style=\"font-weight: 400;\">Purtroppo, per\u00f2, da osservatori che operano nell\u2019Ateneo salentino e vivono nella citt\u00e0 di Lecce, non possiamo non notare una discrepanza tra le intenzioni annunciate e i progetti in atto.<\/p>\n<p style=\"font-weight: 400;\">\n<p style=\"font-weight: 400;\">La scorsa settimana, infatti, \u00e8 stato presentato alla stampa, e alla Citt\u00e0, il Contratto Istituzionale di Sviluppo del Comune di Lecce. La conferenza stampa congiunta tra il Sindaco Carlo Salvemini e il Primo cittadino di Brindisi, Riccardo Rossi, ha fornito un quadro di insieme degli interventi che sia gli amministratori leccesi che brindisini hanno gi\u00e0 messo nero su bianco.<\/p>\n<p style=\"font-weight: 400;\">Il Sindaco Salvemini ha dichiarato in quell\u2019occasione che\u00a0\u00abquando si ha l\u2019opportunit\u00e0 di intercettare finanziamenti di questo tipo si ha la responsabilit\u00e0 non solo di garantirsi la quantit\u00e0 delle risorse ma anche la qualit\u00e0 e l\u2019impatto che questi interventi possono avere sulla comunit\u00e0\u00bb. Parole che danno esattamente la misura di quale opportunit\u00e0 rappresenti per Lecce il Contratto Istituzionale.<\/p>\n<p style=\"font-weight: 400;\">Ma all\u2019interno del Contratto Istituzionale di Sviluppo del Comune di Lecce (integralmente disponibile sul sito web della citt\u00e0), che \u2013 lo ricordiamo \u2013 prevede una spesa possibile di almeno 250 milioni, ci pare di non poter rilevare un ruolo di primo piano per l\u2019Universit\u00e0 del Salento, n\u00e9 un progetto significativo che abbia come obiettivo la costruzione di residenze universitarie, mense e di tutti quei servizi che sarebbero necessari per dare a Lecce la forma reale di una \u201ccitt\u00e0 universitaria\u201d. L\u2019unico riferimento all&#8217;Universit\u00e0 del Salento riscontrabile nel Contratto Istituzionale ci pare si limiti, infatti, all\u2019ascolto nel caso di interventi sulle marine, mentre l\u2019aspirazione generale a fornire servizi agli studenti ci sembra si risolva sostanzialmente in alcuni blandi accenni relativamente ai progetti di\u00a0<em>co-housing<\/em>\u00a0e\u00a0<em>social housing<\/em>, e ad una citazione alquanto surrettizia del concetto di \u201ccitt\u00e0 universitaria\u201d nel paragrafo 3.3.4, visto che nella tabella degli interventi allegata risultano solo tre progetti riguardanti la videosorveglianza, la riqualificazione dell\u2019impianto sportivo di viale Giovanni Paolo II e il dipartimento di specializzazione pediatrico.<\/p>\n<p style=\"font-weight: 400;\">La mancanza di significativi interventi concreti per trasformare Lecce in citt\u00e0 universitaria balza agli occhi, tanto pi\u00f9 se si d\u00e0 uno sguardo ai progetti proposti dal Comune di Brindisi, di cui ancora una volta la stampa locale ha dato notizia. Brindisi prevede infatti un progetto di 4 milioni di euro per la\u00a0\u00abrealizzazione di uno studentato, della mensa e di tutti i servizi annessi\u00bb. Eppure, non \u00e8 a Brindisi che sorge l\u2019Ateneo salentino. E la condizione abitativa degli studenti leccesi non \u00e8 certamente ottimale. A Lecce, infatti, i posti letto\u00a0oggi\u00a0disponibili nelle residenze universitarie dell\u2019Ente per il diritto allo studio &#8211; ADISU Puglia sono 284 (dati ADISU Puglia), e da tempo si auspica un intervento comunale.<\/p>\n<p style=\"font-weight: 400;\">\n<p style=\"font-weight: 400;\">Una \u201ccitt\u00e0 universitaria\u201d non pu\u00f2 essere costruita senza un tavolo di progettazione comune tra la citt\u00e0, l\u2019Ateneo \u2013 che, lo ricordiamo, \u00e8 la pi\u00f9 grande azienda del territorio \u2013 e gli attori sociali interessati (ADISU, Associazioni, parti sociali, ecc.). Prima dell\u2019estate abbiamo presentato al Sindaco un appello, firmato da numerose associazioni, sindacati e lavoratori dell\u2019Universit\u00e0 e dei Centri di Ricerca universitari, per una pista ciclabile che colleghi Lecce al Campus di Ecotekne, notando anche in quell\u2019occasione l\u2019assenza di raccordo tra Comune e Universit\u00e0 nella progettazione della mobilit\u00e0 cittadina, appello sino ad ora rimasto senza risposta.<\/p>\n<p style=\"font-weight: 400;\">Ci auguriamo che si possa costruire al pi\u00f9 presto un luogo di confronto, e che non si sprechi\u00a0oggi\u00a0una grande opportunit\u00e0 come quella del Contratto Istituzionale \u2013 che per altro speriamo vada a buon fine nel pi\u00f9 breve tempo possibile, nell\u2019interesse generale del territorio.<\/p>\n<p>&nbsp;<\/p>\n<p>&nbsp;<\/p>\n<p>Lecce, 6 settembre 2019<\/p>\n<p>COBAS UNISALENTO<\/p>\n<p>&nbsp;<\/p>\n<p>&nbsp;<\/p>\n<fb:like href='https:\/\/www.leccecronaca.it\/index.php\/2019\/09\/06\/il-ruolo-delluniversita-nella-citta-futura\/' send='true' layout='button_count' show_faces='true' width='450' height='65' action='recommend' colorscheme='light' font='lucida grande'><\/fb:like><span class=\"fb_share\"><fb:like href=\"https:\/\/www.leccecronaca.it\/index.php\/2019\/09\/06\/il-ruolo-delluniversita-nella-citta-futura\/\" layout=\"button_count\"><\/fb:like><\/span>","protected":false},"excerpt":{"rendered":"<p>Riceviamo e volentieri pubblichiamo. I\u00a0Cobas &#8211; Comitati di Base della Scuola, Universit\u00e0 e Ricerca &#8211; hanno scritto al sindaco della citt\u00e0 di Lecce e al rettore dell&#8217; Universit\u00e0 del Salento una lettera aperta, che ci mandano per conoscenza______ Lecce \u201ccitt\u00e0 universitaria\u201d? LETTERA APERTA al Sindaco di Lecce &#8211; Carlo Salvemini &#8211;\u00a0Rettore in carica \u2013 Prof. [&hellip;]<\/p>\n","protected":false},"author":4,"featured_media":158260,"comment_status":"open","ping_status":"closed","sticky":false,"template":"","format":"standard","meta":[],"categories":[69,76,36],"tags":[],"_links":{"self":[{"href":"https:\/\/www.leccecronaca.it\/index.php\/wp-json\/wp\/v2\/posts\/158259"}],"collection":[{"href":"https:\/\/www.leccecronaca.it\/index.php\/wp-json\/wp\/v2\/posts"}],"about":[{"href":"https:\/\/www.leccecronaca.it\/index.php\/wp-json\/wp\/v2\/types\/post"}],"author":[{"embeddable":true,"href":"https:\/\/www.leccecronaca.it\/index.php\/wp-json\/wp\/v2\/users\/4"}],"replies":[{"embeddable":true,"href":"https:\/\/www.leccecronaca.it\/index.php\/wp-json\/wp\/v2\/comments?post=158259"}],"version-history":[{"count":2,"href":"https:\/\/www.leccecronaca.it\/index.php\/wp-json\/wp\/v2\/posts\/158259\/revisions"}],"predecessor-version":[{"id":158273,"href":"https:\/\/www.leccecronaca.it\/index.php\/wp-json\/wp\/v2\/posts\/158259\/revisions\/158273"}],"wp:featuredmedia":[{"embeddable":true,"href":"https:\/\/www.leccecronaca.it\/index.php\/wp-json\/wp\/v2\/media\/158260"}],"wp:attachment":[{"href":"https:\/\/www.leccecronaca.it\/index.php\/wp-json\/wp\/v2\/media?parent=158259"}],"wp:term":[{"taxonomy":"category","embeddable":true,"href":"https:\/\/www.leccecronaca.it\/index.php\/wp-json\/wp\/v2\/categories?post=158259"},{"taxonomy":"post_tag","embeddable":true,"href":"https:\/\/www.leccecronaca.it\/index.php\/wp-json\/wp\/v2\/tags?post=158259"}],"curies":[{"name":"wp","href":"https:\/\/api.w.org\/{rel}","templated":true}]}}