{"id":15863,"date":"2013-05-08T15:57:54","date_gmt":"2013-05-08T15:57:54","guid":{"rendered":"http:\/\/www.leccecronaca.it\/?p=15863"},"modified":"2013-05-08T15:57:54","modified_gmt":"2013-05-08T15:57:54","slug":"il-mio-salento-la-mia-puglia-appuntamento-a-galatone-con-adelmo-gaetani","status":"publish","type":"post","link":"https:\/\/www.leccecronaca.it\/index.php\/2013\/05\/08\/il-mio-salento-la-mia-puglia-appuntamento-a-galatone-con-adelmo-gaetani\/","title":{"rendered":"\u201cIL MIO SALENTO, LA MIA PUGLIA\u201d:  APPUNTAMENTO A GALATONE CON ADELMO GAETANI"},"content":{"rendered":"<p style=\"text-align: left\" align=\"center\"><a href=\"https:\/\/www.leccecronaca.it\/index.php\/2013\/05\/08\/il-mio-salento-la-mia-puglia-appuntamento-a-galatone-con-adelmo-gaetani\/ai-editore-salento-puglia\/\" rel=\"attachment wp-att-15864\"><img decoding=\"async\" loading=\"lazy\" src=\"https:\/\/www.leccecronaca.it\/wordpress\/wp-content\/uploads\/2013\/05\/ai-editore-salento-puglia.jpg\" alt=\"\" width=\"400\" height=\"288\" class=\"alignleft size-full wp-image-15864\" srcset=\"https:\/\/www.leccecronaca.it\/wordpress\/wp-content\/uploads\/2013\/05\/ai-editore-salento-puglia.jpg 400w, https:\/\/www.leccecronaca.it\/wordpress\/wp-content\/uploads\/2013\/05\/ai-editore-salento-puglia-300x216.jpg 300w\" sizes=\"(max-width: 400px) 100vw, 400px\" \/><\/a>Appuntamento <span style=\"text-decoration: underline\">domani,<\/span> <span style=\"text-decoration: underline\">gioved\u00ec 9 maggio, alle ore 18.30, alla biblioteca De Ferraris, a Galatone<\/span>, con <strong>Adelmo Gaetani<\/strong> che presenta il libro \u201c<strong>Il mio Salento, la mia Puglia<\/strong>\u201d. L\u2019incontro rientra nell\u2019ambito della rassegna culturale \u201cLa Provincia ti racconta\u201d, promossa dall\u2019assessorato alla Cultura della Provincia di Lecce e organizzata dall\u2019associazione culturale Titania.<\/p>\n<p style=\"text-align: left\"><strong>\u00a0<\/strong>All\u2019incontro partecipa la vice presidente ed assessore alla Cultura della Provincia di Lecce <strong>Simona Manca<\/strong> e dialoga con l\u2019autore il giornalista <strong>Renato Moro<\/strong>.<\/p>\n<p>&nbsp;<\/p>\n<p>Sono pi\u00f9 di cento le interviste raccolte nel libro da Adelmo Gaetani, giornalista, editorialista e capo redattore del Nuovo Quotidiano di Puglia, che hanno come protagonisti\u00a0 personaggi salentini.<\/p>\n<p>&nbsp;<\/p>\n<p>Un genere giornalistico tecnico e complesso, quello dell\u2019intervista, che presuppone manualit\u00e0 delle percezioni, capacit\u00e0 dialettica, indagine, curiosit\u00e0, sguardo acuto e, prima dote fra tutte, la consapevole dimestichezza della parola, per condensare nello spazio affidato tutti gli elementi che restituiscono al lettore un profilo completo ed esaustivo.<\/p>\n<p>Il risultato della raccolta in sequenza \u00e8 una narrazione del territorio che passa attraverso i suoi personaggi, a delineare un macro profilo dell\u2019eccezionalit\u00e0 del Salento e della Puglia, terra di riuscita, di talenti e idee, dalla musica allo sport, dall\u2019imprenditoria al design. Storie di chi ha osato sfidare la convenzione e la lentezza, fuggendo da questa terra che troppo spesso lancia lontano i suoi figli, per richiamarli poi con canti di sirene irresistibili. Ma non solo storie di chi ha successo, tante contraddizioni con uno sfondo d\u2019animo combattuto, che traccia il profilo di uomini e donne, dei loro fatti di vita, felici o dolorosi, che costruiscono una memoria storica attendibile e personale, lanciando interessanti sfide per il futuro.<\/p>\n<p>Tra gli intervistati parlano, per citarne alcuni, il manager Fiat Alfredo Altavilla, il regista teatrale Eugenio Barba, l\u2019attore Lino Banfi, il cantante Giuliano Sangiorgi, l\u2019astronauta Paolo Nespoli, lo stilista Ennio Capasa, il designer Fabio Novembre, lo scrittore Roberto Cotroneo, il pianista Roberto Cappello, il giornalista Antonio Caprarica, l\u2019avvocato Annamaria Bernardini de Pace, il calciatore Fabrizio Miccoli. E ancora, Benedetto Cavalieri, Edoardo Winspeare, Alessandra Amoroso, il Cardinale De Giorgi.<\/p>\n<fb:like href='https:\/\/www.leccecronaca.it\/index.php\/2013\/05\/08\/il-mio-salento-la-mia-puglia-appuntamento-a-galatone-con-adelmo-gaetani\/' send='true' layout='button_count' show_faces='true' width='450' height='65' action='recommend' colorscheme='light' font='lucida grande'><\/fb:like><span class=\"fb_share\"><fb:like href=\"https:\/\/www.leccecronaca.it\/index.php\/2013\/05\/08\/il-mio-salento-la-mia-puglia-appuntamento-a-galatone-con-adelmo-gaetani\/\" layout=\"button_count\"><\/fb:like><\/span>","protected":false},"excerpt":{"rendered":"<p>Appuntamento domani, gioved\u00ec 9 maggio, alle ore 18.30, alla biblioteca De Ferraris, a Galatone, con Adelmo Gaetani che presenta il libro \u201cIl mio Salento, la mia Puglia\u201d. L\u2019incontro rientra nell\u2019ambito della rassegna culturale \u201cLa Provincia ti racconta\u201d, promossa dall\u2019assessorato alla Cultura della Provincia di Lecce e organizzata dall\u2019associazione culturale Titania. \u00a0All\u2019incontro partecipa la vice presidente [&hellip;]<\/p>\n","protected":false},"author":4,"featured_media":15864,"comment_status":"open","ping_status":"closed","sticky":false,"template":"","format":"standard","meta":[],"categories":[57],"tags":[],"_links":{"self":[{"href":"https:\/\/www.leccecronaca.it\/index.php\/wp-json\/wp\/v2\/posts\/15863"}],"collection":[{"href":"https:\/\/www.leccecronaca.it\/index.php\/wp-json\/wp\/v2\/posts"}],"about":[{"href":"https:\/\/www.leccecronaca.it\/index.php\/wp-json\/wp\/v2\/types\/post"}],"author":[{"embeddable":true,"href":"https:\/\/www.leccecronaca.it\/index.php\/wp-json\/wp\/v2\/users\/4"}],"replies":[{"embeddable":true,"href":"https:\/\/www.leccecronaca.it\/index.php\/wp-json\/wp\/v2\/comments?post=15863"}],"version-history":[{"count":2,"href":"https:\/\/www.leccecronaca.it\/index.php\/wp-json\/wp\/v2\/posts\/15863\/revisions"}],"predecessor-version":[{"id":15866,"href":"https:\/\/www.leccecronaca.it\/index.php\/wp-json\/wp\/v2\/posts\/15863\/revisions\/15866"}],"wp:featuredmedia":[{"embeddable":true,"href":"https:\/\/www.leccecronaca.it\/index.php\/wp-json\/wp\/v2\/media\/15864"}],"wp:attachment":[{"href":"https:\/\/www.leccecronaca.it\/index.php\/wp-json\/wp\/v2\/media?parent=15863"}],"wp:term":[{"taxonomy":"category","embeddable":true,"href":"https:\/\/www.leccecronaca.it\/index.php\/wp-json\/wp\/v2\/categories?post=15863"},{"taxonomy":"post_tag","embeddable":true,"href":"https:\/\/www.leccecronaca.it\/index.php\/wp-json\/wp\/v2\/tags?post=15863"}],"curies":[{"name":"wp","href":"https:\/\/api.w.org\/{rel}","templated":true}]}}