{"id":159394,"date":"2019-10-08T13:53:34","date_gmt":"2019-10-08T11:53:34","guid":{"rendered":"http:\/\/www.leccecronaca.it\/?p=159394"},"modified":"2019-10-08T13:53:34","modified_gmt":"2019-10-08T11:53:34","slug":"docenti-ricercatori-e-studenti-dell-unisalento-alla-scoperta-dellinsediamento-messapico-di-roca","status":"publish","type":"post","link":"https:\/\/www.leccecronaca.it\/index.php\/2019\/10\/08\/docenti-ricercatori-e-studenti-dell-unisalento-alla-scoperta-dellinsediamento-messapico-di-roca\/","title":{"rendered":"DOCENTI, RICERCATORI E STUDENTI DELL&#8217; UNISALENTO ALLA SCOPERTA DELL&#8217;INSEDIAMENTO MESSAPICO DI ROCA"},"content":{"rendered":"<p><img decoding=\"async\" loading=\"lazy\" class=\"alignnone wp-image-159395 size-full\" src=\"https:\/\/www.leccecronaca.it\/wordpress\/wp-content\/uploads\/2019\/10\/Roca-T19-2019-foto-1.jpg\" alt=\"\" width=\"244\" height=\"741\" srcset=\"https:\/\/www.leccecronaca.it\/wordpress\/wp-content\/uploads\/2019\/10\/Roca-T19-2019-foto-1.jpg 244w, https:\/\/www.leccecronaca.it\/wordpress\/wp-content\/uploads\/2019\/10\/Roca-T19-2019-foto-1-99x300.jpg 99w\" sizes=\"(max-width: 244px) 100vw, 244px\" \/>(l.d.v.)______Saranno studiati dai ricercatori del\u00a0Laboratorio di Antropologia Fisica dell\u2019Universit\u00e0 del Salento\u00a0gli scheletri riportati alla luce il mese scorso nel sito archeologico di Roca nei pressi della Grotta della Poesia: si tratta dei resti di un adulto e di un bambino (nella foto) sepolti simultaneamente intorno alla met\u00e0 del V secolo avanti Cristo, datazione possibile grazie allo studio del corredo e in particolare del cratere a colonnette ritrovato poggiato su tibia e fibula destre dello scheletro dell\u2019adulto.<\/p>\n<p>Il rinvenimento di questa sepoltura, di tipologia piuttosto comune nel sito archeologico di Roca, era avvenuto gi\u00e0 nel 2008 quando fu effettuato lo scavo antropologico di circa venti tombe di et\u00e0 messapica, sotto la responsabilit\u00e0 della dottoressa\u00a0Serena Viva. Il sito continua a essere analizzato su concessione del Ministero per i Beni e le Attivit\u00e0 Culturali e per il Turismo, sotto la direzione del professor\u00a0Riccardo Guglielmino, docente di Civilt\u00e0 egee a UniSalento.<\/p>\n<p>Nel 2008, dopo la rituale documentazione scientifica del ritrovamento, fu prelevato il corredo ma gli scheletri, per ragioni tecniche e meteorologiche, furono coperti con tessuto verde frangisole, la tomba riempita di terra e i tre lastroni di copertura riposizionati. Alla riapertura, pochi giorni fa, le condizioni di conservazione erano perfette, e si \u00e8 proceduto dunque al recupero delle ossa. Da un\u2019analisi antropologica preliminare, l\u2019individuo adulto \u00e8 di sesso maschile, et\u00e0 alla morte 35-40 anni, l\u2019altro scheletro \u00e8 di un bambino di circa 6 anni.<\/p>\n<p>Spiega il professor\u00a0Pier Francesco Fabbri, docente di Antropologia fisica nel corso di laurea magistrale in Archeologia a UniSalento, che dirige lo scavo antropologico: \u00ab<em>Studiare questo caso sar\u00e0 interessante, visto che \u00e8 piuttosto raro trovare due individui sepolti contemporaneamente. Si tratter\u00e0 di sottoporre gli scheletri ad analisi antropologiche approfondite e ad analisi radiologiche per conoscere con certezza l\u2019et\u00e0 di morte. Attraverso l\u2019analisi del DNA potremmo inoltre stabilire se lo scheletro pi\u00f9 piccolo apparteneva a un bambino o a una bambina, cosa che dall\u2019analisi osteologica non \u00e8 possibile accertare. Diversi nostri studenti sono coinvolti sia nello scavo della necropoli medievale di Roca sia in particolare in quello di questa tomba messapica, e vari aspetti del ritrovamento diverranno oggetto di tesi di laurea<\/em>\u00bb.<\/p>\n<p>&nbsp;<\/p>\n<fb:like href='https:\/\/www.leccecronaca.it\/index.php\/2019\/10\/08\/docenti-ricercatori-e-studenti-dell-unisalento-alla-scoperta-dellinsediamento-messapico-di-roca\/' send='true' layout='button_count' show_faces='true' width='450' height='65' action='recommend' colorscheme='light' font='lucida grande'><\/fb:like><span class=\"fb_share\"><fb:like href=\"https:\/\/www.leccecronaca.it\/index.php\/2019\/10\/08\/docenti-ricercatori-e-studenti-dell-unisalento-alla-scoperta-dellinsediamento-messapico-di-roca\/\" layout=\"button_count\"><\/fb:like><\/span>","protected":false},"excerpt":{"rendered":"<p>(l.d.v.)______Saranno studiati dai ricercatori del\u00a0Laboratorio di Antropologia Fisica dell\u2019Universit\u00e0 del Salento\u00a0gli scheletri riportati alla luce il mese scorso nel sito archeologico di Roca nei pressi della Grotta della Poesia: si tratta dei resti di un adulto e di un bambino (nella foto) sepolti simultaneamente intorno alla met\u00e0 del V secolo avanti Cristo, datazione possibile grazie [&hellip;]<\/p>\n","protected":false},"author":4,"featured_media":159395,"comment_status":"open","ping_status":"closed","sticky":false,"template":"","format":"standard","meta":[],"categories":[69,31],"tags":[],"_links":{"self":[{"href":"https:\/\/www.leccecronaca.it\/index.php\/wp-json\/wp\/v2\/posts\/159394"}],"collection":[{"href":"https:\/\/www.leccecronaca.it\/index.php\/wp-json\/wp\/v2\/posts"}],"about":[{"href":"https:\/\/www.leccecronaca.it\/index.php\/wp-json\/wp\/v2\/types\/post"}],"author":[{"embeddable":true,"href":"https:\/\/www.leccecronaca.it\/index.php\/wp-json\/wp\/v2\/users\/4"}],"replies":[{"embeddable":true,"href":"https:\/\/www.leccecronaca.it\/index.php\/wp-json\/wp\/v2\/comments?post=159394"}],"version-history":[{"count":1,"href":"https:\/\/www.leccecronaca.it\/index.php\/wp-json\/wp\/v2\/posts\/159394\/revisions"}],"predecessor-version":[{"id":159396,"href":"https:\/\/www.leccecronaca.it\/index.php\/wp-json\/wp\/v2\/posts\/159394\/revisions\/159396"}],"wp:featuredmedia":[{"embeddable":true,"href":"https:\/\/www.leccecronaca.it\/index.php\/wp-json\/wp\/v2\/media\/159395"}],"wp:attachment":[{"href":"https:\/\/www.leccecronaca.it\/index.php\/wp-json\/wp\/v2\/media?parent=159394"}],"wp:term":[{"taxonomy":"category","embeddable":true,"href":"https:\/\/www.leccecronaca.it\/index.php\/wp-json\/wp\/v2\/categories?post=159394"},{"taxonomy":"post_tag","embeddable":true,"href":"https:\/\/www.leccecronaca.it\/index.php\/wp-json\/wp\/v2\/tags?post=159394"}],"curies":[{"name":"wp","href":"https:\/\/api.w.org\/{rel}","templated":true}]}}