{"id":159403,"date":"2019-10-08T15:12:24","date_gmt":"2019-10-08T13:12:24","guid":{"rendered":"http:\/\/www.leccecronaca.it\/?p=159403"},"modified":"2019-10-08T15:12:24","modified_gmt":"2019-10-08T13:12:24","slug":"chi-gestisce-i-centri-per-anziani-a-lecce","status":"publish","type":"post","link":"https:\/\/www.leccecronaca.it\/index.php\/2019\/10\/08\/chi-gestisce-i-centri-per-anziani-a-lecce\/","title":{"rendered":"&#8216;CHI GESTISCE I CENTRI PER ANZIANI A LECCE?&#8217;"},"content":{"rendered":"<p><img decoding=\"async\" loading=\"lazy\" class=\"alignnone size-full wp-image-159405\" src=\"https:\/\/www.leccecronaca.it\/wordpress\/wp-content\/uploads\/2019\/10\/7538819046_b073698e75_b.jpg\" alt=\"\" width=\"374\" height=\"250\" srcset=\"https:\/\/www.leccecronaca.it\/wordpress\/wp-content\/uploads\/2019\/10\/7538819046_b073698e75_b.jpg 374w, https:\/\/www.leccecronaca.it\/wordpress\/wp-content\/uploads\/2019\/10\/7538819046_b073698e75_b-300x201.jpg 300w\" sizes=\"(max-width: 374px) 100vw, 374px\" \/>Riceviamo e volentieri pubblichiamo. Il consigliere comunale del Movimento 5 Stelle Arturo Baglivo ci manda il seguente comunicato______ Per mia personale forma mentis guardo sempre con attenzione a quella che \u00e8 la realt\u00e0 leccese nel sociale ed in particolare l&#8217;offerta per le persone anziane.<\/p>\n<p>Lecce ha diversi centri sociali dedicati appositamente alla terza et\u00e0, i pi\u00f9 grandi al quartiere stadio e a Santa Rosa ma, disseminati in citt\u00e0, ve ne sono di pi\u00f9 piccoli e tutti, sulla carta, funzionanti, ricchi di iniziative culturali, balli al sabato e alla domenica, ginnastica dolce.<br \/>\nSulla carta appunto perch\u00e8 quando\u00a0si cerca di capire come vongono gestiti questi centri non si trovano adeguate risposte.<\/p>\n<p>&nbsp;<\/p>\n<p>Durante i lavori della 5a commissione ho chiesto di conoscere se esista un regolamento attuale che disciplini l&#8217;utilizzo di questi importanti contenitori e come le associazioni culturali e sportive possano interagire con essi, accedere agli spazi e stimolare la partecipazione degli anziani. Ed anche il ruolo della nostra partecipata comunale, la Lupiae servizi.<\/p>\n<p>&nbsp;<\/p>\n<p>Lupiae Servizi si limita alla sola logistica con i servizi di pulizia e guardiania o di fatto gestisce questi centri? O chi per lei lo fa? Chi gestisce i centri sociali per gli anziani e se lo fa con quale programmazione?<br \/>\nLupiae servizi entra anche nella programmazione delle attivit\u00e0? Perch\u00e8 alcuni dipendenti della Lupiae servizi svolgono il servizio di accompagnamento durante le gite e le cure termali degli anziani organizzate dal comune?<\/p>\n<p>&nbsp;<\/p>\n<p>Tutto quello che attiene alle attivit\u00e0 della Lupiae Servizi non potrebbe essere oggetto di bando pubblico per consentire magari a cooperative sociali o associazioni che operano nel sociale di subentrare alla Lupiae e magari destinare i dipendenti della Lupiae ad altre attivit\u00e0 cittadine?<\/p>\n<p>&nbsp;<\/p>\n<p>Mi chiedo se esistano comitati di anziani che sono in grado di gestire e proporre le attivit\u00e0 dei centri e mi piacerebbe saper a chi \u00e8 demandato il controllo sui locali: se sono adeguati, se sono igienicamente all&#8217;altezza, chi segnala gli eventuali malfunzionamenti o rotture e soprattutto mi piacerebbe conoscere l&#8217;eventuale programmazione delle attivit\u00e0 all&#8217;interno di essi. Sono stati ascoltati i fruitori di quei centri? le loro necessit\u00e0 e le loro aspettative? le loro piccole richieste?<br \/>\nMi auguro che tutte queste domande non restino senza risposta anzi so che le avremo ben conoscendo la sensibilit\u00e0 dell&#8217;Assessora\u00a0Silvia Miglietta. e poi lo voglio sapere anche perch\u00e9&#8230; la terza et\u00e0 avanza&#8230;<\/p>\n<fb:like href='https:\/\/www.leccecronaca.it\/index.php\/2019\/10\/08\/chi-gestisce-i-centri-per-anziani-a-lecce\/' send='true' layout='button_count' show_faces='true' width='450' height='65' action='recommend' colorscheme='light' font='lucida grande'><\/fb:like><span class=\"fb_share\"><fb:like href=\"https:\/\/www.leccecronaca.it\/index.php\/2019\/10\/08\/chi-gestisce-i-centri-per-anziani-a-lecce\/\" layout=\"button_count\"><\/fb:like><\/span>","protected":false},"excerpt":{"rendered":"<p>Riceviamo e volentieri pubblichiamo. Il consigliere comunale del Movimento 5 Stelle Arturo Baglivo ci manda il seguente comunicato______ Per mia personale forma mentis guardo sempre con attenzione a quella che \u00e8 la realt\u00e0 leccese nel sociale ed in particolare l&#8217;offerta per le persone anziane. Lecce ha diversi centri sociali dedicati appositamente alla terza et\u00e0, i [&hellip;]<\/p>\n","protected":false},"author":4,"featured_media":159405,"comment_status":"open","ping_status":"closed","sticky":false,"template":"","format":"standard","meta":[],"categories":[69,76,36],"tags":[],"_links":{"self":[{"href":"https:\/\/www.leccecronaca.it\/index.php\/wp-json\/wp\/v2\/posts\/159403"}],"collection":[{"href":"https:\/\/www.leccecronaca.it\/index.php\/wp-json\/wp\/v2\/posts"}],"about":[{"href":"https:\/\/www.leccecronaca.it\/index.php\/wp-json\/wp\/v2\/types\/post"}],"author":[{"embeddable":true,"href":"https:\/\/www.leccecronaca.it\/index.php\/wp-json\/wp\/v2\/users\/4"}],"replies":[{"embeddable":true,"href":"https:\/\/www.leccecronaca.it\/index.php\/wp-json\/wp\/v2\/comments?post=159403"}],"version-history":[{"count":1,"href":"https:\/\/www.leccecronaca.it\/index.php\/wp-json\/wp\/v2\/posts\/159403\/revisions"}],"predecessor-version":[{"id":159406,"href":"https:\/\/www.leccecronaca.it\/index.php\/wp-json\/wp\/v2\/posts\/159403\/revisions\/159406"}],"wp:featuredmedia":[{"embeddable":true,"href":"https:\/\/www.leccecronaca.it\/index.php\/wp-json\/wp\/v2\/media\/159405"}],"wp:attachment":[{"href":"https:\/\/www.leccecronaca.it\/index.php\/wp-json\/wp\/v2\/media?parent=159403"}],"wp:term":[{"taxonomy":"category","embeddable":true,"href":"https:\/\/www.leccecronaca.it\/index.php\/wp-json\/wp\/v2\/categories?post=159403"},{"taxonomy":"post_tag","embeddable":true,"href":"https:\/\/www.leccecronaca.it\/index.php\/wp-json\/wp\/v2\/tags?post=159403"}],"curies":[{"name":"wp","href":"https:\/\/api.w.org\/{rel}","templated":true}]}}